{"id":108775,"date":"2025-05-24T08:04:07","date_gmt":"2025-05-24T06:04:07","guid":{"rendered":"https:\/\/www.vorspeisenplatte.de\/speisen\/?p=108775"},"modified":"2025-05-24T08:13:54","modified_gmt":"2025-05-24T06:13:54","slug":"journal-freitag-23-mai-2025-voller-freitag-vor-urlaub","status":"publish","type":"post","link":"https:\/\/www.vorspeisenplatte.de\/speisen\/2025\/05\/journal-freitag-23-mai-2025-voller-freitag-vor-urlaub.htm","title":{"rendered":"Journal Freitag, 23. Mai 2025 &#8211; Voller Freitag vor Urlaub"},"content":{"rendered":"<p>Immer noch Grundgestresstheit, gef\u00fchlt brachte ich das alles (ALLES) nicht mehr unter vor Abreise nach Berlin am Samstag.<\/p>\n<p>Ausgesprochen k\u00fchler Marsch in die Arbeit, aber ich sah ein wenig Sonne.<\/p>\n<p><a href=\"https:\/\/www.vorspeisenplatte.de\/speisen\/archiv\/250523_04_KaiserMaximilianPl.jpg\"><img loading=\"lazy\" decoding=\"async\" src=\"https:\/\/www.vorspeisenplatte.de\/speisen\/archiv\/250523_04_KaiserMaximilianPl.jpg\" alt=\"Pr\u00e4chtige Gr\u00fcnderzeitvilla mit B\u00e4umen vor knallblauem Himmel hinter breiter Stra\u00dfe\" width=\"439\" height=\"497\" class=\"alignnone size-full wp-image-108799\" \/><\/a><\/p>\n<p><a href=\"https:\/\/www.vorspeisenplatte.de\/speisen\/archiv\/250523_05_Theresienwiese.jpg\"><img loading=\"lazy\" decoding=\"async\" src=\"https:\/\/www.vorspeisenplatte.de\/speisen\/archiv\/250523_05_Theresienwiese.jpg\" alt=\"Sonnenbeschienene Schotterfl\u00e4che, ges\u00e4umt von B\u00e4umen, links ein Container mit Graffiti, im Hintergrund rechts ein gro\u00dfes altes Kirchengeb\u00e4ude\" width=\"598\" height=\"387\" class=\"alignnone size-full \" \/><\/a><\/p>\n<p>Die Theresienwiese wird mal wieder aufgerissen, seit Ende Fr\u00fchlingsfest: Gro\u00dfe St\u00fccke Asphalt werden abgenommen (ich lernte eine beeindruckende Asphalt-Wegfr\u00e4s-Aufschl\u00fcrf-mit-Transportband-in-Beh\u00e4lter-bring-Maschine kennen), Gr\u00e4ben gegraben, Leitungen verlegt. Unter der Theresienwiese steckt ja die Infrastruktur f\u00fcrs Oktoberfest.<\/p>\n<p>Organisiertes Abarbeiten am Schreibtisch. Mittagscappuccino im Westend, es war immer noch Janker-kalt. Danach wieder ein Regenduscher, aber nichts Nachhaltiges.<\/p>\n<p>Zu Mittag gab es Apfel und Linsensalat vom Vorabend. \u00dcber den Rest des Arbeitstags konnte ich gut aufr\u00e4umen, meine drei echten Abwesenheitstage (dann Feiertag, dann St. Br\u00fcck) n\u00e4chste Woche sollten wirklich keine L\u00fccke rei\u00dfen.<\/p>\n<p>Mein re:publica-Programm war jetzt fertig zusammengestellt. Falls Sie interessiert, wie das aussieht: <a href=\"https:\/\/docs.google.com\/document\/d\/1Wux6t9m-BW1g2jfP9f2tlHosaiKX53GI3PiUJwHUbxw\/edit?usp=sharing\" target=\"_blank\">Ich habe es auch auf Google Docs gestellt<\/a> (<i>don&#8217;t @ me<\/i>, ich bin noch nicht so weit, Google ganz aufzugeben &#8211; am einfachsten macht es mir ausgerechnet die immer weniger brauchbare Such-Funktion). Dass sich wieder in manchen Slots bis zu sechs Programmpunkte ballen, die mich interessieren, dann eine Stunde lang gar nichts, nehme ich schon lang gelassen.<\/p>\n<p><a href=\"https:\/\/www.vorspeisenplatte.de\/speisen\/archiv\/250523_11_republicaProgramm.jpg\"><img loading=\"lazy\" decoding=\"async\" src=\"https:\/\/www.vorspeisenplatte.de\/speisen\/archiv\/250523_11_republicaProgramm.jpg\" alt=\"Drei querformatige Bl\u00e4tter, Text in Tabellenform, aufgef\u00e4chert auf dunkler Tischplatte\" width=\"484\" height=\"330\" class=\"alignnone size-full wp-image-108801\" \/><\/a><\/p>\n<p>Ich bin halt Generation A4, auf Papier oder Laptop-Bildschirm, auch wenn ich \u00fcbe, mich auf den Handy-Bildschirm umzugew\u00f6hnen.<\/p>\n<p>Nach Feierabend nahm ich eine U-Bahn zum Odeonsplatz: Ich nutzte die letzte Gelegenheit, meine Theaterabo-Vorstellung n\u00e4chsten Mittwoch umzubuchen. Das klappte, ich bekomme <a href=\"https:\/\/www.muenchner-kammerspiele.de\/de\/programm\/32919-mephisto\" target=\"_blank\"><i>Mephisto<\/i><\/a> doch noch zu sehen.<\/p>\n<p>Auf dem Heimweg durch die gesch\u00e4ftige Fu\u00dfg\u00e4ngerzone Erdbeeren zum Naschtisch gekauft. Zu Hause Blumengie\u00dfen (\u00dcbergabe an Herrn Kaltmamsell), W\u00e4scheverr\u00e4umen, Yoga-Gymnastik, Pulliflicken, Erdbeerenschnippeln &#8211; dann war wirklich Feierabend.<\/p>\n<p><a href=\"https:\/\/www.vorspeisenplatte.de\/speisen\/archiv\/250523_16_Erdbeeren.jpg\"><img loading=\"lazy\" decoding=\"async\" src=\"https:\/\/www.vorspeisenplatte.de\/speisen\/archiv\/250523_16_Erdbeeren.jpg\" alt=\"Eine weite blaue Sch\u00fcssel, darin kleingeschnittene Erdbeeren, auf den Rand der Sch\u00fcssel ist rot geschrieben &quot;Eine Rose ist eine Rose ist eine Rose&quot;\" width=\"444\" height=\"333\" class=\"alignnone size-full wp-image-108802\" \/><\/a><\/p>\n<p>Antritt des saisonalen Geschirrs.<\/p>\n<p><a href=\"https:\/\/www.vorspeisenplatte.de\/speisen\/archiv\/250523_20_Kuechenbalkon.jpg\"><img loading=\"lazy\" decoding=\"async\" src=\"https:\/\/www.vorspeisenplatte.de\/speisen\/archiv\/250523_20_Kuechenbalkon.jpg\" alt=\"Auf einem Holztisch stehen zwei gef\u00fcllte Wei\u00dfweingl\u00e4ser, rechts dabene eine B\u00fcgelverschlussflasche mit der Aufschrift &quot;Vin d&#039;orange 2025&quot; und eine Proseccoflasche, dahinter sitzt ein Mann mit Brille und dunklem Sweatshirt, hinter ihm \u00fcber die Balkonbr\u00fcstung sieht man schemenhaft Park-B\u00e4ume und einen modernen Kirchturm\" width=\"393\" height=\"514\" class=\"alignnone size-full wp-image-108803\" \/><\/a><\/p>\n<p>Aperitif-Foto auf dem (sauberen!) K\u00fcchenbalkon: Herr Kaltmamsell hatte eine Flasche selbst angesetzten Vin d&#8217;orange geschenkt bekommen, den gossen wir mit Prosecco auf &#8211; schmeckte hervorragend herb und aromatisch.<\/p>\n<p><a href=\"https:\/\/www.vorspeisenplatte.de\/speisen\/archiv\/250523_22_Nachtmahl.jpg\"><img loading=\"lazy\" decoding=\"async\" src=\"https:\/\/www.vorspeisenplatte.de\/speisen\/archiv\/250523_22_Nachtmahl.jpg\" alt=\"Gedeckter Tisch, in der Mitte eine weite Kasserolle mit einer dunklen Mischung aus kleinen Nudeln und kleinen Fleischst\u00fccken, davor und dahinter gef\u00fcllte tiefe Teller, rechts daneben eine Weinflasche und gef\u00fcllte Rotweingl\u00e4ser\" width=\"363\" height=\"476\" class=\"alignnone size-full wp-image-108804\" \/><\/a><\/p>\n<p>Nachtmahl wie bestellt Giouvetsi. Schmeckte sehr gut, h\u00e4tte f\u00fcr mich vielleicht etwas mehr Sauce vertragen. Dazu thrakischer Rotwein (mei, bei &#8220;thrakisch&#8221; habe ich halt sofort einen Gladiator mit Fl\u00fcgelhelm vor Augen, Asterix schl\u00e4gt humanistische Bildung) &#8211; ich fand ihn durchaus interessant: Dieser Avdiros Vourvoukeli von 2019, <a href=\"https:\/\/www.ouzoland.de\/avdiros-rot-vourvoukeli-075l.html\" target=\"_blank\">so lernte ich<\/a>, ist das Ergebnis gemeinsamer Vinifizierung der \u00e4ltesten griechischen Sorte Limnio (50 %) mit rotem Syrah (30 %) und Pamidi (20 %). Ein runder trockener Roter, dessen 12 Monate im Holz nicht vorschmeckten, der \u00fcberraschend lang nachschmeckte.<\/p>\n<p>Nachtisch Erdbeeren mit Sahne, au\u00dferdem griechische Waffelr\u00f6llchen mit Tahinicreme gef\u00fcllt.<\/p>\n<p>Auf Phoenix lie\u00dfen wir eine Doku \u00fcber Kreuzritter laufen (<a href=\"https:\/\/www.zdf.de\/play\/dokus\/mythos-belagerung-kampf-um-akkon-konstantinopel-rhodos-malta-100\/mythos-belagerung-akkon-der-kampf-um-das-koenigreich-jerusalem-100?staffel=1\" target=\"_blank\">Belagerung von Akkon 12. Jahrhundert<\/a>), und ich dachte st\u00e4ndig: HATTEN DIE ECHT KEINE ANDEREN PROBLEME?! St\u00e4ndig kamen neue europ\u00e4ische Adels mit Truppen an, die es daheim echt sch\u00f6ner h\u00e4tten haben k\u00f6nnen!<\/p>\n<p>Eltern-Meldungen aus ihrem Asturien-Urlaub, sch\u00f6ne Fotos.<\/p>\n<p>Meine Kleidungspl\u00e4ne f\u00fcr die Berlin-Woche musste ich dann doch anpassen: Es sind zu niedrige Temperaturen vorgesagt f\u00fcr die meisten der sch\u00f6nen St\u00fccke, die ich ausf\u00fchren wollte. <img loading=\"lazy\" decoding=\"async\" src=\"https:\/\/vg05.met.vgwort.de\/na\/d4fa517b11884c4492b597046be989a4\" width=\"1\" height=\"1\" alt=\"\"\/><\/p>\n","protected":false},"excerpt":{"rendered":"<p>Immer noch Grundgestresstheit, gef\u00fchlt brachte ich das alles (ALLES) nicht mehr unter vor Abreise nach Berlin am Samstag. Ausgesprochen k\u00fchler Marsch in die Arbeit, aber ich sah ein wenig Sonne. Die Theresienwiese wird mal wieder aufgerissen, seit Ende Fr\u00fchlingsfest: Gro\u00dfe St\u00fccke Asphalt werden abgenommen (ich lernte eine beeindruckende Asphalt-Wegfr\u00e4s-Aufschl\u00fcrf-mit-Transportband-in-Beh\u00e4lter-bring-Maschine kennen), Gr\u00e4ben gegraben, Leitungen verlegt. Unter [&hellip;]<\/p>\n","protected":false},"author":2,"featured_media":0,"comment_status":"open","ping_status":"closed","sticky":false,"template":"","format":"standard","meta":{"footnotes":""},"categories":[6,2,1],"tags":[],"class_list":["post-108775","post","type-post","status-publish","format-standard","hentry","category-essen","category-fotos","category-general"],"_links":{"self":[{"href":"https:\/\/www.vorspeisenplatte.de\/speisen\/wp-json\/wp\/v2\/posts\/108775","targetHints":{"allow":["GET"]}}],"collection":[{"href":"https:\/\/www.vorspeisenplatte.de\/speisen\/wp-json\/wp\/v2\/posts"}],"about":[{"href":"https:\/\/www.vorspeisenplatte.de\/speisen\/wp-json\/wp\/v2\/types\/post"}],"author":[{"embeddable":true,"href":"https:\/\/www.vorspeisenplatte.de\/speisen\/wp-json\/wp\/v2\/users\/2"}],"replies":[{"embeddable":true,"href":"https:\/\/www.vorspeisenplatte.de\/speisen\/wp-json\/wp\/v2\/comments?post=108775"}],"version-history":[{"count":3,"href":"https:\/\/www.vorspeisenplatte.de\/speisen\/wp-json\/wp\/v2\/posts\/108775\/revisions"}],"predecessor-version":[{"id":108809,"href":"https:\/\/www.vorspeisenplatte.de\/speisen\/wp-json\/wp\/v2\/posts\/108775\/revisions\/108809"}],"wp:attachment":[{"href":"https:\/\/www.vorspeisenplatte.de\/speisen\/wp-json\/wp\/v2\/media?parent=108775"}],"wp:term":[{"taxonomy":"category","embeddable":true,"href":"https:\/\/www.vorspeisenplatte.de\/speisen\/wp-json\/wp\/v2\/categories?post=108775"},{"taxonomy":"post_tag","embeddable":true,"href":"https:\/\/www.vorspeisenplatte.de\/speisen\/wp-json\/wp\/v2\/tags?post=108775"}],"curies":[{"name":"wp","href":"https:\/\/api.w.org\/{rel}","templated":true}]}}