{"id":108810,"date":"2025-05-25T09:12:42","date_gmt":"2025-05-25T07:12:42","guid":{"rendered":"https:\/\/www.vorspeisenplatte.de\/speisen\/?p=108810"},"modified":"2025-05-25T09:12:42","modified_gmt":"2025-05-25T07:12:42","slug":"journal-samstag-24-mai-2025-berlin-tag-1-reise-in-den-fussball","status":"publish","type":"post","link":"https:\/\/www.vorspeisenplatte.de\/speisen\/2025\/05\/journal-samstag-24-mai-2025-berlin-tag-1-reise-in-den-fussball.htm","title":{"rendered":"Journal Samstag, 24. Mai 2025 &#8211; Berlin Tag 1: Reise in den Fu\u00dfball"},"content":{"rendered":"<p>Mittelguter Schlaf, es begann ein Reisetag mit mittelgutem Funktionieren.<\/p>\n<p>Erstmal steckte die Zeitung im Briefkasten und ich hatte keinen Zugriff auf die Digitalausgabe: Meine Urlaubsabbestellung hatte nicht geklappt. (Ich checkte die schriftliche Best\u00e4tigung: Doch, ich hatte die richtigen Daten angegeben.)<\/p>\n<p><a href=\"https:\/\/www.vorspeisenplatte.de\/speisen\/archiv\/250524_01_Goethestr.jpg\"><img loading=\"lazy\" decoding=\"async\" src=\"https:\/\/www.vorspeisenplatte.de\/speisen\/archiv\/250524_01_Goethestr.jpg\" alt=\"Gehweg einer Ladenzeile links, von hinten sieht man eine Persin in schwarzen engen Hosen und schwarzen Stiefeln mit Absatz, die um die Schultern einen d\u00fcnnen Plastikumhang tr\u00e4gt, in den Haaren unz\u00e4hlige kleine Alufetzen\" width=\"476\" height=\"509\" class=\"alignnone size-full wp-image-108823\" \/><\/a><\/p>\n<p>Ich liebe den Anblick von Frauen vor Friseursalons mit F\u00e4rbe-Alu im Haar, meist ja eher auf Sitzgelegenheiten und mit Getr\u00e4nk und\/oder Zigarette in der Hand.<\/p>\n<p>Gut funktionierte die p\u00fcnktliche Abfahrt des Zugs am sp\u00e4ten Vormittag (Zugbindung schon vor Wochen aufgehoben, da die Fahrt eine halbe Stunde l\u00e4nger als gebucht dauern w\u00fcrde, machte mir ohne Umstieg nichts aus). Doch sie begann in Gesellschaft eines M\u00e4nnergesangvereins, der die Weise \u201eMir holn de Pokal\u201c intoniert, dabei alle Vokale als O aussprach. Ich musste f\u00fcr meine komplette Fu\u00dfball-Ignoranz b\u00fc\u00dfen, denn Nachfrage auf Mastodon ergab: Ja, die Herren w\u00fcrden mich sehr wohl bis Berlin begleiten, dort fand gestern ein sogenanntes &#8220;Pokalfinale&#8221; zweier deutscher M\u00e4nnerfu\u00dfballvereinsmannschaften statt. Eine kundige re:publica-Teilnehmerin w\u00fcrde genau deswegen erst am Sonntag anreisen.<\/p>\n<p>Dann wieder: Umwerfend charmantes Personal im Bordbistro, das die Fu\u00dfballfans mit deutlich schw\u00e4bischem Zungenschlag sowie deren Bierdurst gut im Griff hatte und mir in meinen Mittagscappuccino zum Ausgleich einen Extra-Shot spendierte. Mir fiel auf, dass die Fu\u00dfballfans in Kleingruppen \u00fcber viele Wagen verteilt waren: Das bremste Massendynamik, und unterm Strich waren sie auch nicht schlimm, sangen oder l\u00e4rmten nur punktuell, waren lediglich beim Durchgehen zum Klo ein unverr\u00fcckbares Hindernis mit Biertragl\/Brotzeittaschen im Gang, \u00fcber die ich halt kletterte.<\/p>\n<p>Als Brotzeit gab es um zwei einen Apfel von daheim und ein Antipasti-Sandwich, das ich am M\u00fcnchner Bahngleisende beim Rischart gekauft hatte &#8211; sehr gl\u00fccklich, dass dieser Liebling (gebratenes Sommergem\u00fcse als Brotbelag!) nach langer Pause wieder im Sortiment war.<\/p>\n<p>Eine Zugfahrt durch Robinienbl\u00fcte, zwischen Bitterfeld und Berlin gar durch bl\u00fchende Robinienw\u00e4lder, am Himmel wechselten Sonne und Wolken.<\/p>\n<p>Von Berlin Hauptbahnhof U-Bahn zum Alexanderplatz &#8211; wo die G\u00f6ttinnen des Fu\u00dfballs mir mein konsequentes Wegschauen so richtig in die Fresse hauten: Der Platz stand voller Menschen in blauen Leibchen, die das Fu\u00dfballspiel ihrer Mannschaft wohl auf den vielen Leinw\u00e4nden angucken wollten, ich kam mit meinem gro\u00dfen Koffer nur langsam und schwierig durch. Und mein Hotel war komplett geflutet von Menschen in dieser Kleidung und laut Rezeption ausgebucht.<\/p>\n<p>Rezeption, denn mein Self Check-in hatte nicht funktioniert. Ich hatte das Check-in-Formular am Vortag online ausgef\u00fcllt (weil mich eine E-Mail darum bat, aber gerne!), doch im Hotel forderte der Check-in-Bildschirm nochmal den bereits gezahlten Betrag f\u00fcr sechs N\u00e4chte und akzeptierte meine Bankkarte nicht. Die menschliche Angestellte war aber sehr freundlich (und gestand, dass der Maschinen-Check-in eigentlich nicht funktionierte).<\/p>\n<p><a href=\"https:\/\/www.vorspeisenplatte.de\/speisen\/archiv\/250524_04_Hotelblick.jpg\"><img loading=\"lazy\" decoding=\"async\" src=\"https:\/\/www.vorspeisenplatte.de\/speisen\/archiv\/250524_04_Hotelblick.jpg\" alt=\"Sehr erh\u00f6hter Blick auf eine Gro\u00dfstadt, erkennbar eher unscheinbare Geb\u00e4ude, im Vordergrund breite Stra\u00dfen, der Himmel dar\u00fcber voller Wolken\" width=\"610\" height=\"455\" class=\"alignnone size-full \" \/><\/a><\/p>\n<p>Zimmer mit der erhofften Aussicht (Alexanderplatz auf der R\u00fcckseite).<\/p>\n<p>Erstmal ging ich auf Lebensmitteleink\u00e4ufe zu einem nahen Supermarkt, schlug einen gro\u00dfen Bogen um die wogende blaue Masse Fu\u00dfballfans. Dann ging ich gleich nochmal los (Treppensteigen leider nicht m\u00f6glich, da die Treppen nur als Fluchtweg nach unten gedacht sind und sich die T\u00fcren vom Treppenhaus aus nicht in die oberen Stockwerke \u00f6ffnen lassen &#8211; klar habe ich das getestet, als ich Treppentraining witterte): Ich sehnte mich nach Bewegung und spazierte durch Berlin Mitte, wo ich schon lang nicht mehr unterwegs gewesen war.<\/p>\n<p><a href=\"https:\/\/www.vorspeisenplatte.de\/speisen\/archiv\/250524_06_Dom.jpg\"><img loading=\"lazy\" decoding=\"async\" src=\"https:\/\/www.vorspeisenplatte.de\/speisen\/archiv\/250524_06_Dom.jpg\" alt=\"Vor blauem Himmel ein pr\u00e4chtiger sakraler Gr\u00fcnderzeitbau, im Vordergrund st\u00e4dtischer Fluss mit Besichtigungsschiff\" width=\"605\" height=\"454\" class=\"alignnone size-full \" \/><\/a><\/p>\n<p>Aus vielen Gegenden, die ich nur als Baustelle kannte, waren Geb\u00e4ude geworden, ich musste mal wieder von besonders gemochten Aspekten meines inneren Berlin-Bilds Abschied nehmen. Und voller Menschen war es nat\u00fcrlich, an einem Samstag in der Hauptreisesaison kommt man hier auf den Wegen nicht schneller voran als in der M\u00fcnchner Innenstadt.<\/p>\n<p>Zur\u00fcck im Hotel freute ich mich \u00fcber die mitgebrachte Yoga-Ausstattung.<\/p>\n<p><a href=\"https:\/\/www.vorspeisenplatte.de\/speisen\/archiv\/250524_07_Hotelzimmer.jpg\"><img loading=\"lazy\" decoding=\"async\" src=\"https:\/\/www.vorspeisenplatte.de\/speisen\/archiv\/250524_07_Hotelzimmer.jpg\" alt=\"Kleines Hotelzimmer mit links Einzelbett, rechts an der Wand einem schmalen Schreibtisch, dazwischen auf Laminatboden einer Yoga-Matte, gegen\u00fcber Fenster\" width=\"363\" height=\"476\" class=\"alignnone size-full wp-image-108826\" \/><\/a><\/p>\n<p>Ja, das Zimmer ist klein. Aber wo sich eine Yoga-Matte ausfalten l\u00e4sst, ist doch nicht <i>zu<\/i> klein? (Mal sehen, ob ich das Angebot der Rezeption annehme, f\u00fcr die weiteren f\u00fcnf \u00dcbernachtungen in ein Doppelbettzimmer umzuziehen, f\u00fcr nur f\u00fcnf Euro mehr pro Nacht.) Ich turnte auch darauf, eine Dehn-Einheit. Mit den Armen seitlich ausholen h\u00e4tte ich allerdings nicht k\u00f6nnen.<\/p>\n<p>Als Abendessen gab es griechischen und spanischen K\u00e4se von daheim mit roter und gelber Paprika aus dem Supermarkt. Ich hatte lang vorher gewusst, dass ich am ersten Abend keine Lust auf Suche nach Einkehrm\u00f6glichkeit haben w\u00fcrde, und die w\u00e4re mir im Slalom um Fu\u00dfballfans eh vergangen. Nachtisch Schokolade. Irgendwie war ich davon ausgegangen, dass die Eigenmarken der Superm\u00e4rkte alle vom selben Hersteller kommen, doch die Rahm-Mandel-Schokolade von Kaufland schmeckte deutlich s\u00fc\u00dfer und weniger schmelzend als die von Aldi S\u00fcd &#8211; erstaunlich.<\/p>\n<p><a href=\"https:\/\/www.vorspeisenplatte.de\/speisen\/archiv\/250524_11_Hotelblick.jpg\"><img loading=\"lazy\" decoding=\"async\" src=\"https:\/\/www.vorspeisenplatte.de\/speisen\/archiv\/250524_11_Hotelblick.jpg\" alt=\"Sehr erh\u00f6hter Blick auf eine gro\u00dfe Gro\u00dfstadt-Stra\u00dfenkreuzung im letzten Abendlicht, umgeben von hohen, sachlichen Geb\u00e4uden\" width=\"645\" height=\"484\" class=\"alignnone size-full \" \/><\/a><\/p>\n<p>Ich h\u00e4tte gro\u00dfartige Fotos vom dramatischen Abendhimmel aufnehmen k\u00f6nnen, doch das Zimmerfenster spiegelte und lie\u00df sich nachvollziehbarereweise nicht ganz \u00f6ffnen.<\/p>\n<p>Im Bett (Zimmer so ruhig, dass ich kein Bed\u00fcrfnis nach Ohrst\u00f6pseln hatte) Lena Christs <i>Die Rumplhanni<\/i> ausgelesen, war in der zweiten H\u00e4lfte nochmal anders geworden (Hanni zieht nach M\u00fcnchen, viele interessante Alltagsdetails der Au vor hundert Jahren) und hatte mir gut gefallen.<\/p>\n<p>\u00a7<\/p>\n<p>Ein Artikel in der Wochenend-<i>S\u00fcddeutschen<\/i> geht <a href=\"https:\/\/www.vorspeisenplatte.de\/speisen\/2025\/04\/journal-montag-28-april-2025-recht-auf-familiengeschichte.htm\" target=\"_blank\">den Fragen nach, die ich mir k\u00fcrzlich so \u00e4hnlich gestellte hatte<\/a>: Wie gehen Eltern, die selbst als Kinder\/Jugendliche sehr Schlimmes erlebt haben, damit gegen\u00fcber ihren Kindern um? Hier wird eine Sorte besonders Schlimmes herausgegriffen: Sexuelle Gewalt. (\u20ac)<br \/>\n<a href=\"https:\/\/www.sueddeutsche.de\/leben\/missbrauch-eltern-kinder-praevention-li.3243187\" target=\"_blank\">&#8220;&#8216;Es passiert nicht einfach so'&#8221;.<\/a><\/p>\n<blockquote><p>Wer als Kind sexuelle Gewalt erlebt hat, f\u00fcrchtet sich oft vor der eigenen Elternschaft. Wird man Grenzen achten und den Nachwuchs sch\u00fctzen k\u00f6nnen &#8211; auch vor sich selbst?<\/p><\/blockquote>\n<p>Ausgangspunkt des Artikels ist <a href=\"https:\/\/www.aufarbeitungskommission.de\/mediathek\/elternschaft-nach-sexueller-gewalt-in-kindheit-und-jugend\/\" target=\"_blank\">eine systematische Untersuchung &#8220;Elternschaft nach sexueller Gewalt in Kindheit und Jugend&#8221;<\/a>.<\/p>\n<blockquote><p>\u201eViele Betroffene stellen sich grundlegende Fragen\u201c, erkl\u00e4rt P\u00e4dagoge Claas L\u00f6ppmann, der Teil des Forschungsbeirats der Studie war. Schon die Vorstellung, eigene Kinder zu bekommen, l\u00f6se teils gro\u00dfe Zweifel aus. \u201eKann ich mit meinen Erfahrungen \u00fcberhaupt ein guter Elternteil sein? Kann ich Verantwortung f\u00fcr einen anderen Menschen \u00fcbernehmen? Schaffe ich es mein Kind davor zu sch\u00fctzen, dass ihm \u00c4hnliches passiert wie mir?\u201c<\/p><\/blockquote>\n<p> <img loading=\"lazy\" decoding=\"async\" src=\"https:\/\/vg05.met.vgwort.de\/na\/507bbc8157da42bd88c4cfafa9b5f40a\" width=\"1\" height=\"1\" alt=\"\"\/><\/p>\n","protected":false},"excerpt":{"rendered":"<p>Mittelguter Schlaf, es begann ein Reisetag mit mittelgutem Funktionieren. Erstmal steckte die Zeitung im Briefkasten und ich hatte keinen Zugriff auf die Digitalausgabe: Meine Urlaubsabbestellung hatte nicht geklappt. (Ich checkte die schriftliche Best\u00e4tigung: Doch, ich hatte die richtigen Daten angegeben.) Ich liebe den Anblick von Frauen vor Friseursalons mit F\u00e4rbe-Alu im Haar, meist ja eher [&hellip;]<\/p>\n","protected":false},"author":2,"featured_media":0,"comment_status":"open","ping_status":"closed","sticky":false,"template":"","format":"standard","meta":{"footnotes":""},"categories":[3,6,2,1],"tags":[],"class_list":["post-108810","post","type-post","status-publish","format-standard","hentry","category-bucher","category-essen","category-fotos","category-general"],"_links":{"self":[{"href":"https:\/\/www.vorspeisenplatte.de\/speisen\/wp-json\/wp\/v2\/posts\/108810","targetHints":{"allow":["GET"]}}],"collection":[{"href":"https:\/\/www.vorspeisenplatte.de\/speisen\/wp-json\/wp\/v2\/posts"}],"about":[{"href":"https:\/\/www.vorspeisenplatte.de\/speisen\/wp-json\/wp\/v2\/types\/post"}],"author":[{"embeddable":true,"href":"https:\/\/www.vorspeisenplatte.de\/speisen\/wp-json\/wp\/v2\/users\/2"}],"replies":[{"embeddable":true,"href":"https:\/\/www.vorspeisenplatte.de\/speisen\/wp-json\/wp\/v2\/comments?post=108810"}],"version-history":[{"count":3,"href":"https:\/\/www.vorspeisenplatte.de\/speisen\/wp-json\/wp\/v2\/posts\/108810\/revisions"}],"predecessor-version":[{"id":108839,"href":"https:\/\/www.vorspeisenplatte.de\/speisen\/wp-json\/wp\/v2\/posts\/108810\/revisions\/108839"}],"wp:attachment":[{"href":"https:\/\/www.vorspeisenplatte.de\/speisen\/wp-json\/wp\/v2\/media?parent=108810"}],"wp:term":[{"taxonomy":"category","embeddable":true,"href":"https:\/\/www.vorspeisenplatte.de\/speisen\/wp-json\/wp\/v2\/categories?post=108810"},{"taxonomy":"post_tag","embeddable":true,"href":"https:\/\/www.vorspeisenplatte.de\/speisen\/wp-json\/wp\/v2\/tags?post=108810"}],"curies":[{"name":"wp","href":"https:\/\/api.w.org\/{rel}","templated":true}]}}