{"id":109188,"date":"2025-06-05T05:36:12","date_gmt":"2025-06-05T03:36:12","guid":{"rendered":"https:\/\/www.vorspeisenplatte.de\/speisen\/?p=109188"},"modified":"2025-06-05T05:36:12","modified_gmt":"2025-06-05T03:36:12","slug":"journal-mittwoch-4-juni-2025-aber-schoene-fuesse","status":"publish","type":"post","link":"https:\/\/www.vorspeisenplatte.de\/speisen\/2025\/06\/journal-mittwoch-4-juni-2025-aber-schoene-fuesse.htm","title":{"rendered":"Journal Mittwoch, 4. Juni 2025 &#8211; Aber sch\u00f6ne F\u00fc\u00dfe"},"content":{"rendered":"<p>Nacht mit vielen Tr\u00e4umen (unter anderem irgendeine Mischung aus &#8220;Bares f\u00fcr Rares&#8221; und &#8220;Kunst und Krempel&#8221;, der wertvolle antike Gegenstand hatte irgendwas mit Nasen zu tun), zu denen mein K\u00f6rper sich unbequeme Armhaltungen ausdachte: Einmal wachte ich auf dem R\u00fccken auf (ich werde \u00fcber die vergangenen Jahre immer deutlicher von der Seiten- zur R\u00fcckenschl\u00e4ferin &#8211; vielleicht Auswirkung der Physio-Erkl\u00e4rung in der Reha 2019, das sei mit sehr flachem oder gar keinem Kissen die LWS-freundlichste Schlafhaltung) mit H\u00e4nden hinterm Kopf, einmal mit den Unterarmen \u00fcberm Bauch.<\/p>\n<p>Ich wachte unwillig, aber zu blauem Himmel mit Sonnenschein auf, durchs offene Fenster kam milde Luft herein. Das passte mir gut, so konnte ich f\u00fcr den mitt\u00e4glichen Pedik\u00fcre-Termin frierfrei in Sandalen schl\u00fcpfen.<\/p>\n<p><a href=\"https:\/\/www.vorspeisenplatte.de\/speisen\/archiv\/250604_02_KaiserLudwigPlatz.jpg\"><img loading=\"lazy\" decoding=\"async\" src=\"https:\/\/www.vorspeisenplatte.de\/speisen\/archiv\/250604_02_KaiserLudwigPlatz.jpg\" alt=\"Sonniger Platz mit einer pr\u00e4chtigen Villa, davor B\u00e4ume\" width=\"551\" height=\"410\" class=\"alignnone size-full \" \/><\/a><\/p>\n<p>Bis zu diesem Termin war eine Menge zu tun, aber nichts Unangenehmes, und es dr\u00e4ngelte auch niemand.<\/p>\n<p>Mittagscappucino bei Nachbars, zu echter Mittagszeit marschierte ich ins \u00f6stliche Westend zu meiner Kosmetikerin. Es war sehr warm geworden, ich suchte den Schatten. Allerdings passierte, was mir immer beim ersten Laufen in offenen Schuhen der Saison passiert: Ich lief mir sogar in den rundum bequemen Sandalen eine kleine Blase.<\/p>\n<p><a href=\"https:\/\/www.vorspeisenplatte.de\/speisen\/archiv\/250604_07_Fuesse.jpg\"><img loading=\"lazy\" decoding=\"async\" src=\"https:\/\/www.vorspeisenplatte.de\/speisen\/archiv\/250604_07_Fuesse.jpg\" alt=\"Blick von oben auf nackte F\u00fc\u00dfe in wei\u00dfen Sandalen, die Zehenn\u00e4gel dunkelpink lackiert\" width=\"515\" height=\"325\" class=\"alignnone size-full wp-image-109202\" \/><\/a><\/p>\n<p>Eine Weile sp\u00e4ter marschierte ich mit sch\u00f6nen F\u00fc\u00dfen und lackierten Zehenn\u00e4geln zur\u00fcck, inklusive Wissen um den Namen des neuen Lack-Lieblings bereits vom letzten Mal &#8211; vielleicht komme ich ja doch noch ran und kann ihn auch daheim einsetzen.<\/p>\n<p>Mittagessen \u00fcber der Tastatur: Aprikosen, Quark mit Joghurt. <\/p>\n<p>Am Nachmittag ordentlich was weggearbeitet, noch keinerlei Anzeichen f\u00fcr die angek\u00fcndigten Umwetter.<\/p>\n<p>Auf dem direkten Heimweg ein paar Regentropfen, es war sehr schw\u00fcl. Zu Hause Yoga-Gymnastik und  H\u00e4uslichkeiten: Unter anderem den schon wieder mehltauigen Waldmeister im Topf vor seinem sicheren Tod abgeernetet und in vier B\u00fcndeln eingefroren, im Vorjahr hatte ich ja belegt, dass Einfrieren dieselbe Wirkung wie Welken hat und den Duft freisetzt.<\/p>\n<p><a href=\"https:\/\/www.vorspeisenplatte.de\/speisen\/archiv\/250604_14_Nachtmahl.jpg\"><img loading=\"lazy\" decoding=\"async\" src=\"https:\/\/www.vorspeisenplatte.de\/speisen\/archiv\/250604_14_Nachtmahl.jpg\" alt=\"Auf einem Holztisch eine weite Pfanne mit Mohnnudeln, dahinter auf einem Bastset ein Glasteller\" width=\"444\" height=\"333\" class=\"alignnone size-full wp-image-109203\" \/><\/a><\/p>\n<p>Zum Nachtmahl verwendete Herr Kaltmamsell Lagerkartoffeln aus Ernteanteil f\u00fcr k\u00f6stliche Mohnnudeln. Danach ging aber noch Schokolade.<\/p>\n<p>Jetzt gab es ein bisschen Hagel und Sturm, h\u00f6rte bald wieder auf.<\/p>\n<p>Fr\u00fch ins Bett zum Lesen, Chloe Dalton, <i>Raising Hare<\/i> beendet &#8211; dazu sp\u00e4ter mehr. <img loading=\"lazy\" decoding=\"async\" src=\"https:\/\/vg05.met.vgwort.de\/na\/b388caf0bcb2410dba79df858f04ebb3\" width=\"1\" height=\"1\" alt=\"\"\/><\/p>\n","protected":false},"excerpt":{"rendered":"<p>Nacht mit vielen Tr\u00e4umen (unter anderem irgendeine Mischung aus &#8220;Bares f\u00fcr Rares&#8221; und &#8220;Kunst und Krempel&#8221;, der wertvolle antike Gegenstand hatte irgendwas mit Nasen zu tun), zu denen mein K\u00f6rper sich unbequeme Armhaltungen ausdachte: Einmal wachte ich auf dem R\u00fccken auf (ich werde \u00fcber die vergangenen Jahre immer deutlicher von der Seiten- zur R\u00fcckenschl\u00e4ferin &#8211; [&hellip;]<\/p>\n","protected":false},"author":2,"featured_media":0,"comment_status":"open","ping_status":"closed","sticky":false,"template":"","format":"standard","meta":{"footnotes":""},"categories":[6,2,1],"tags":[],"class_list":["post-109188","post","type-post","status-publish","format-standard","hentry","category-essen","category-fotos","category-general"],"_links":{"self":[{"href":"https:\/\/www.vorspeisenplatte.de\/speisen\/wp-json\/wp\/v2\/posts\/109188","targetHints":{"allow":["GET"]}}],"collection":[{"href":"https:\/\/www.vorspeisenplatte.de\/speisen\/wp-json\/wp\/v2\/posts"}],"about":[{"href":"https:\/\/www.vorspeisenplatte.de\/speisen\/wp-json\/wp\/v2\/types\/post"}],"author":[{"embeddable":true,"href":"https:\/\/www.vorspeisenplatte.de\/speisen\/wp-json\/wp\/v2\/users\/2"}],"replies":[{"embeddable":true,"href":"https:\/\/www.vorspeisenplatte.de\/speisen\/wp-json\/wp\/v2\/comments?post=109188"}],"version-history":[{"count":3,"href":"https:\/\/www.vorspeisenplatte.de\/speisen\/wp-json\/wp\/v2\/posts\/109188\/revisions"}],"predecessor-version":[{"id":109213,"href":"https:\/\/www.vorspeisenplatte.de\/speisen\/wp-json\/wp\/v2\/posts\/109188\/revisions\/109213"}],"wp:attachment":[{"href":"https:\/\/www.vorspeisenplatte.de\/speisen\/wp-json\/wp\/v2\/media?parent=109188"}],"wp:term":[{"taxonomy":"category","embeddable":true,"href":"https:\/\/www.vorspeisenplatte.de\/speisen\/wp-json\/wp\/v2\/categories?post=109188"},{"taxonomy":"post_tag","embeddable":true,"href":"https:\/\/www.vorspeisenplatte.de\/speisen\/wp-json\/wp\/v2\/tags?post=109188"}],"curies":[{"name":"wp","href":"https:\/\/api.w.org\/{rel}","templated":true}]}}