{"id":109359,"date":"2025-06-10T06:29:28","date_gmt":"2025-06-10T04:29:28","guid":{"rendered":"https:\/\/www.vorspeisenplatte.de\/speisen\/?p=109359"},"modified":"2025-06-10T17:03:04","modified_gmt":"2025-06-10T15:03:04","slug":"journal-pfingstmontag-9-juni-2025-sonnenwanderung-kirchseeon-aying-auf-neuen-wegen","status":"publish","type":"post","link":"https:\/\/www.vorspeisenplatte.de\/speisen\/2025\/06\/journal-pfingstmontag-9-juni-2025-sonnenwanderung-kirchseeon-aying-auf-neuen-wegen.htm","title":{"rendered":"Journal Pfingstmontag, 9. Juni 2025 &#8211; Sonnenwanderung Kirchseeon-Aying auf neuen Wegen"},"content":{"rendered":"<p>Zu fr\u00fch aufgewacht, aber statt weiterzuschlafen beschlossen, dass mir das gelegen kam. Am sp\u00e4ten Vormittag wollte ich n\u00e4mlich mit Herrn Kaltmamsell zur verschobenen Pfingstwanderung aufbrechen, vorher war jetzt noch reichlich Zeit f\u00fcr Bloggen, Internetlesen, Yoga-Gymnastik.<\/p>\n<p>Drau\u00dfen war es zapfig kalt, wurde aber immer sonniger &#8211; wie angek\u00fcndigt und somit perfektes Wanderwetter. Herr Kaltmamsell hatte die vertraute Wanderung Kirchseeon nach Aying ausgew\u00e4hlt (allein schon durch das Ziel Aying mit herrlichem Biergarten und Brauerei attraktiv), daf\u00fcr allerdings eine bislang unbekannte Strecke gefunden und auf sein Handy geladen.<\/p>\n<p>Die Anreise nach Kirchseeon erforderte gestern Umsteigen: Bauarbeiten u.a. an der Stammstrecke. Also holte ich mir einen Mittagscappuccino auf die Hand im U-Bahnhof Sendlinger Tor (in Kirchseeon w\u00fcrde ich keinen bekommen), wir nahmen eine U-Bahn nach Trudering, von dort ging es mit der S-Bahn weiter.<\/p>\n<p>Die neue Route war interessant und verlief tats\u00e4chlich zu etwa der H\u00e4lfte auf bislang unbekannten Wegen. Das gefiel mir unter anderem wegen weniger Menschen zu Fu\u00df und auf Fahrr\u00e4dern, und dass wir daf\u00fcr immer wieder in un\u00fcbersichtlichem Gel\u00e4nde Matsch und Pf\u00fctzen umgehen mussten, beeintr\u00e4chtigte mein Gefallen nicht. Ich sorgte mich lediglich ein wenig um meine Haut: Zwar war ich sonnengecremt, doch wir gingen mehr in schattenloser Sonne, als ich vorhergesehen hatte.<\/p>\n<p>Auf den Feldern herrschte reger Betrieb: Gestern wurde viel Heu gemacht. Ich staunte \u00fcber die unterschiedlichen Gr\u00fcnt\u00f6ne auf den Feldern.<\/p>\n<p>Dreimal begegneten wir Reiterinnen auf jeweils sehr unterschiedlichen Pferden (mein Favorit war das \u00fcberschaubar gro\u00dfe Kaltblut mit Schlaghosen aus Haar). An den B\u00fcschen und Blumen verschiedenste Schmetterlinge und Libellen, auf dem Boden zweimal kleine Blindschleichen, am Himmel sahen wir Mauersegler, Milane, Bussarde, Falken. Doch ich sorgte mich \u00fcber das Fehlen von Schwalben: In \u00fcber f\u00fcnf Stunden durch landwirtschaftliche Gegend sahen wir nur zweimal welche, um die Kuhst\u00e4lle flogen und tschilpten statt dessen Spatzen. Die fehlenden Schwalben waren mir ja schon an der Isar aufgefallen, und jetzt erinnerte ich mich: <a href=\"https:\/\/www.sueddeutsche.de\/wissen\/schwalben-starkregen-artenschutz-extremwetter-tief-anett-lux.FH42jHUjmbXJe5ByZkj4r1\" target=\"_blank\" rel=\"noopener\">Die Starkregen im September 2024 hatten sie hier bei uns in gro\u00dfen Mengen niedergemacht.<\/a><\/p>\n<p>Zweimal setzte wir uns zu kurzen Pausen auf Bankerl, bei der ersten gab es nach knapp zwei Stunden zur Brotzeit Apfel und selbstgebackenes Brot.<\/p>\n<p><a href=\"https:\/\/www.vorspeisenplatte.de\/speisen\/archiv\/250609_05_Kirchseeon.jpg\"><img loading=\"lazy\" decoding=\"async\" class=\"alignnone size-full wp-image-109368\" src=\"https:\/\/www.vorspeisenplatte.de\/speisen\/archiv\/250609_05_Kirchseeon.jpg\" alt=\"\" width=\"423\" height=\"564\" \/><\/a><\/p>\n<p>Neuer Wanderstart hinter Kirchseeon.<\/p>\n<p><a href=\"https:\/\/www.vorspeisenplatte.de\/speisen\/archiv\/250609_11_Kirchseeon.jpg\"><img loading=\"lazy\" decoding=\"async\" class=\"alignnone size-full wp-image-109369\" src=\"https:\/\/www.vorspeisenplatte.de\/speisen\/archiv\/250609_11_Kirchseeon.jpg\" alt=\"\" width=\"423\" height=\"564\" \/><\/a><\/p>\n<p>Neuer Weg durch Langhaargras (es <i>sollte<\/i> so hei\u00dfen).<\/p>\n<p><a href=\"https:\/\/www.vorspeisenplatte.de\/speisen\/archiv\/250609_13_Kirchseeon.jpg\"><img loading=\"lazy\" decoding=\"async\" class=\"alignnone size-full wp-image-109370\" src=\"https:\/\/www.vorspeisenplatte.de\/speisen\/archiv\/250609_13_Kirchseeon.jpg\" alt=\"\" width=\"401\" height=\"549\" \/><\/a><\/p>\n<p><a href=\"https:\/\/www.vorspeisenplatte.de\/speisen\/archiv\/250609_14_Kirchseeon.jpg\"><img loading=\"lazy\" decoding=\"async\" class=\"alignnone size-full wp-image-109371\" src=\"https:\/\/www.vorspeisenplatte.de\/speisen\/archiv\/250609_14_Kirchseeon.jpg\" alt=\"\" width=\"317\" height=\"377\" \/><\/a><\/p>\n<p>Volksfr\u00f6mmigkeit I.<\/p>\n<p><a href=\"https:\/\/www.vorspeisenplatte.de\/speisen\/archiv\/250609_16_Deinhofen.jpg\"><img loading=\"lazy\" decoding=\"async\" class=\"alignnone size-full wp-image-109372\" src=\"https:\/\/www.vorspeisenplatte.de\/speisen\/archiv\/250609_16_Deinhofen.jpg\" alt=\"\" width=\"383\" height=\"547\" \/><\/a><\/p>\n<p>Volksfr\u00f6mmigkeit II (&#8220;Gott sei Dank is do a Bank&#8221;).<\/p>\n<p><a href=\"https:\/\/www.vorspeisenplatte.de\/speisen\/archiv\/250609_17_Deinhofen.jpg\"><img loading=\"lazy\" decoding=\"async\" class=\"alignnone size-full wp-image-109373\" src=\"https:\/\/www.vorspeisenplatte.de\/speisen\/archiv\/250609_17_Deinhofen.jpg\" alt=\"\" width=\"604\" height=\"444\" srcset=\"https:\/\/www.vorspeisenplatte.de\/speisen\/archiv\/250609_17_Deinhofen.jpg 604w, https:\/\/www.vorspeisenplatte.de\/speisen\/archiv\/250609_17_Deinhofen-600x441.jpg 600w\" sizes=\"auto, (max-width: 604px) 100vw, 604px\" \/><\/a><\/p>\n<p>(Erstes?) Heumachen.<\/p>\n<p><a href=\"https:\/\/www.vorspeisenplatte.de\/speisen\/archiv\/250609_21_Moosach.jpg\"><img loading=\"lazy\" decoding=\"async\" class=\"alignnone size-full wp-image-109374\" src=\"https:\/\/www.vorspeisenplatte.de\/speisen\/archiv\/250609_21_Moosach.jpg\" alt=\"\" width=\"454\" height=\"605\" srcset=\"https:\/\/www.vorspeisenplatte.de\/speisen\/archiv\/250609_21_Moosach.jpg 454w, https:\/\/www.vorspeisenplatte.de\/speisen\/archiv\/250609_21_Moosach-450x600.jpg 450w\" sizes=\"auto, (max-width: 454px) 100vw, 454px\" \/><\/a><\/p>\n<p>Doblbach.<\/p>\n<p><a href=\"https:\/\/www.vorspeisenplatte.de\/speisen\/archiv\/250609_23_MariaAltenburg.jpg\"><img loading=\"lazy\" decoding=\"async\" class=\"alignnone size-full wp-image-109375\" src=\"https:\/\/www.vorspeisenplatte.de\/speisen\/archiv\/250609_23_MariaAltenburg.jpg\" alt=\"\" width=\"423\" height=\"564\" \/><\/a><\/p>\n<p>Wallfahrtskirche Maria Altenburg, rechts unser Brotzeitbankerl.<\/p>\n<p><a href=\"https:\/\/www.vorspeisenplatte.de\/speisen\/archiv\/250609_25_MariaAltenburg.jpg\"><img loading=\"lazy\" decoding=\"async\" class=\"alignnone size-full wp-image-109376\" src=\"https:\/\/www.vorspeisenplatte.de\/speisen\/archiv\/250609_25_MariaAltenburg.jpg\" alt=\"\" width=\"366\" height=\"485\" \/><\/a><\/p>\n<p><a href=\"https:\/\/www.vorspeisenplatte.de\/speisen\/archiv\/250609_28a_Schlacht.jpg\"><img loading=\"lazy\" decoding=\"async\" class=\"alignnone size-full wp-image-109377\" src=\"https:\/\/www.vorspeisenplatte.de\/speisen\/archiv\/250609_28a_Schlacht.jpg\" alt=\"\" width=\"346\" height=\"461\" \/><\/a><\/p>\n<p>Flora bleibt im Gegensatz zu Fauna f\u00fcrs Foto angenehm ruhig.<\/p>\n<p><a href=\"https:\/\/www.vorspeisenplatte.de\/speisen\/archiv\/250609_31_Kastenseeon.jpg\"><img loading=\"lazy\" decoding=\"async\" class=\"alignnone size-full wp-image-109378\" src=\"https:\/\/www.vorspeisenplatte.de\/speisen\/archiv\/250609_31_Kastenseeon.jpg\" alt=\"\" width=\"607\" height=\"414\" srcset=\"https:\/\/www.vorspeisenplatte.de\/speisen\/archiv\/250609_31_Kastenseeon.jpg 607w, https:\/\/www.vorspeisenplatte.de\/speisen\/archiv\/250609_31_Kastenseeon-600x409.jpg 600w\" sizes=\"auto, (max-width: 607px) 100vw, 607px\" \/><\/a><\/p>\n<p>Besuch bei den Belties von Kastenseeon.<\/p>\n<p><a href=\"https:\/\/www.vorspeisenplatte.de\/speisen\/archiv\/250609_33a_Lindach.jpg\"><img loading=\"lazy\" decoding=\"async\" class=\"alignnone size-full wp-image-109379\" src=\"https:\/\/www.vorspeisenplatte.de\/speisen\/archiv\/250609_33a_Lindach.jpg\" alt=\"\" width=\"432\" height=\"576\" \/><\/a><\/p>\n<p>Abgefahrene Disteln.<\/p>\n<p><a href=\"https:\/\/www.vorspeisenplatte.de\/speisen\/archiv\/250609_35_Lindach.jpg\"><img loading=\"lazy\" decoding=\"async\" class=\"alignnone size-full wp-image-109380\" src=\"https:\/\/www.vorspeisenplatte.de\/speisen\/archiv\/250609_35_Lindach.jpg\" alt=\"\" width=\"423\" height=\"564\" \/><\/a><\/p>\n<p><a href=\"https:\/\/www.vorspeisenplatte.de\/speisen\/archiv\/250609_37_Aying.jpg\"><img loading=\"lazy\" decoding=\"async\" class=\"alignnone size-full wp-image-109381\" src=\"https:\/\/www.vorspeisenplatte.de\/speisen\/archiv\/250609_37_Aying.jpg\" alt=\"\" width=\"425\" height=\"530\" \/><\/a><\/p>\n<p>Muss-Foto beim Ankommen in Aying.<\/p>\n<p>Wir waren gut f\u00fcnfeinhalb Stunden unterwegs gewesen, wie erwartet. Mein Schrittz\u00e4hler behauptete, das seien lediglich gut 16 Kilometer gewesen &#8211; unwahrscheinlich bei dieser Gehzeit in flottem Tempo und angek\u00fcndigten 24 Kilometern f\u00fcr die Route.<\/p>\n<p>Vor allem kamen wir beim Wandern ins Reden, erz\u00e4hlten einander Infos aus den j\u00fcngsten Familiengespr\u00e4chen, von der jeweiligen Lekt\u00fcre, was uns gerade so im Kopf rumgeht.<\/p>\n<p>Aber wie mein Mann immer sagt: Das Ziel ist das Ziel.<\/p>\n<p><a href=\"https:\/\/www.vorspeisenplatte.de\/speisen\/archiv\/250609_41_Aying.jpg\"><img loading=\"lazy\" decoding=\"async\" class=\"alignnone size-full wp-image-109382\" src=\"https:\/\/www.vorspeisenplatte.de\/speisen\/archiv\/250609_41_Aying.jpg\" alt=\"\" width=\"524\" height=\"393\" \/><\/a><\/p>\n<p>In diesem Fall der Biergarten des Brauereigasthofs, in dem wir neben Bier Brotzeitbrettl und mittlerweile extra zu bestellenden Pressack bekamen.<\/p>\n<p>R\u00fcckfahrt wieder mit Umsteigen, diesmal in Giesing. Vor dem Heimkehren besuchten wir noch unseren freundlichen Nachbarschafts-Eisdieler und holte jeweils drei Kugeln (Preis 2025: 1,90 Euro) mit Sahne. Auch weiterhin wird hier die italienische Eissorten-Tradition hochgehalten: Vanille, Erdbeere, Stracciatella, Pistazie, Amarena etc., modern sind Blutorange und dunkle Schokolade, als abgefahren gilt bereits Walnuss-Feige. (Koriander-Limette et al. bekommt man aber 300 Meter weiter in der Hipster-Eisdiele Ecke Pestalozzi-\/M\u00fcllerstra\u00dfe, es lebe die Vielfalt.)<\/p>\n<p>Fr\u00fch ins Bett zum Lesen, die Aussicht auf eine Arbeitswoche betr\u00fcblich, auch wenn sie nur vier Tage hat. <img loading=\"lazy\" decoding=\"async\" src=\"https:\/\/vg05.met.vgwort.de\/na\/194628fdfbd4469a80b9e4e84138e290\" width=\"1\" height=\"1\" alt=\"\"\/><\/p>\n","protected":false},"excerpt":{"rendered":"<p>Zu fr\u00fch aufgewacht, aber statt weiterzuschlafen beschlossen, dass mir das gelegen kam. Am sp\u00e4ten Vormittag wollte ich n\u00e4mlich mit Herrn Kaltmamsell zur verschobenen Pfingstwanderung aufbrechen, vorher war jetzt noch reichlich Zeit f\u00fcr Bloggen, Internetlesen, Yoga-Gymnastik. Drau\u00dfen war es zapfig kalt, wurde aber immer sonniger &#8211; wie angek\u00fcndigt und somit perfektes Wanderwetter. Herr Kaltmamsell hatte die [&hellip;]<\/p>\n","protected":false},"author":2,"featured_media":0,"comment_status":"open","ping_status":"closed","sticky":false,"template":"","format":"standard","meta":{"footnotes":""},"categories":[6,2,1],"tags":[],"class_list":["post-109359","post","type-post","status-publish","format-standard","hentry","category-essen","category-fotos","category-general"],"_links":{"self":[{"href":"https:\/\/www.vorspeisenplatte.de\/speisen\/wp-json\/wp\/v2\/posts\/109359","targetHints":{"allow":["GET"]}}],"collection":[{"href":"https:\/\/www.vorspeisenplatte.de\/speisen\/wp-json\/wp\/v2\/posts"}],"about":[{"href":"https:\/\/www.vorspeisenplatte.de\/speisen\/wp-json\/wp\/v2\/types\/post"}],"author":[{"embeddable":true,"href":"https:\/\/www.vorspeisenplatte.de\/speisen\/wp-json\/wp\/v2\/users\/2"}],"replies":[{"embeddable":true,"href":"https:\/\/www.vorspeisenplatte.de\/speisen\/wp-json\/wp\/v2\/comments?post=109359"}],"version-history":[{"count":3,"href":"https:\/\/www.vorspeisenplatte.de\/speisen\/wp-json\/wp\/v2\/posts\/109359\/revisions"}],"predecessor-version":[{"id":109409,"href":"https:\/\/www.vorspeisenplatte.de\/speisen\/wp-json\/wp\/v2\/posts\/109359\/revisions\/109409"}],"wp:attachment":[{"href":"https:\/\/www.vorspeisenplatte.de\/speisen\/wp-json\/wp\/v2\/media?parent=109359"}],"wp:term":[{"taxonomy":"category","embeddable":true,"href":"https:\/\/www.vorspeisenplatte.de\/speisen\/wp-json\/wp\/v2\/categories?post=109359"},{"taxonomy":"post_tag","embeddable":true,"href":"https:\/\/www.vorspeisenplatte.de\/speisen\/wp-json\/wp\/v2\/tags?post=109359"}],"curies":[{"name":"wp","href":"https:\/\/api.w.org\/{rel}","templated":true}]}}