{"id":109388,"date":"2025-06-11T05:38:21","date_gmt":"2025-06-11T03:38:21","guid":{"rendered":"https:\/\/www.vorspeisenplatte.de\/speisen\/?p=109388"},"modified":"2025-06-11T05:38:21","modified_gmt":"2025-06-11T03:38:21","slug":"journal-dienstag-10-juni-2025-milchige-sonne","status":"publish","type":"post","link":"https:\/\/www.vorspeisenplatte.de\/speisen\/2025\/06\/journal-dienstag-10-juni-2025-milchige-sonne.htm","title":{"rendered":"Journal Dienstag, 10. Juni 2025 &#8211; Milchige Sonne"},"content":{"rendered":"<p>Eher unruhige Nacht, mein Hirn biss sich an einem v\u00f6llig belanglosen Thema fest und lie\u00df sich auch im Halbschlaf von Restbewusstsein (&#8220;Loslassen!&#8221;) nicht davon abhalten.<\/p>\n<p>Vorm Fenster ein verschleiert sonniger Tag. Trotz deutlicher Morgenk\u00fchle lie\u00df ich die Jacke daheim: Beim Marsch in die Arbeit w\u00fcrde mir schon warm werden (korrekt), und so musste ich nach Feierabend kein abgelegtes Kleidungsst\u00fcck rumschleppen.<\/p>\n<p>Mittelemsiger Vormittag: An meinem Posteingang sah ich die Pfingstferien (nicht allerdings an den ungew\u00f6hnlich dicht besetzten B\u00fcros).<\/p>\n<p>Mittagscappuccino im Westend.<\/p>\n<p><a href=\"https:\/\/www.vorspeisenplatte.de\/speisen\/archiv\/250610_03_Stray.jpg\"><img loading=\"lazy\" decoding=\"async\" src=\"https:\/\/www.vorspeisenplatte.de\/speisen\/archiv\/250610_03_Stray.jpg\" alt=\"Auf einer Holzbank vor Fenster eine Tasse Cappuccino und ein get\u00f6pfertes Sch\u00e4lchen. Vor dem Fenster ein wei\u00df-oranger Lieferwagen\" width=\"369\" height=\"499\" class=\"alignnone size-full wp-image-109411\" \/><\/a><\/p>\n<p>N\u00e4chste Ebene Fraternisierung: Coffee Bro lie\u00df mich edlen &#8220;Batch Brew&#8221; probieren, der mich hoffentlich von meinem Cappuccino abbringen sollte. Ich probierte tapfer (mit Riechen und wirklich aufmerksam), gestand ihm aber ehrlich, dass d\u00fcnner Filterkaffee f\u00fcr mich immer ein bissl nach B\u00fcro schmeckt.<\/p>\n<p>Zu Mittag gab es am Schreibtisch Apfel, selbstgebackenes Brot, von Herrn Kaltmamsell gemachtes Chinakohl-Kimchi (wie so ein Trad Wife) (oder ist Herr Kaltmamsell das Trad Wife?).<\/p>\n<p>Emsiger Nachmittag, die Emsigkeit allerdings erschwert durch ordentlich Schwindel und durch Bekanntschaft mit wieder neuen Fehlern, die man in der hiesigen B\u00fcrokratie begehen kann. Dazu Zwicken in Beinr\u00fcckseite und Kreuz, starke &#8216;schbin&#8217;Wrack-Vibes.<\/p>\n<p><a href=\"https:\/\/www.vorspeisenplatte.de\/speisen\/archiv\/250610_05_Buerohausblick.jpg\"><img loading=\"lazy\" decoding=\"async\" src=\"https:\/\/www.vorspeisenplatte.de\/speisen\/archiv\/250610_05_Buerohausblick.jpg\" alt=\"Sehr erh\u00f6hter Blick auf eine Gro\u00dfstadt, die in milchigem Sonnenlicht liegt\" width=\"667\" height=\"436\" class=\"alignnone size-full \" \/><\/a><\/p>\n<p>Verwunderung \u00fcber die neblige Tr\u00fcbheit bei warmen Temperaturen, bei weitem nicht hoch genug f\u00fcr hitzediesig &#8211; <a href=\"https:\/\/www.mdr.de\/wissen\/umwelt-klima\/roter-mond-rote-sonne-zusammenhang-waldbraende-kanada-in-deutschland-sichtbar-100.html\" target=\"_blank\">das war dann wohl der Rauch aus kanadischen Waldbr\u00e4nden<\/a>.<\/p>\n<p>Zusammengerissener Heimweg mit Schwindel, Eink\u00e4ufe in Drogeriemarkt und Lidl. \u00dcber der Theresienwiese war es so dunstig, dass es nach Nebel aussah, bei schw\u00fcler W\u00e4rme.<\/p>\n<p>Daheim Yoga-Gymnastik mit viel Dehnen (das hoffentlich alle Waden fit machte f\u00fcr den am Mittwoch geplanten Lerchenlauf). Herr Kaltmamsell servierte als Nachtmahl Udon-Nudeln mit Garnelen und Miso-Butter-Sauce &#8211; gut! Nachtisch reichlich Honigwaffeln und Schokolade.<\/p>\n<p>Die Blogroll ist jetzt NOCH aktueller:<br \/>\nGestern ging ich nochmal durch meinen feedly-Feedreader. Dort pflege ich meine tats\u00e4chliche Blog-Leseliste &#8211; bei dieser Gelegenheit ein HOCH! auf RSS-Feeds, die immer noch die Plattform-\u00fcbergreifend praktischste Technik f\u00fcr einen \u00dcberblick \u00fcber Neues im Web sind, aber halt niemandem Geld verschaffen, weshalb wenig f\u00fcr sie geworben wird. Erkl\u00e4rung der Technik und Anleitung f\u00fcr die Anwendung zum Beispiel <a href=\"https:\/\/www.verfassungsschutz.de\/DE\/service\/rss-feed\/was-ist-rss\/was-ist-rss_node.html\" target=\"_blank\">beim deutschen Bundesamt f\u00fcr Verfassungsschutz<\/a>. Anhand dessen erg\u00e4nzte ich ein paar Blogs (und l\u00f6schte einige mit Meldung &#8220;unreachable&#8221; aus dem Feedreader).<a href=\"https:\/\/www.vorspeisenplatte.de\/speisen\/koeche\" target=\"_blank\"> Hier das &#8211; wieder vorl\u00e4ufige &#8211; Ergebnis.<\/a><\/p>\n<p>\u00a7<\/p>\n<p>Erinnern Sie sich an Maren Kroymann als &#8220;Mathe-Leugnerin&#8221;?<\/p>\n<div class=\"video-wrapped\" style=\"width: 500px; height: 281px; background-image: url('https:\/\/www.vorspeisenplatte.de\/speisen\/wp-content\/plugins\/video-embed-privacy\/preview\/QgBBe_AS4QE.jpg')\" data-embed-frame=\"&lt;iframe title=&quot;Matheleugnerin vs. Team Wissenschaft - Preisdebatte im Buchladen | Jasna Fritzi Bauer in Kroymann&quot; width=&quot;500&quot; height=&quot;281&quot; src=&quot;https:\/\/www.youtube.com\/embed\/QgBBe_AS4QE?feature=oembed&quot; frameborder=&quot;0&quot; allow=&quot;accelerometer; autoplay; clipboard-write; encrypted-media; gyroscope; picture-in-picture; web-share&quot; referrerpolicy=&quot;strict-origin-when-cross-origin&quot; allowfullscreen&gt;&lt;\/iframe&gt;\" data-embed-play=\"Abspielen&lt;div class=&quot;small&quot;&gt;Das Video wird von Youtube eingebettet abespielt. Es gilt die &lt;a href=&quot;https:\/\/www.google.com\/intl\/de\/policies\/privacy\/&quot; target=&quot;_blank&quot;&gt;Datenschutzerkl\u00e4rung von Google&lt;\/a&gt;&lt;\/div&gt;\">\n<div class=\"video-wrapped-nojs\">Aktivieren Sie JavaScript um das Video zu sehen.<br \/><a href=\"https:\/\/youtu.be\/QgBBe_AS4QE?si=OxGHikXapkPbMeLe\">https:\/\/youtu.be\/QgBBe_AS4QE?si=OxGHikXapkPbMeLe<\/a><\/div>\n<\/div>\n<p>F\u00fcr mich eine der genialsten Comedy-Nummern zu Faktenleugnung w\u00e4hrend der Corona-Pandemie. Seit gestern wei\u00df ich, dass die Idee von Jana Fischer stammt &#8211; hier ein Interview mit ihr bei <i>\u00dcbermedien<\/i>:<br \/>\n<a href=\"https:\/\/uebermedien.de\/105871\/woher-weiss-eine-gagschreiberin-was-das-publikum-witzig-findet\/\" target=\"_blank\">&#8220;Woher wei\u00df eine Gagschreiberin, was das Publikum witzig findet?&#8221;<\/a> <img loading=\"lazy\" decoding=\"async\" src=\"https:\/\/vg05.met.vgwort.de\/na\/44165d799cde409eb3f20b75bbc79a5e\" width=\"1\" height=\"1\" alt=\"\"\/><\/p>\n","protected":false},"excerpt":{"rendered":"<p>Eher unruhige Nacht, mein Hirn biss sich an einem v\u00f6llig belanglosen Thema fest und lie\u00df sich auch im Halbschlaf von Restbewusstsein (&#8220;Loslassen!&#8221;) nicht davon abhalten. Vorm Fenster ein verschleiert sonniger Tag. Trotz deutlicher Morgenk\u00fchle lie\u00df ich die Jacke daheim: Beim Marsch in die Arbeit w\u00fcrde mir schon warm werden (korrekt), und so musste ich nach [&hellip;]<\/p>\n","protected":false},"author":2,"featured_media":0,"comment_status":"open","ping_status":"closed","sticky":false,"template":"","format":"standard","meta":{"footnotes":""},"categories":[2,1],"tags":[],"class_list":["post-109388","post","type-post","status-publish","format-standard","hentry","category-fotos","category-general"],"_links":{"self":[{"href":"https:\/\/www.vorspeisenplatte.de\/speisen\/wp-json\/wp\/v2\/posts\/109388","targetHints":{"allow":["GET"]}}],"collection":[{"href":"https:\/\/www.vorspeisenplatte.de\/speisen\/wp-json\/wp\/v2\/posts"}],"about":[{"href":"https:\/\/www.vorspeisenplatte.de\/speisen\/wp-json\/wp\/v2\/types\/post"}],"author":[{"embeddable":true,"href":"https:\/\/www.vorspeisenplatte.de\/speisen\/wp-json\/wp\/v2\/users\/2"}],"replies":[{"embeddable":true,"href":"https:\/\/www.vorspeisenplatte.de\/speisen\/wp-json\/wp\/v2\/comments?post=109388"}],"version-history":[{"count":3,"href":"https:\/\/www.vorspeisenplatte.de\/speisen\/wp-json\/wp\/v2\/posts\/109388\/revisions"}],"predecessor-version":[{"id":109424,"href":"https:\/\/www.vorspeisenplatte.de\/speisen\/wp-json\/wp\/v2\/posts\/109388\/revisions\/109424"}],"wp:attachment":[{"href":"https:\/\/www.vorspeisenplatte.de\/speisen\/wp-json\/wp\/v2\/media?parent=109388"}],"wp:term":[{"taxonomy":"category","embeddable":true,"href":"https:\/\/www.vorspeisenplatte.de\/speisen\/wp-json\/wp\/v2\/categories?post=109388"},{"taxonomy":"post_tag","embeddable":true,"href":"https:\/\/www.vorspeisenplatte.de\/speisen\/wp-json\/wp\/v2\/tags?post=109388"}],"curies":[{"name":"wp","href":"https:\/\/api.w.org\/{rel}","templated":true}]}}