{"id":109459,"date":"2025-06-13T06:16:06","date_gmt":"2025-06-13T04:16:06","guid":{"rendered":"https:\/\/www.vorspeisenplatte.de\/speisen\/?p=109459"},"modified":"2025-06-13T06:16:06","modified_gmt":"2025-06-13T04:16:06","slug":"journal-donnerstag-12-juni-2025-beinhaaraerger","status":"publish","type":"post","link":"https:\/\/www.vorspeisenplatte.de\/speisen\/2025\/06\/journal-donnerstag-12-juni-2025-beinhaaraerger.htm","title":{"rendered":"Journal Donnerstag, 12. Juni 2025 &#8211; Beinhaar\u00e4rger"},"content":{"rendered":"<p>Gerne h\u00e4tte ich l\u00e4nger als bis Weckerklingeln geschlafen. Aber irgendwo muss ja die Miete f\u00fcr die sch\u00f6ne Wohnung herkommen, also aufstehen f\u00fcr Erwerbsarbeit.<\/p>\n<p>Drau\u00dfen ein wolkenlos sonniger Sommertag, so fr\u00fch noch ganz sch\u00f6n frisch.<\/p>\n<p>Arbeitsvormittag verh\u00e4ltnism\u00e4\u00dfig eng getaktet, ich schaffte ordentlich was weg.<\/p>\n<p>Mittagscappuccino bei Nachbars &#8211; diese Tage sind gez\u00e4hlt, k\u00fcrzlich ging die offizielle Info rum, dass wir ab 1. September wieder eine eigene Cafeteria im Haus haben. Allerdings tun mir die Mittagsm\u00e4rsche ins Westend wirklich gut; ich nehme an, dass ich die beibehalte.<\/p>\n<p>Lang herbeigesehnter Termin in der Mittagspause: Beinenthaarung. Ich marschierte in perfektem Sommerwetter (im Schatten so k\u00fchl, dass die Sonne angenehm w\u00e4rmte) 20 Minuten dorthin, wurde begr\u00fc\u00dft &#8211; und dann wartete ich. Und wartete. Und wartete.<\/p>\n<p>Leider schaffte ich es nicht, umzuschalten auf Neugier, wie lange sie mich diesmal warten lassen w\u00fcrde, au\u00dferdem war meine Mittagspause durch einen Termin begrenzt: 16 Minuten nach gebuchtem Termin ging ich (sehen Sie, wie ich extra eine Minute aufs akademische Viertel drauflegte?) und werde nicht wiederkommen. Das war das eine Mal zu oft, dass ich trotz Termin lange warten musste: Mal weil Walk-In-Kunde, mal weil Vortermin l\u00e4nger, mal weil Doppelbuchung, und diesmal verschwand sie einfach im Nebenraum. Es war lediglich eine Frage der Zeit, bis ich einschnappte.<\/p>\n<p>Und ich hatte richtig kalkuliert: Die SMS mit Erkundigung, wo ich sei, kam eine halbe Stunde nach vereinbartem Termin. Bye bye enthaarte Beine, zur\u00fcck zum Rasieren.<\/p>\n<p>Bei Ankunft am Schreibtisch hatte der \u00c4rger den wenigen Appetit gefressen, den ich an Arbeitstagen \u00fcberhaupt aufbringe. Doch irgendwann musste ich ja was essen, das waren dann Nektarinen, Aprikosen (sensationell), Flachpfirsiche und ein Restl Sojajoghurt. Dem Magen gefiel die Steinobst-Flut nur so mittel, aber leer hatte er ja auch gezwickt. Und wackelig schwindlig war ich nachmittags trotzdem, zefix.<\/p>\n<p>Nach Feierabend mit der U-Bahn zum Odeonsplatz, Geburtstagsgeschenk besorgen. Tats\u00e4chlich bekam ich fast alles, was ich wollte. Es war w\u00e4rmer geworden, aber immer noch nicht hei\u00df, sondern angenehm.<\/p>\n<p>F\u00fcrs Abendessen war ich zust\u00e4ndig (Basis: Ernteanteilsalat), doch ich sehnte mich arg nach einer Einheit Yoga-Gymnastik &#8211; auch wenn es dadurch sp\u00e4ter als sonst Abendessen gab.<\/p>\n<p><a href=\"https:\/\/www.vorspeisenplatte.de\/speisen\/archiv\/250612_11_Nachtmahl.jpg\"><img loading=\"lazy\" decoding=\"async\" src=\"https:\/\/www.vorspeisenplatte.de\/speisen\/archiv\/250612_11_Nachtmahl.jpg\" alt=\"Aufsicht auf eine weite Salatsch\u00fcssel mit gr\u00fcnen Bl\u00e4ttern, Streifen gelber Paprika, Tomatenachtel, Vierteln gekochter Eier\" width=\"363\" height=\"484\" class=\"alignnone size-full wp-image-109471\" \/><\/a><\/p>\n<p>Mit Joghurtdressing, au\u00dferdem zugekauften Tomaten, Paprika, Eiern. Dann noch K\u00e4se, Nachtisch Honigwaffeln, Fruchtgummi, Schokolade. <\/p>\n<p>Im Bett neue Lekt\u00fcre: Nach Din\u00e7er G\u00fc\u00e7yeter, <i>Unser Deutschlandm\u00e4rchen<\/i> (gefiel mir gut, dar\u00fcber m\u00f6chte ich noch schreiben) was ganz Anderes, n\u00e4mlich Science Fiction in Form von Becky Chambers, <i>The Long Way to a Small, Angry Planet<\/i>. Der ging schonmal gut los, n\u00e4mlich indem die Ger\u00e4usche auf dem Raumschiffs aus der Perspektive des Besitzers beschrieben wurden, durchaus mit technischer Note (die sch\u00f6n indirekt Information transportierte). <img loading=\"lazy\" decoding=\"async\" src=\"https:\/\/vg05.met.vgwort.de\/na\/74360b9a39a241a5af12eef1d0c71cea\" width=\"1\" height=\"1\" alt=\"\"\/><\/p>\n","protected":false},"excerpt":{"rendered":"<p>Gerne h\u00e4tte ich l\u00e4nger als bis Weckerklingeln geschlafen. Aber irgendwo muss ja die Miete f\u00fcr die sch\u00f6ne Wohnung herkommen, also aufstehen f\u00fcr Erwerbsarbeit. Drau\u00dfen ein wolkenlos sonniger Sommertag, so fr\u00fch noch ganz sch\u00f6n frisch. Arbeitsvormittag verh\u00e4ltnism\u00e4\u00dfig eng getaktet, ich schaffte ordentlich was weg. Mittagscappuccino bei Nachbars &#8211; diese Tage sind gez\u00e4hlt, k\u00fcrzlich ging die offizielle [&hellip;]<\/p>\n","protected":false},"author":2,"featured_media":0,"comment_status":"open","ping_status":"closed","sticky":false,"template":"","format":"standard","meta":{"footnotes":""},"categories":[3,1],"tags":[],"class_list":["post-109459","post","type-post","status-publish","format-standard","hentry","category-bucher","category-general"],"_links":{"self":[{"href":"https:\/\/www.vorspeisenplatte.de\/speisen\/wp-json\/wp\/v2\/posts\/109459","targetHints":{"allow":["GET"]}}],"collection":[{"href":"https:\/\/www.vorspeisenplatte.de\/speisen\/wp-json\/wp\/v2\/posts"}],"about":[{"href":"https:\/\/www.vorspeisenplatte.de\/speisen\/wp-json\/wp\/v2\/types\/post"}],"author":[{"embeddable":true,"href":"https:\/\/www.vorspeisenplatte.de\/speisen\/wp-json\/wp\/v2\/users\/2"}],"replies":[{"embeddable":true,"href":"https:\/\/www.vorspeisenplatte.de\/speisen\/wp-json\/wp\/v2\/comments?post=109459"}],"version-history":[{"count":3,"href":"https:\/\/www.vorspeisenplatte.de\/speisen\/wp-json\/wp\/v2\/posts\/109459\/revisions"}],"predecessor-version":[{"id":109482,"href":"https:\/\/www.vorspeisenplatte.de\/speisen\/wp-json\/wp\/v2\/posts\/109459\/revisions\/109482"}],"wp:attachment":[{"href":"https:\/\/www.vorspeisenplatte.de\/speisen\/wp-json\/wp\/v2\/media?parent=109459"}],"wp:term":[{"taxonomy":"category","embeddable":true,"href":"https:\/\/www.vorspeisenplatte.de\/speisen\/wp-json\/wp\/v2\/categories?post=109459"},{"taxonomy":"post_tag","embeddable":true,"href":"https:\/\/www.vorspeisenplatte.de\/speisen\/wp-json\/wp\/v2\/tags?post=109459"}],"curies":[{"name":"wp","href":"https:\/\/api.w.org\/{rel}","templated":true}]}}