{"id":109545,"date":"2025-06-16T06:34:26","date_gmt":"2025-06-16T04:34:26","guid":{"rendered":"https:\/\/www.vorspeisenplatte.de\/speisen\/?p=109545"},"modified":"2025-06-16T06:34:26","modified_gmt":"2025-06-16T04:34:26","slug":"journal-sonntag-15-juni-2025-freibad-mephisto-in-den-kammerspielen","status":"publish","type":"post","link":"https:\/\/www.vorspeisenplatte.de\/speisen\/2025\/06\/journal-sonntag-15-juni-2025-freibad-mephisto-in-den-kammerspielen.htm","title":{"rendered":"Journal Sonntag, 15. Juni 2025 &#8211; Freibad \/ <i>Mephisto<\/i> in den Kammerspielen"},"content":{"rendered":"<p>L\u00e4nger geschlafen, dennoch m\u00fcde aufgestanden.<\/p>\n<p>Nach Balkonkaffe mit Bloggen radelte ich ins Dantebad (<i>scenic route<\/i> \u00fcber Hackerbr\u00fccke, Nymphenburger Stra\u00dfe, Rot-Kreuz-Platz, Gern) f\u00fcr eine Schwimmrunde. Das Sommerwetter hielt immer noch, obwohl bereits am Vortag heftige Gewitter angek\u00fcndigt waren. Ich hoffte auf Wetter-Stabilit\u00e4t zumindest bis Ende meiner 3.000 Meter Schwimmen.<\/p>\n<p>Das klappte auch ganz wunderbar, nur hin und wieder verschatteten Wolken das Wasserbecken ein wenig. Es war sehr viel los: Parkplatz f\u00fcr mein Radl hatte ich nur auf einem etwas versteckten Nebenparkplatz gefunden (inneres Haareraufen \u00fcber Radler*innen, die ihr Gef\u00e4hrt wegversperrend abstellen), in der Umkleide hatte ich einen freien Spind suchen m\u00fcssen, und die beiden Schwimmbahnen wurden emsig genutzt. Zum Gl\u00fcck von eher freundlichen Menschen und solchen, die eh nur ein paar Bahnen schwammen, ich kam auf meine Kosten und genoss die Bahnen in Lindend\u00fcften &#8211; bis gegen 12 Uhr wieder das Frittenfett vom Kiosk die Geruchshoheit \u00fcbernahm.<\/p>\n<p>Da die Sonne weiter schien, legte ich mich nach schnellem Abduschen und erweitertem Sonnencremen ein St\u00fcndchen auf die Liegewiese.<\/p>\n<p>Beim Heimradeln war es dann schon auf der unangenehmen Seite hei\u00df. Als ich unterwegs den restlichen, herrlich freien Sonntag plante, fiel mir ein, dass er keineswegs frei war: Auf gestern war der Theaterbesuch geschoben, den ich wegen re:publica nicht wahrnehmen konnte. Und er startete bereits um 16 Uhr &#8211; was ich an sich sehr begr\u00fc\u00dfe, so endet die Vorstellung selbst bei \u00fcber drei Stunden Spiell\u00e4nge noch zu Abendessenszeit.<\/p>\n<p>Das bedeutete eine gewissen Zackigkeit daheim: Nach Versorgen der nassen Schwimmsachen gab es zum Fr\u00fchst\u00fcck Aprikosen, Flachpfirsiche und ein gro\u00dfes St\u00fcck K\u00e4se, dann duschte ich mich gr\u00fcndlich und machte mich theaterfein.<\/p>\n<p><a href=\"https:\/\/www.vorspeisenplatte.de\/speisen\/archiv\/250615_04a_Kleidung.jpg\"><img loading=\"lazy\" decoding=\"async\" src=\"https:\/\/www.vorspeisenplatte.de\/speisen\/archiv\/250615_04a_Kleidung.jpg\" alt=\"Ganzk\u00f6rper-Spiegelselfie einer Frau mit kurzen wei\u00dfen Haaren und einem hellblauen Sommerkleid \" width=\"229\" height=\"468\" class=\"alignnone size-full wp-image-109556\" \/><\/a><\/p>\n<p>Ich brach fr\u00fch auf, denn in der schw\u00fclen Hitze wollte ich mich nicht durch schnelles Gehen gleich wieder stinkig schwitzen. In der Fu\u00dfg\u00e4ngerzone passierte ich Buden: M\u00fcnchen feierte Stadtgeburtstag, ich verlegte meinen Weg auf Nebenstra\u00dfen.<\/p>\n<p>Gegeben wurde gestern <a href=\"https:\/\/www.muenchner-kammerspiele.de\/de\/programm\/32919-mephisto\" target=\"_blank\">an den Kammerspielen <i>Mephisto<\/i><\/a> nach dem Roman von Klaus Mann. Den hatte ich zwar nicht gelesen, aber die Verfilmung von Istv\u00e1n Szab\u00f3 1981 hatte mich sehr beeindruckt (unwahrscheinlich, dass ich sie im Kino sah, also mindestens einmal im Fernsehen).<\/p>\n<p>Beim Kartentausch hatte ich mir einen Platz auf der anderen Seite als der meines Abos ausgesucht, n\u00e4mlich auf der linken, um eine andere Perspektive zu bekommen. Von dort erlebte ich dreieinhalb kurzweilige Stunden mit einer Pause &#8211; gest\u00f6rt allerdings von den wirklich unbequemen Sitzen der Kammerspiele, schon vor der Pause wusste ich schier nicht mehr, wie ich mich halten sollte, um die Schmerzen in Kreuz und Sitzbeinh\u00f6cker zu lindern (sehns\u00fcchtige Gedanken an die wundervollen Sessel im Volkstheater).<\/p>\n<p>Die Inszenierung von Jette Steckel stellte fast die gesamte Handlung ins Theater, auf und hinter der B\u00fchne &#8211; das funktionierte gut. Sie r\u00e4umte der Zeit vor der Machtergreifung einen deutliche gr\u00f6\u00dferen Raum ein, als ich es vom Film in Erinnerung hatte, und damit den Diskussionen, wie man dem erstarkenden Faschismus gegenarbeiten konnte. Viele Bez\u00fcge zur Gegenwart, unter anderem beim Umgang mit einem jungen Schauspielkollegen, der leidenschaftlich auf der Seite der Nazis stand.<\/p>\n<p>Das Ensemble auf der B\u00fchne fand ich wieder gro\u00dfartig, darunter zwei Schauspieler-Entdeckungen: <a href=\"https:\/\/www.muenchner-kammerspiele.de\/de\/wir\/26-erwin-aljukic\" target=\"_blank\">Erwin Aljuki\u0107<\/a> spielte vom revolution\u00e4r agitierenden Schriftsteller bis zum herrschaftlichen Intendanten nuanciert, am Ende sogar Hitler selbst (der einzige Ausflug in Slapstick in einer wirklich gut gebrochenen Szene mit Hauptdarsteller Thomas Schmauser) &#8211; auch wenn visuell erstmal im Vordergrund stand, dass er mit seinem zierlichen und verschobenen K\u00f6rper Rollstuhl f\u00e4hrt. \u00c4hnlich nuanciert <a href=\"https:\/\/www.muenchner-kammerspiele.de\/de\/wir\/38493-bless-amada\" target=\"_blank\">Bless Amada<\/a> als H\u00f6fgens Liebhaber Julien, bei dem ich erstmal \u00fcber seine gro\u00dfe Sch\u00f6nheit hinweg sehen musste.<\/p>\n<p>Sehr viel Applaus am Ende. Um halb acht stand ich wieder vorm Theater auf der Maximiianstra\u00dfe, nat\u00fcrlich war es noch hell, UND das Wetter hielt immer noch. Herr Kaltmamsell erwartete mich mit Abendessen (die ersten Fr\u00fchkartoffeln im Ernteanteil als Kr\u00e4uterkartoffeln &#8211; k\u00f6stlich, dazu ein wenig Bratk\u00e4se, Nachtisch Kirsch-Pie aus Familienkirschen). Und jetzt gewitterte es mit ordentlich Regen.<\/p>\n<p>Vorbereitungen f\u00fcr Putzmann-Einsatz und Arbeitswoche (die letzte kurze vor sieben langen). <img loading=\"lazy\" decoding=\"async\" src=\"https:\/\/vg01.met.vgwort.de\/na\/bafae8945fc6457da72e2ca30100c333\" width=\"1\" height=\"1\" alt=\"\"\/><\/p>\n","protected":false},"excerpt":{"rendered":"<p>L\u00e4nger geschlafen, dennoch m\u00fcde aufgestanden. Nach Balkonkaffe mit Bloggen radelte ich ins Dantebad (scenic route \u00fcber Hackerbr\u00fccke, Nymphenburger Stra\u00dfe, Rot-Kreuz-Platz, Gern) f\u00fcr eine Schwimmrunde. Das Sommerwetter hielt immer noch, obwohl bereits am Vortag heftige Gewitter angek\u00fcndigt waren. Ich hoffte auf Wetter-Stabilit\u00e4t zumindest bis Ende meiner 3.000 Meter Schwimmen. Das klappte auch ganz wunderbar, nur hin [&hellip;]<\/p>\n","protected":false},"author":2,"featured_media":0,"comment_status":"open","ping_status":"closed","sticky":false,"template":"","format":"standard","meta":{"footnotes":""},"categories":[1,12],"tags":[],"class_list":["post-109545","post","type-post","status-publish","format-standard","hentry","category-general","category-theater"],"_links":{"self":[{"href":"https:\/\/www.vorspeisenplatte.de\/speisen\/wp-json\/wp\/v2\/posts\/109545","targetHints":{"allow":["GET"]}}],"collection":[{"href":"https:\/\/www.vorspeisenplatte.de\/speisen\/wp-json\/wp\/v2\/posts"}],"about":[{"href":"https:\/\/www.vorspeisenplatte.de\/speisen\/wp-json\/wp\/v2\/types\/post"}],"author":[{"embeddable":true,"href":"https:\/\/www.vorspeisenplatte.de\/speisen\/wp-json\/wp\/v2\/users\/2"}],"replies":[{"embeddable":true,"href":"https:\/\/www.vorspeisenplatte.de\/speisen\/wp-json\/wp\/v2\/comments?post=109545"}],"version-history":[{"count":3,"href":"https:\/\/www.vorspeisenplatte.de\/speisen\/wp-json\/wp\/v2\/posts\/109545\/revisions"}],"predecessor-version":[{"id":109561,"href":"https:\/\/www.vorspeisenplatte.de\/speisen\/wp-json\/wp\/v2\/posts\/109545\/revisions\/109561"}],"wp:attachment":[{"href":"https:\/\/www.vorspeisenplatte.de\/speisen\/wp-json\/wp\/v2\/media?parent=109545"}],"wp:term":[{"taxonomy":"category","embeddable":true,"href":"https:\/\/www.vorspeisenplatte.de\/speisen\/wp-json\/wp\/v2\/categories?post=109545"},{"taxonomy":"post_tag","embeddable":true,"href":"https:\/\/www.vorspeisenplatte.de\/speisen\/wp-json\/wp\/v2\/tags?post=109545"}],"curies":[{"name":"wp","href":"https:\/\/api.w.org\/{rel}","templated":true}]}}