{"id":109659,"date":"2025-06-21T08:31:26","date_gmt":"2025-06-21T06:31:26","guid":{"rendered":"https:\/\/www.vorspeisenplatte.de\/speisen\/?p=109659"},"modified":"2025-06-21T08:31:26","modified_gmt":"2025-06-21T06:31:26","slug":"journal-freitag-20-juni-2025-st-brueck-mit-freibad-und-walnussbrotbacken","status":"publish","type":"post","link":"https:\/\/www.vorspeisenplatte.de\/speisen\/2025\/06\/journal-freitag-20-juni-2025-st-brueck-mit-freibad-und-walnussbrotbacken.htm","title":{"rendered":"Journal Freitag, 20. Juni 2025 &#8211; St. Br\u00fcck mit Freibad und Walnussbrotbacken"},"content":{"rendered":"<p>In der Nacht auf gestern sah ich einen Marder! Gegen drei beim Herablassen des Rolladens huschte ein Tier \u00fcber die Stra\u00dfe vorm Haus, ohne Brille ordnete ich es als Katze ein. Doch es sprang auf ein parkendes Auto und lief auf dessen Dach umher &#8211; mal hierhin, mal dahin. Da holte ich doch mal meine Brille: Marder. Ganz deutlich, als er zur\u00fcck auf die Stra\u00dfe sprang und ich die Form des Kopfes, seine Gr\u00f6\u00dfe und die wei\u00dfe Brust erkennen konnte. Mitten in M\u00fcnchen!<\/p>\n<p>Fr\u00fch aufgewacht, das passte mir gut, denn: Der gestrige Tag war <a href=\"https:\/\/salzkorn.blogspot.com\/2012\/05\/zwei-auf-die-nusse-walnussbrot-zum.html\" target=\"_blank\">um das Walnussbrot herum<\/a> geplant, das ich backen wollte &#8211; und das bei allen bisherigen Versuchen zwar nie misslang, aber auch nie ganz so wurde, wie ich mir das vorstellte. Richtig Routine werde ich dabei aber nie erreichen, denn mit vielen Handgriffen \u00fcber ca. 48 Stunden passt es nur selten in mein Leben als Vollzeit-Angestellte (mit diversen anderen Interessen neben Brotbacken).<\/p>\n<p>Am Vorabend hatte ich den Sauerteig ger\u00fchrt, nach Bloggen und Milchkaffee bereitete ich das Br\u00fchst\u00fcck (abweichend vom Rezept mit Roggenvollkornmehl, denn das hatte ich schon, und f\u00fcr 80 Gramm wollte ich kein Kilo eines anderen Mehls kaufen) und die Waln\u00fcsse vor. Dann deutlich fr\u00fcher als sonst ab zum Schwimmen ins Dantebad, um den Sauerteig nicht zu lange g\u00e4ren zu lassen.<\/p>\n<p>Radeln durch die sonnige, aber noch morgenk\u00fchle Stadt. Zwar war Br\u00fccken- aber halt doch Werktag: Ich konnte mir am Dantebad einen Radl-Parkplatz aussuchen.<\/p>\n<p>Schwimmen \u00fcber sonnenglitzerndem Metallboden war ok, die mittleren 1.000 Meter \u00fcberraschend anstrengend.<\/p>\n<p><a href=\"https:\/\/www.vorspeisenplatte.de\/speisen\/archiv\/250620_02_Dantebad.jpg\"><img loading=\"lazy\" decoding=\"async\" src=\"https:\/\/www.vorspeisenplatte.de\/speisen\/archiv\/250620_02_Dantebad.jpg\" alt=\"Foto aufgenommen von einer Person im Liegen am eigenen K\u00f6rper herunter, man sieht Bikinihose und Beine, davor Freibadwiese, B\u00e4ume, wenige Badeg\u00e4ste, im Hintergrund die Betonstufen einer Zuschauertrib\u00fcne\" width=\"588\" height=\"443\" class=\"alignnone size-full\" \/><\/a><\/p>\n<p>Anschlie\u00dfend noch ein St\u00fcndchen Sonnenbad, bevor ich nach Hause radelte, jetzt den Schatten suchend.<\/p>\n<p>Daheim weitere Brotback-Handgriffe. Zum Fr\u00fchst\u00fcck um zwei gab es zwei unterwegs gekaufte Semmeln und zwei gro\u00dfe Aprikosen.<\/p>\n<p>Dass der Teig f\u00fcrs Walnussbrot eher weich und klebrig war, hatte ich noch in Erinnerung. Doch dass der Knethaken der K\u00fcchenmaschine diesmal in d\u00fcnnem Sp\u00e4tzleteig r\u00fchrte, wunderte mich doch. Wiederholter Check des Rezepts: Ich Superdummie hatte nur eines von zweimal 300 Gramm Weizenmehlen in die Autolyse-Sch\u00fcssel gekippt, klar war das Ergebnis Suppe. Ich sch\u00fcttete also das fehlende Mehl hinterher, auch wenn das die Magie von Autolyse und Gluten-Entwicklung durcheinanderbrachte.<\/p>\n<p>Zwischen zwei Teigfaltungen ging ich auf eine Einkaufsrunde zu Vollcorner und Verdi, jetzt war es wirklich sommerlich hei\u00df (aber immer noch nicht so, dass es auch im Schatten unangenehm gewesen w\u00e4re).<\/p>\n<p>Der Brotteig ging sehr energisch, ich strich gleich mal die Option einer St\u00fcckgare \u00fcber Nacht im K\u00fchlschrank. (Deswegen verwenden halt auch die meisten lokalen handwerklichen B\u00e4ckereien mit wenigen Filialen Hilfsmittel aus dem Labor: Deren Brot muss zuverl\u00e4ssig jeden Tag gleich werden, ohne dass jemand die Backzeiten verschieben muss oder nach \u00dcbergare ein flaches Brot im Regal landet.)<\/p>\n<p>Nachmittag ohne Zeitung &#8211; aber diesmal war ich selber schuld: Beim Verlassen des Hauses Richtung Freibad hatte ich sie im Briefkasten gesehen, aber beschlossen, dass ich sie auf dem R\u00fcckweg mitnehmen w\u00fcrde. Da hatte sie aber bereits jemand geklaut.<br \/>\nHalt: Nicht selber schuld. Schuld ist der Dieb \/ die Diebin: Wer wegnimmt, was einem\/einer nicht geh\u00f6rt, macht sich schuldig.<\/p>\n<p>Ich holte die Studentin Kaltmamsell hervor, die kein Problem damit hatte, tagelang Zeitungen ungelesen zu stapeln, wenn sie in einer fesselnden Romanlekt\u00fcre steckte &#8211; und das tat ich ja gerade.<\/p>\n<p>Abendessen durfte ich servieren: Ich hatte beim Verdi sch\u00f6ne Doraden gekauft, die briet ich an (was ich auch in einer beschichteten Pfanne nie schaffe, ohne dass die Haut anpappt) und garte sie im Ofen fertig. Dazu gab es restlichen Kopfsalat aus Ernteanteil, als Wein hatte ich die letzte Flasche mallorquinischen Binigrau Nounat ausgesucht, der facettenreich schmeckte und sehr gut passte. Nachtisch Schokolade.<\/p>\n<p>\u00c4rger beim Einschie\u00dfen der Walnussbrote in den Ofen: Die Befestigung der Schienen l\u00f6ste sich beim Rausziehen des mit vorgeheizten Backblechs, ich musste im 240 Grad hei\u00dfen Backofen hantieren und fluchte laut und ausgiebig. Denn Broteinschie\u00dfen mit Bedampfung ist eine heikle und kurz getaktete Angelegenheit mit Wasser im Kocher erhitzen, Blechrausholen, Teiglinge aus G\u00e4rk\u00f6rbchen auf Blech kippen, Blech in den Ofen schieben, ein T\u00e4sschen hei\u00dfes Wasser auf den Backofenboden kippen, Ofent\u00fcr schlie\u00dfen &#8211; St\u00f6rungen im Ablauf sind SEHR st\u00f6rend.<\/p>\n<p>So viel sch\u00f6ner diese Wohnung im 3. Stock ist, in die wir vor vier Jahren zogen (was sie besser mal ist, wenn ich bedenke, wie viel h\u00f6here Miete wir zahlen): <a href=\"https:\/\/www.vorspeisenplatte.de\/speisen\/2014\/09\/journal-freitag-26-september-vorlaeufiger-kuechenvollzug.htm\" target=\"_blank\">Die neue K\u00fcche unten, die einzige meines Lebens, die ich mir vor elf Jahren selbst aussuchte und kaufte,<\/a> vermisse ich schon sehr.<br \/>\n(Zur Erinnerung: Wir entschieden uns damals gegen Mitnehmen, weil diese ma\u00dfgefertigte K\u00fcche zum einen nicht genau in den anderen K\u00fcchengrundriss gepasst h\u00e4tte, zudem die vorhandene K\u00fcche genauso neu war und wir sie umst\u00e4ndlich h\u00e4tten loswerden m\u00fcssen.)<\/p>\n<p><a href=\"https:\/\/www.vorspeisenplatte.de\/speisen\/archiv\/250620_10_Walnussbrot.jpg\"><img loading=\"lazy\" decoding=\"async\" src=\"https:\/\/www.vorspeisenplatte.de\/speisen\/archiv\/250620_10_Walnussbrot.jpg\" alt=\"\" width=\"393\" height=\"477\" class=\"alignnone size-full wp-image-109671\" \/><\/a><\/p>\n<p>Backen gelang aber, die Laibe sahen gut aus (einer wird eingefroren). <\/p>\n<p>Der Abend k\u00fchlte fr\u00fch ab, wir konnten Fenster und Balkont\u00fcren \u00f6ffnen. Wieder Fledermausschau aus Herrn Kaltmamsels Zimmer: Reichlich Geflatter.<\/p>\n<p>\u00a7<\/p>\n<p>Der neue Rechner ist bestellt, vielen Dank f\u00fcr Ihre Beratung: Es wurde ein kleines MacBook Air. Ich investierte je 250 Euro in extraviel Arbeitsspeicher und extraviel Festplatte &#8211; vor allem mit dem Ziel, mich wieder m\u00f6glichst lang nicht um einen Ersatz k\u00fcmmern zu m\u00fcssen. In zehn Tagen holte ich das Ger\u00e4t im Applestore ab &#8211; das d\u00fcrfte mit der Auszahlung des Gehalts-Bonus 2024 zusammenfallen und fast exakt der Betrag sein.<\/p>\n<p>Und sollte sich herausstellen, dass ich doch weitere Anschl\u00fcsse f\u00fcr z.B. Daten\u00fcbertragung auf meine neuen Knochenkopfh\u00f6rer brauche: Herr Kaltmamsell besitzt Adapter f\u00fcr fast alles. <img loading=\"lazy\" decoding=\"async\" src=\"https:\/\/vg01.met.vgwort.de\/na\/7adb5f6abfc541199d63c94e5e18916e\" width=\"1\" height=\"1\" alt=\"\"\/><\/p>\n","protected":false},"excerpt":{"rendered":"<p>In der Nacht auf gestern sah ich einen Marder! Gegen drei beim Herablassen des Rolladens huschte ein Tier \u00fcber die Stra\u00dfe vorm Haus, ohne Brille ordnete ich es als Katze ein. Doch es sprang auf ein parkendes Auto und lief auf dessen Dach umher &#8211; mal hierhin, mal dahin. Da holte ich doch mal meine [&hellip;]<\/p>\n","protected":false},"author":2,"featured_media":0,"comment_status":"open","ping_status":"closed","sticky":false,"template":"","format":"standard","meta":{"footnotes":""},"categories":[6,2,1],"tags":[],"class_list":["post-109659","post","type-post","status-publish","format-standard","hentry","category-essen","category-fotos","category-general"],"_links":{"self":[{"href":"https:\/\/www.vorspeisenplatte.de\/speisen\/wp-json\/wp\/v2\/posts\/109659","targetHints":{"allow":["GET"]}}],"collection":[{"href":"https:\/\/www.vorspeisenplatte.de\/speisen\/wp-json\/wp\/v2\/posts"}],"about":[{"href":"https:\/\/www.vorspeisenplatte.de\/speisen\/wp-json\/wp\/v2\/types\/post"}],"author":[{"embeddable":true,"href":"https:\/\/www.vorspeisenplatte.de\/speisen\/wp-json\/wp\/v2\/users\/2"}],"replies":[{"embeddable":true,"href":"https:\/\/www.vorspeisenplatte.de\/speisen\/wp-json\/wp\/v2\/comments?post=109659"}],"version-history":[{"count":3,"href":"https:\/\/www.vorspeisenplatte.de\/speisen\/wp-json\/wp\/v2\/posts\/109659\/revisions"}],"predecessor-version":[{"id":109679,"href":"https:\/\/www.vorspeisenplatte.de\/speisen\/wp-json\/wp\/v2\/posts\/109659\/revisions\/109679"}],"wp:attachment":[{"href":"https:\/\/www.vorspeisenplatte.de\/speisen\/wp-json\/wp\/v2\/media?parent=109659"}],"wp:term":[{"taxonomy":"category","embeddable":true,"href":"https:\/\/www.vorspeisenplatte.de\/speisen\/wp-json\/wp\/v2\/categories?post=109659"},{"taxonomy":"post_tag","embeddable":true,"href":"https:\/\/www.vorspeisenplatte.de\/speisen\/wp-json\/wp\/v2\/tags?post=109659"}],"curies":[{"name":"wp","href":"https:\/\/api.w.org\/{rel}","templated":true}]}}