{"id":109731,"date":"2025-06-23T06:38:10","date_gmt":"2025-06-23T04:38:10","guid":{"rendered":"https:\/\/www.vorspeisenplatte.de\/speisen\/?p=109731"},"modified":"2025-06-23T15:32:05","modified_gmt":"2025-06-23T13:32:05","slug":"journal-sonntag-22-juni-2025-gebremst-aber-mit-japanischen-holzschnitten","status":"publish","type":"post","link":"https:\/\/www.vorspeisenplatte.de\/speisen\/2025\/06\/journal-sonntag-22-juni-2025-gebremst-aber-mit-japanischen-holzschnitten.htm","title":{"rendered":"Journal Sonntag, 22. Juni 2025 &#8211; Gebremst, aber mit japanischen Holzschnitten"},"content":{"rendered":"<p>Fr\u00fch aufgewacht, aber mit Aussicht auf ein Schl\u00e4fchen nach Schwimmrunde auf Liegewiese war das in Ordnung und passte mir eh gut.<\/p>\n<p>Auf dem Balkon war es bei wolkenlosem Sonnenschein Socken-und-Strickjacke-frisch. An der Wassersch\u00fcssel besuchten mich abwechselnd Amslerich und Kohlmeiserln, aber nur die Amsel lie\u00df sich nicht vom gez\u00fcckten Handy vertreiben.<\/p>\n<p><a href=\"https:\/\/www.vorspeisenplatte.de\/speisen\/archiv\/250622_03_Vogeltraenke.jpg\"><img loading=\"lazy\" decoding=\"async\" src=\"https:\/\/www.vorspeisenplatte.de\/speisen\/archiv\/250622_03_Vogeltraenke.jpg\" alt=\"\" width=\"388\" height=\"367\" class=\"alignnone size-full wp-image-109749\" \/><\/a><\/p>\n<p>Bloggen dauerte lang mit all den Bildern, eigentlich hatte ich fr\u00fch zum Schwimmen im Dantebad radeln wollen. Aber nachdem ich den Programmpunkt Wasserfilter-aktualisieren abgehakt hatte, wurde mir eh klar: Wenn ich alles durchzog, was ich mir f\u00fcr gestern vorgenommen hatte, w\u00fcrde ich trotz Aufstehen kurz nach sechs durch den Tag hetzen.<\/p>\n<p>Also erstmal Vollbremsung. Schwimmen strich ich mit der Rechtfertigung: Sonntags-volles Bad meh, nochmal volle Kanne Sonne nicht gesund f\u00fcr die Haut, vier Stunden Brutto-Aufwand zu hoch f\u00fcr eine Sport-Einheit. (Aber dann war ich an vier freien Tagen doch nur zwei sportlich unterwegs!)<\/p>\n<p>Statt dessen las ich noch Mastodon-Timeline (der Internet-Patientin geht es besser, als es sich in den vergangenen Monaten auch nur ansatzweise abzeichnete, alle trunken vor Freude).<\/p>\n<p>Zu Mittagscappuccino und einem kleinen Spaziergang zur Altkleidertonne ging ich raus in den Sommer. Ersteren trank ich unter jungen Leuten in der M\u00fcllerstra\u00dfe, zweiterer wurde ein M\u00e4ander-Spaziergang mit interessanten Anblicken. So holte man offensichtlich am Platz Am Glockenbach Fronleichnam nach (?): Uniformierte Blasmusik begleitete Kirchenlieder, Altar mit Monstranz, Pfarrer, Litanei. (Und Ministranten sind wohl heutzutage auch f\u00fcrs Fotografieren zust\u00e4ndig &#8211; vielleicht hat die Pfarrei Social Media?) Au\u00dferdem sah ich, dass in einem ehemaligen Schmuckladen in der Hans-Sachs-Stra\u00dfe <a href=\"https:\/\/lydiagastroph.de\/\" target=\"_blank\">jetzt eine Bestatterin ihr Gesch\u00e4ft aufgeschlagen hat<\/a>. <\/p>\n<p><a href=\"https:\/\/www.vorspeisenplatte.de\/speisen\/archiv\/250622_07_HansSachsStr.jpg\"><img loading=\"lazy\" decoding=\"async\" src=\"https:\/\/www.vorspeisenplatte.de\/speisen\/archiv\/250622_07_HansSachsStr.jpg\" alt=\"\" width=\"339\" height=\"461\" class=\"alignnone size-full wp-image-109750\" \/><\/a><\/p>\n<p><a href=\"https:\/\/www.vorspeisenplatte.de\/speisen\/archiv\/250622_09_AlterSuedfriedhof.jpg\"><img loading=\"lazy\" decoding=\"async\" src=\"https:\/\/www.vorspeisenplatte.de\/speisen\/archiv\/250622_09_AlterSuedfriedhof.jpg\" alt=\"\" width=\"414\" height=\"569\" class=\"alignnone size-full wp-image-109751\" \/><\/a><\/p>\n<p>Weiterspaziert \u00fcber den Alten S\u00fcdfriedhof, daran gedacht, wie sich heute \u00fcber die Bezeichnungen wie &#8220;Professorengattin&#8221; unter einem Frauennamen auf einem Grabstein lustig gemacht wird. Ich stellte mir eine Frau im fr\u00fchen 19. Jahrhundert vor, die sich von klein auf in das einzige ihr angebotene Karriereziel geworfen hatte: Eine gute Partie zu machen, also einen beg\u00fcterten Ehemann mit Status und Charakter zu bekommen. Die ihre gesamte Ausbildung, ihr Verhalten, ihren Umgang darauf ausgerichtet hatte, sorgf\u00e4ltig und mit Ehrgeiz (siehe Jane-Austen-Romane). Und die erfolgreich war, von einem Brauereibesitzer, einem Hofkapellmeister, einem Professor geheiratet wurde, ihm Kinder geboren hatte. Karriereziel erreicht, von vielen bewundert und beneidet. Und die sich heute erz\u00e4hlen lassen muss, dass ihre Anstrengungen und ihr Erfolg nichts gelten.<\/p>\n<p>Goetheplatz, Esperantoplatz: Kleidercontainer an der Theresienwiese gef\u00fcttert, einen top ausgestatteten Trimmdich-Pfad zwischen den Linden um die Theresienwiese entdeckt (dazu andermal mehr). W\u00e4hrend dieser guten Stunde unterwegs war es richtig hei\u00df geworden, ich freute mich beim Heimkommen sehr \u00fcber die k\u00fchle Wohnung.<\/p>\n<p>Fr\u00fchst\u00fcck bereits kurz nach eins (wenn ich keinen Sport treibe, bekomme ich fr\u00fcher Hunger): Walnussbrot und eine Sch\u00fcssel gemischtes Obst (Aprikosen, Pfirsiche, Kiwi, Orange). Und ich habe immer noch keinen bl\u00f6den Witz gemacht, <a href=\"https:\/\/www.brandstaetterverlag.com\/buch\/30-pflanzen-pro-woche\/\" target=\"_blank\">dass man Obst und Gem\u00fcse ja neuerdings durchz\u00e4hlen muss<\/a>, damit sie &#8220;gesund&#8221; sind. Verdammt, jetzt ist er doch passiert.<\/p>\n<p>Eine gestrichene Sporteinheit schafft Freiraum f\u00fcr Ideen: <a href=\"https:\/\/www.bsb-muenchen.de\/veranstaltungen-und-ausstellungen\/article\/farben-japans-holzschnitte-aus-der-sammlung-der-bayerischen-staatsbibliothek-6502\/\" target=\"_blank\">Da war ja noch die Ausstellung japanischer Holzschnitte in der Bayerischen Staatsbibliothek, &#8220;Farben Japans&#8221;<\/a>, die f\u00fcr so viel Furore sorgt &#8211; und in die ich sehr gerne mit Herrn Kaltmamsell gehen wollte, der schon von japanischen Holzschnitten schw\u00e4rmte, als wir uns kennenlernten.<\/p>\n<p>Wir gingen in gro\u00dfer Hitze langsam zur Stabi &#8211; und ich war bereits in der Eingangshalle begeistert \u00fcber den Aufwand der Ausstellung: Da wurde richtig viel Geld in die Hand genommen.<\/p>\n<p><a href=\"https:\/\/www.vorspeisenplatte.de\/speisen\/archiv\/250622_21_FarbenJapans.jpg\"><img loading=\"lazy\" decoding=\"async\" src=\"https:\/\/www.vorspeisenplatte.de\/speisen\/archiv\/250622_21_FarbenJapans.jpg\" alt=\"\" width=\"363\" height=\"484\" class=\"alignnone size-full wp-image-109752\" \/><\/a><\/p>\n<p><a href=\"https:\/\/www.vorspeisenplatte.de\/speisen\/archiv\/250622_24_FarbenJapans.jpg\"><img loading=\"lazy\" decoding=\"async\" src=\"https:\/\/www.vorspeisenplatte.de\/speisen\/archiv\/250622_24_FarbenJapans.jpg\" alt=\"\" width=\"383\" height=\"508\" class=\"alignnone size-full wp-image-109753\" \/><\/a><\/p>\n<p>Im Treppenhaus und in Nebenr\u00e4umen hingen Blow-ups von Holzschnitten, die allein schon sehenswert waren.<\/p>\n<p><a href=\"https:\/\/www.vorspeisenplatte.de\/speisen\/archiv\/250622_27_FarbenJapans.jpg\"><img loading=\"lazy\" decoding=\"async\" src=\"https:\/\/www.vorspeisenplatte.de\/speisen\/archiv\/250622_27_FarbenJapans.jpg\" alt=\"\" width=\"624\" height=\"407\" class=\"alignnone size-full \" \/><\/a><\/p>\n<p><a href=\"https:\/\/www.vorspeisenplatte.de\/speisen\/archiv\/250622_29_FarbenJapans.jpg\"><img loading=\"lazy\" decoding=\"async\" src=\"https:\/\/www.vorspeisenplatte.de\/speisen\/archiv\/250622_29_FarbenJapans.jpg\" alt=\"\" width=\"387\" height=\"452\" class=\"alignnone size-full wp-image-109755\" \/><\/a><\/p>\n<p><a href=\"https:\/\/www.vorspeisenplatte.de\/speisen\/archiv\/250622_31_FarbenJapans.jpg\"><img loading=\"lazy\" decoding=\"async\" src=\"https:\/\/www.vorspeisenplatte.de\/speisen\/archiv\/250622_31_FarbenJapans.jpg\" alt=\"\" width=\"380\" height=\"459\" class=\"alignnone size-full wp-image-109756\" \/><\/a><\/p>\n<p>Die Originale waren in drei R\u00e4umen im Obergescho\u00df ausgestellt, und die Schlange davor reichte bis weit in den Vorraum. Nun, Sonntag ist halt f\u00fcr Vollzeit-Berufst\u00e4tige die einzige Gelegenheit, wir reihten uns ein.<\/p>\n<p><a href=\"https:\/\/www.vorspeisenplatte.de\/speisen\/archiv\/250622_36_FarbenJapans.jpg\"><img loading=\"lazy\" decoding=\"async\" src=\"https:\/\/www.vorspeisenplatte.de\/speisen\/archiv\/250622_36_FarbenJapans.jpg\" alt=\"\" width=\"296\" height=\"398\" class=\"alignnone size-full wp-image-109757\" \/><\/a><\/p>\n<p><a href=\"https:\/\/www.vorspeisenplatte.de\/speisen\/archiv\/250622_37_FarbenJapans.jpg\"><img loading=\"lazy\" decoding=\"async\" src=\"https:\/\/www.vorspeisenplatte.de\/speisen\/archiv\/250622_37_FarbenJapans.jpg\" alt=\"\" width=\"350\" height=\"454\" class=\"alignnone size-full wp-image-109758\" \/><\/a><\/p>\n<p><a href=\"https:\/\/www.vorspeisenplatte.de\/speisen\/archiv\/250622_38_FarbenJapans.jpg\"><img loading=\"lazy\" decoding=\"async\" src=\"https:\/\/www.vorspeisenplatte.de\/speisen\/archiv\/250622_38_FarbenJapans.jpg\" alt=\"\" width=\"383\" height=\"476\" class=\"alignnone size-full wp-image-109759\" \/><\/a><\/p>\n<p><a href=\"https:\/\/www.vorspeisenplatte.de\/speisen\/archiv\/250622_39_FarbenJapans.jpg\"><img loading=\"lazy\" decoding=\"async\" src=\"https:\/\/www.vorspeisenplatte.de\/speisen\/archiv\/250622_39_FarbenJapans.jpg\" alt=\"\" width=\"393\" height=\"505\" class=\"alignnone size-full wp-image-109760\" \/><\/a><\/p>\n<p><a href=\"https:\/\/www.vorspeisenplatte.de\/speisen\/archiv\/250622_40_FarbenJapans.jpg\"><img loading=\"lazy\" decoding=\"async\" src=\"https:\/\/www.vorspeisenplatte.de\/speisen\/archiv\/250622_40_FarbenJapans.jpg\" alt=\"\" width=\"353\" height=\"613\" class=\"alignnone size-full wp-image-109761\" srcset=\"https:\/\/www.vorspeisenplatte.de\/speisen\/archiv\/250622_40_FarbenJapans.jpg 353w, https:\/\/www.vorspeisenplatte.de\/speisen\/archiv\/250622_40_FarbenJapans-346x600.jpg 346w\" sizes=\"auto, (max-width: 353px) 100vw, 353px\" \/><\/a><\/p>\n<p><a href=\"https:\/\/www.vorspeisenplatte.de\/speisen\/archiv\/250622_41_FarbenJapans.jpg\"><img loading=\"lazy\" decoding=\"async\" src=\"https:\/\/www.vorspeisenplatte.de\/speisen\/archiv\/250622_41_FarbenJapans.jpg\" alt=\"\" width=\"400\" height=\"520\" class=\"alignnone size-full wp-image-109762\" \/><\/a><\/p>\n<p>Dieses Motiv h\u00e4tte ich ja &#8220;Sonntagabend&#8221; genannt, aber ich wei\u00df nicht, ob die japanische Kultur ein Konzept von bedrohlichem Montag hat.<\/p>\n<p><a href=\"https:\/\/www.vorspeisenplatte.de\/speisen\/archiv\/250622_44_FarbenJapans.jpg\"><img loading=\"lazy\" decoding=\"async\" src=\"https:\/\/www.vorspeisenplatte.de\/speisen\/archiv\/250622_44_FarbenJapans.jpg\" alt=\"\" width=\"439\" height=\"423\" class=\"alignnone size-full wp-image-109763\" \/><\/a><\/p>\n<p>Nur einen Teil der Ausstellung konnte ich genau ansehen, mir nur einen Bruchteil per Audio-Guide erkl\u00e4ren lassen (eigentlich h\u00e4tte ich alles h\u00f6ren wollen, an den Drucken hingen nur Titel, Autor, Jahr) &#8211; und so kam ich mit deutlich mehr Fragen raus, als ich reingegangen war, angefangen mit: Woher hat die Bayerische Staatsbibliothek diesen Bestand von nach eigenen Aussagen<br \/>\n&#8220;90 000 gedruckte B\u00e4nde, 100 Handschriften und 1000 Einblattdrucke&#8221;? Wer hat da wann warum gesammelt? Und abgesehen von den Abgr\u00fcnden an Nichtwissen, die mir durch die Ausstellung klarwurden (u.a. japanische Geschichte, Kulturgeschichte, Selbstdefinition): Aus welcher Perspektive werden die Informationen des Audio-Guides geschildert? Ist das unsere westliche Sicht und Analyse? W\u00fcrde jemand aus der japanischen Kultur das auch so klassifizieren? Aber vielleicht steckten die Antworten ja im nicht geh\u00f6rten Teil des Audioguides oder im (vergriffenen) Ausstellungskatalog.<\/p>\n<p>Heimweg wieder langsam in immer noch gro\u00dfer Hitze und mit Gespr\u00e4chen \u00fcber japanische Gesellschaftsgeschichte; Herr Kaltmamsell und ich warfen zusammen, was wir zu wissen glaubten (Herr Kaltmamsell hatte \u00fcber seine Rollenspiel-Vergangenheit deutlichen Vorsprung).<\/p>\n<p>Erneut gro\u00dfe Freude \u00fcber die k\u00fchle Wohnung. N\u00e4chsten Sommer-Programmpunkt abgehakt: Eiskaffee (immer nur daheim, weil nur dort koffeinfrei).<\/p>\n<p>Eine Runde Pilates, Vorbereitungen der Arbeitswoche. Herr Kaltmamsell hatte als Nachtmahl aus Ernteanteil-Mangold und -Pakchoi mal wieder <a href=\"https:\/\/www.theguardian.com\/food\/2023\/jun\/05\/picnic-pie-greens-parmesan-recipe-rachel-roddy\" target=\"_blank\">Rachel Roddys Picknick-Pie<\/a> gemacht, ganz wunderbar. Nachtisch nur wenig S\u00fc\u00dfigkeiten.<\/p>\n<p>\u00a7<\/p>\n<p>HAHAHA &#8211; Komm\u00f6dienstadel am Brombachsee!<br \/>\n<a href=\"https:\/\/www.br.de\/nachrichten\/bayern\/wilder-wels-fisch-beisst-badegaeste-und-wird-erschossen,UopBqAo\" target=\"_blank\">&#8220;Wilder Wels: Fisch bei\u00dft Badeg\u00e4ste &#8211; und wird erschossen&#8221;.<\/a><br \/>\n<i>Not funny (yes funny).<\/i> <img loading=\"lazy\" decoding=\"async\" src=\"https:\/\/vg01.met.vgwort.de\/na\/5b552a28748847c3be03c75da88028f1\" width=\"1\" height=\"1\" alt=\"\"\/><\/p>\n","protected":false},"excerpt":{"rendered":"<p>Fr\u00fch aufgewacht, aber mit Aussicht auf ein Schl\u00e4fchen nach Schwimmrunde auf Liegewiese war das in Ordnung und passte mir eh gut. Auf dem Balkon war es bei wolkenlosem Sonnenschein Socken-und-Strickjacke-frisch. An der Wassersch\u00fcssel besuchten mich abwechselnd Amslerich und Kohlmeiserln, aber nur die Amsel lie\u00df sich nicht vom gez\u00fcckten Handy vertreiben. Bloggen dauerte lang mit all [&hellip;]<\/p>\n","protected":false},"author":2,"featured_media":0,"comment_status":"open","ping_status":"closed","sticky":false,"template":"","format":"standard","meta":{"footnotes":""},"categories":[2,1],"tags":[],"class_list":["post-109731","post","type-post","status-publish","format-standard","hentry","category-fotos","category-general"],"_links":{"self":[{"href":"https:\/\/www.vorspeisenplatte.de\/speisen\/wp-json\/wp\/v2\/posts\/109731","targetHints":{"allow":["GET"]}}],"collection":[{"href":"https:\/\/www.vorspeisenplatte.de\/speisen\/wp-json\/wp\/v2\/posts"}],"about":[{"href":"https:\/\/www.vorspeisenplatte.de\/speisen\/wp-json\/wp\/v2\/types\/post"}],"author":[{"embeddable":true,"href":"https:\/\/www.vorspeisenplatte.de\/speisen\/wp-json\/wp\/v2\/users\/2"}],"replies":[{"embeddable":true,"href":"https:\/\/www.vorspeisenplatte.de\/speisen\/wp-json\/wp\/v2\/comments?post=109731"}],"version-history":[{"count":3,"href":"https:\/\/www.vorspeisenplatte.de\/speisen\/wp-json\/wp\/v2\/posts\/109731\/revisions"}],"predecessor-version":[{"id":109784,"href":"https:\/\/www.vorspeisenplatte.de\/speisen\/wp-json\/wp\/v2\/posts\/109731\/revisions\/109784"}],"wp:attachment":[{"href":"https:\/\/www.vorspeisenplatte.de\/speisen\/wp-json\/wp\/v2\/media?parent=109731"}],"wp:term":[{"taxonomy":"category","embeddable":true,"href":"https:\/\/www.vorspeisenplatte.de\/speisen\/wp-json\/wp\/v2\/categories?post=109731"},{"taxonomy":"post_tag","embeddable":true,"href":"https:\/\/www.vorspeisenplatte.de\/speisen\/wp-json\/wp\/v2\/tags?post=109731"}],"curies":[{"name":"wp","href":"https:\/\/api.w.org\/{rel}","templated":true}]}}