{"id":109977,"date":"2025-07-02T06:24:38","date_gmt":"2025-07-02T04:24:38","guid":{"rendered":"https:\/\/www.vorspeisenplatte.de\/speisen\/?p=109977"},"modified":"2025-07-02T06:24:38","modified_gmt":"2025-07-02T04:24:38","slug":"journal-dienstag-1-juli-2025-lerche-laeuft-der-hitze-davon","status":"publish","type":"post","link":"https:\/\/www.vorspeisenplatte.de\/speisen\/2025\/07\/journal-dienstag-1-juli-2025-lerche-laeuft-der-hitze-davon.htm","title":{"rendered":"Journal Dienstag, 1. Juli 2025 &#8211; Lerche l\u00e4uft der Hitze davon"},"content":{"rendered":"<p>Wieder erst deutlich nach Mitternacht Fenster und T\u00fcren ins Drau\u00dfen ge\u00f6ffnet, ich setze sehr auf den angek\u00fcndigten Temperaturabfall durch Gewitter am Donnerstagabend.<\/p>\n<p>Sehr fr\u00fcher Wecker f\u00fcr einen Lerchenlauf an der Isar vor der Hitze. Diesmal lief ich die vertraute Runde Alter S\u00fcdfriedhof-Flaucher und zur\u00fcck mal in die Gegenrichtung, hin auf der Nordwestseite hinterm Flaucher-Biergarten vorbei, zur\u00fcck auf der S\u00fcdost-Seite (nicht so angenehm wie sonst, weil mir so rum auf dem R\u00fcckweg die Morgensonne ins Gesicht schien).<\/p>\n<p>Sch\u00f6nes Laufen, keine Beschwerden, ich bekam an manchen Stellen nochmal ein bisschen Lindenbl\u00fctenduft, aber schon angealtert. Auffallend: Gestern waren deutlich fr\u00fcher bereits reichlich Jogger*innen unterwegs, ich nehme an von der Hitze getrieben.<\/p>\n<p><a href=\"https:\/\/www.vorspeisenplatte.de\/speisen\/archiv\/250701_14_Flaucher.jpg\"><img loading=\"lazy\" decoding=\"async\" src=\"https:\/\/www.vorspeisenplatte.de\/speisen\/archiv\/250701_14_Flaucher.jpg\" alt=\"\" width=\"552\" height=\"433\" class=\"alignnone size-full \" \/><\/a><\/p>\n<p><a href=\"https:\/\/www.vorspeisenplatte.de\/speisen\/archiv\/250701_15_Flaucher.jpg\"><img loading=\"lazy\" decoding=\"async\" src=\"https:\/\/www.vorspeisenplatte.de\/speisen\/archiv\/250701_15_Flaucher.jpg\" alt=\"\" width=\"465\" height=\"529\" class=\"alignnone size-full wp-image-110021\" \/><\/a><\/p>\n<p><a href=\"https:\/\/www.vorspeisenplatte.de\/speisen\/archiv\/250701_19_BraunauerEisenbahnbr.jpg\"><img loading=\"lazy\" decoding=\"async\" src=\"https:\/\/www.vorspeisenplatte.de\/speisen\/archiv\/250701_19_BraunauerEisenbahnbr.jpg\" alt=\"\" width=\"600\" height=\"446\" class=\"alignnone size-full \" \/><\/a><\/p>\n<p><a href=\"https:\/\/www.vorspeisenplatte.de\/speisen\/archiv\/250701_22a_Wittelsbacherbr.jpg\"><img loading=\"lazy\" decoding=\"async\" src=\"https:\/\/www.vorspeisenplatte.de\/speisen\/archiv\/250701_22a_Wittelsbacherbr.jpg\" alt=\"\" width=\"432\" height=\"606\" class=\"alignnone size-full wp-image-110023\" srcset=\"https:\/\/www.vorspeisenplatte.de\/speisen\/archiv\/250701_22a_Wittelsbacherbr.jpg 432w, https:\/\/www.vorspeisenplatte.de\/speisen\/archiv\/250701_22a_Wittelsbacherbr-428x600.jpg 428w\" sizes=\"auto, (max-width: 432px) 100vw, 432px\" \/><\/a><\/p>\n<p>Lerchenlauf-Skurrilit\u00e4t kurz vor Ende: Ich h\u00f6rte einen L\u00e4ufer hinter mir in einer mir fremden Sprache telefonieren, ich tippte auf Chinesisch. Beim \u00dcberholen gr\u00fc\u00dfte er mich \u00fcberraschend auf Englisch, hielt mir im Laufen den Bildschirm seines Handys hin, quer: &#8220;My daughter!&#8221; Ich sah eine Stirn, dar\u00fcber schwarze Haare, dann schoben sich kurz Kleinkindaugen ins Bild. Ich winkte und machte die hoffentlich angemessenen &#8220;Awww! Adorable!&#8221;-Laute, er erg\u00e4nzte begeistert: &#8220;In China!&#8221;, ich begeistere mich mit &#8211; musste dann aber hoch auf die Wittelsbacherbr\u00fccke abbiegen.<\/p>\n<p>Die Wohnung gr\u00fcndlich gegen Hitze verdunkelt und verschlossen (Fenster in den Innenhof auf Kipp), zackig in die Arbeit marschiert &#8211; bereits um acht in steil steigenden Temperaturen.<\/p>\n<p>Emsiger Arbeitsvormittag, eine meiner Aufgaben war erstmals die Moderation einer ganz gro\u00dfen Online-Runde &#8211; die ich erwachsen so einordnen konnte, dass der eigentlich optimale Einstieg bei diesen Temperaturen, &#8220;GOOOOOOOD MORNING VIETNAAAAAAAAM!&#8221;, unangebracht war. Schade.<\/p>\n<p>Diesmal fiel mir erst kurz vor Mittag des Monatsersten auf, dass ich die Lieblings-Kurzposts f\u00fcr Juni vergessen hatte, zefix. Ich beschloss sie nachzuholen (u.a. weil <a href=\"https:\/\/crocodylus.blog\/2025\/07\/01\/lieblingsposts-im-juni-25\/\" target=\"_blank\">die diesmonatige Ernte von @croco<\/a> so gro\u00dfartig ist), gab meine Mittagspause daf\u00fcr dran (nebenher Mango mit Joghurt sowie einen Becher Quark gel\u00f6ffelt).<\/p>\n<p>Nun mag ich ja Nicht-Winter sehr gerne, liebe W\u00e4rme, offene Fenster, leichte Kleidung, lange Tage. Mit Hitze aber komme ich schlecht zurecht, sie l\u00e4hmt mich. Dass es bei uns auch richtige Hitze-Fans gibt, vergesse ich dann gerne, doch gestern h\u00f6rte ich mehrfach Menschen vom aktuellen Wetter schw\u00e4rmen (&#8220;Endlich Sommer!&#8221; etc.) und erinnerte mich. Ach, das ist halt meine spanische Seite: DIE Spanierinnen bleiben bei Hitze ja auch lieber drinnen im K\u00fchlen.<\/p>\n<p>Anstrengender Nachmittag, unter anderem weil mich LWS-Schmerzen plagten. Nach Feierabend trat ich vorsichtig ins Drau\u00dfen: Langsamen Schrittes und mit m\u00f6glichst hohem Schattenanteil war der Heimweg ohne gro\u00dfes Leid zu bew\u00e4ltigen. Unterwegs Eink\u00e4ufe beim Lidl und im Drogeriemarkt.<\/p>\n<p>Zu Hause startete ich wieder ein 30-Tage-Programm von Adriene, diesmal &#8220;Home&#8221;. Nur dass ich diese erste Folge abbrach: Beim vierten Werbeblock in 30 Minuten hatte ich die Schnauze voll &#8211; dabei kannte ich bislang Adriene-Yoga auf YouTube nur ohne Werbung. (Yoga mit Unterbrechung geht halt gar nicht.) K\u00fcnftig werde ich auf die Downloads davon zur\u00fcckgreifen, die Herr Kaltmamsell gesichert hat.<\/p>\n<p>Vereinbarungsgem\u00e4\u00df servierte Herr Kaltmamsell als Nachtmahl Wurstsalat, hatte dazu besonders gute Regensburger verwendet (beim Metzger Setschin in der Metzgerzeile am Viktualienmarkt gekauft). Nachtisch Eiscreme (Schwarzw\u00e4lder Kirsch vom Lidl) und S\u00fc\u00dfigkeiten.<\/p>\n<p>Fr\u00fch ins Bett zum Lesen &#8211; bei geschlossenem Fenster. <img loading=\"lazy\" decoding=\"async\" src=\"https:\/\/vg01.met.vgwort.de\/na\/de4aa03c2e104c1a89cf87f9be55541a\" width=\"1\" height=\"1\" alt=\"\"\/><\/p>\n","protected":false},"excerpt":{"rendered":"<p>Wieder erst deutlich nach Mitternacht Fenster und T\u00fcren ins Drau\u00dfen ge\u00f6ffnet, ich setze sehr auf den angek\u00fcndigten Temperaturabfall durch Gewitter am Donnerstagabend. Sehr fr\u00fcher Wecker f\u00fcr einen Lerchenlauf an der Isar vor der Hitze. Diesmal lief ich die vertraute Runde Alter S\u00fcdfriedhof-Flaucher und zur\u00fcck mal in die Gegenrichtung, hin auf der Nordwestseite hinterm Flaucher-Biergarten vorbei, [&hellip;]<\/p>\n","protected":false},"author":2,"featured_media":0,"comment_status":"open","ping_status":"closed","sticky":false,"template":"","format":"standard","meta":{"footnotes":""},"categories":[2,1],"tags":[],"class_list":["post-109977","post","type-post","status-publish","format-standard","hentry","category-fotos","category-general"],"_links":{"self":[{"href":"https:\/\/www.vorspeisenplatte.de\/speisen\/wp-json\/wp\/v2\/posts\/109977","targetHints":{"allow":["GET"]}}],"collection":[{"href":"https:\/\/www.vorspeisenplatte.de\/speisen\/wp-json\/wp\/v2\/posts"}],"about":[{"href":"https:\/\/www.vorspeisenplatte.de\/speisen\/wp-json\/wp\/v2\/types\/post"}],"author":[{"embeddable":true,"href":"https:\/\/www.vorspeisenplatte.de\/speisen\/wp-json\/wp\/v2\/users\/2"}],"replies":[{"embeddable":true,"href":"https:\/\/www.vorspeisenplatte.de\/speisen\/wp-json\/wp\/v2\/comments?post=109977"}],"version-history":[{"count":3,"href":"https:\/\/www.vorspeisenplatte.de\/speisen\/wp-json\/wp\/v2\/posts\/109977\/revisions"}],"predecessor-version":[{"id":110030,"href":"https:\/\/www.vorspeisenplatte.de\/speisen\/wp-json\/wp\/v2\/posts\/109977\/revisions\/110030"}],"wp:attachment":[{"href":"https:\/\/www.vorspeisenplatte.de\/speisen\/wp-json\/wp\/v2\/media?parent=109977"}],"wp:term":[{"taxonomy":"category","embeddable":true,"href":"https:\/\/www.vorspeisenplatte.de\/speisen\/wp-json\/wp\/v2\/categories?post=109977"},{"taxonomy":"post_tag","embeddable":true,"href":"https:\/\/www.vorspeisenplatte.de\/speisen\/wp-json\/wp\/v2\/tags?post=109977"}],"curies":[{"name":"wp","href":"https:\/\/api.w.org\/{rel}","templated":true}]}}