{"id":110031,"date":"2025-07-03T06:23:27","date_gmt":"2025-07-03T04:23:27","guid":{"rendered":"https:\/\/www.vorspeisenplatte.de\/speisen\/?p=110031"},"modified":"2025-07-03T06:23:27","modified_gmt":"2025-07-03T04:23:27","slug":"journal-mittwoch-2-juli-2025-pruegelhitze-und-abendliche-abkuehlung","status":"publish","type":"post","link":"https:\/\/www.vorspeisenplatte.de\/speisen\/2025\/07\/journal-mittwoch-2-juli-2025-pruegelhitze-und-abendliche-abkuehlung.htm","title":{"rendered":"Journal Mittwoch, 2. Juli 2025 &#8211; Pr\u00fcgelhitze und abendliche Abk\u00fchlung"},"content":{"rendered":"<p>Nach n\u00e4chtlichem \u00d6ffnen der Au\u00dfenfenster und -t\u00fcren lie\u00df ich auch meine Schlafzimmert\u00fcr offen: Mehr K\u00fchle auf Durchzug.<\/p>\n<p>Um Pepp in meinen ewig gleichen Sommerarbeitstagmorgen zu bringen, verlegte ich den Balkonkaffee auf den anderen, den K\u00fcchenbalkon.<\/p>\n<p><a href=\"https:\/\/www.vorspeisenplatte.de\/speisen\/archiv\/250702_02a_Kuechenbalkonkaffee.jpg\"><img loading=\"lazy\" decoding=\"async\" src=\"https:\/\/www.vorspeisenplatte.de\/speisen\/archiv\/250702_02a_Kuechenbalkonkaffee.jpg\" alt=\"\" width=\"363\" height=\"456\" class=\"alignnone size-full wp-image-110043\" \/><\/a><\/p>\n<p>Und stellte fest, dass ich von hier aus mehr geboten bekam, ich sah n\u00e4mlich Passant*innen auf dem Gehweg vorm Haus.<\/p>\n<p>Der Vormittag dominiert von einer beruflichen Veranstaltung au\u00dfer Haus, zu der ich zu Fu\u00df ging &#8211; auf dem Hinweg deutlich lieber als auf dem hei\u00dfen R\u00fcckweg.<\/p>\n<p><a href=\"https:\/\/www.vorspeisenplatte.de\/speisen\/archiv\/250702_10_Friedenheimerbr.jpg\"><img loading=\"lazy\" decoding=\"async\" src=\"https:\/\/www.vorspeisenplatte.de\/speisen\/archiv\/250702_10_Friedenheimerbr.jpg\" alt=\"\" width=\"337\" height=\"564\" class=\"alignnone size-full wp-image-110044\" \/><\/a><\/p>\n<p>Die Veranstaltungshalle war gut temperiert: Meinen F\u00e4cher brauchte ich nicht, lediglich um das mitgebrachte Trinkwasser war ich froh. Und die Pr\u00fcgelhitze auf dem R\u00fcckweg bescherte mir zumindest eine Eidechsensichtung.<\/p>\n<p>Mein Mittagessen erweiterte ich um eine Tasse l\u00f6sliche Gem\u00fcsebr\u00fche: Ich habe den Verdacht, dass ich bei all meiner Wasser- und Kr\u00e4utertee-Trinkerei die Salzzufuhr vernachl\u00e4ssige und der nachmitt\u00e4gliche Schwindel daher r\u00fchren k\u00f6nnte. Dann gab&#8217;s Quark mit Joghurt gefolgt von Kiwi und Aprikosen &#8211; was sich als schlechte Kombination erwies: Dass Kiwi Milcheiwei\u00df bitter macht, wusste ich, dass daf\u00fcr Milcheiwei\u00df-Reste auf der Zunge reichen, bis gestern nicht. K\u00fcnftig also Kiwi und Milcheiwei\u00df nicht in derselben Mahlzeit (Kiwi-koscher).<\/p>\n<p>Seit Dienstagabend \u00c4rger mit DHL: Das Paket, das am Dienstag ankommen sollte und f\u00fcr das ich &#8220;Haust\u00fcr&#8221; als Ablageort angegeben hatte, kam nicht. Da ich trotz hinterlegter E-Mail-Adresse auch keine Info dazu erhielt, checkte ich die Sendungsverfolgung: &#8220;Zustellung nicht m\u00f6glich. Abholinfos folgen per Brief&#8221; mit der Begr\u00fcndung &#8220;Ablageort\/Nachbar nicht zul\u00e4ssig: Nicht nutzbar\/zug\u00e4nglich\/auffindbar.&#8221;<br \/>\nTiefer Seufzer, wohl eine neue und unkundige Zustellperson.<br \/>\nHerr Kaltmamsell fand eine Karte in der Mittwochspost, war sogar so ungemein lieb, zum angegebenen Rewe zum Abholen zu gehen &#8211; doch das Paket war dort entgegen der Ank\u00fcndigung noch nicht eingetroffen. Zum Gl\u00fcck in diesem Fall keine verderblichen Crowdfunding-Fr\u00fcchte.<\/p>\n<p>Zu Feierabend war es unangenehm hei\u00df, doch es bauten sich verhei\u00dfungsvolle Gewitterwolken am Himmel auf. Als ich nach Lebensmitteleink\u00e4ufen heimkam, musste ich das Licht einschalten. Es brauchte aber bis nach meiner Einheit Yoga-Gymnastik (gut und dank Quelle Festplatte verl\u00e4sslich ohne Werbung), dass es blitzte und donnerte, dann auch regnete und &#8211; hurra! &#8211; abk\u00fchlte.<\/p>\n<p>Nach dem Abendessen (Herr Kaltmamsell servierte Manti &#8211; also t\u00fcrkische Mini-Nudeltaschen &#8211; mit Paprikabutter und Labne) hatten sich die Gewitterwinde gelegt, wir \u00f6ffneten die Fenster. Nachtisch S\u00fc\u00dfigkeiten.<\/p>\n<p>Die Inbetriebnahme des neuen Rechners verschob ich aufs Wochenende, daf\u00fcr m\u00f6chte ich Ruhe und Zeit.<\/p>\n<p>\u00a7<\/p>\n<p>Irgendwann wird professionellen Portr\u00e4t- und Festfotograf*innen etwas einfallen m\u00fcssen, wie ihre perfekten Werke nicht f\u00fcr KI-erstellt gehalten werden.<br \/>\n(Z.B. <a href=\"https:\/\/www.instagram.com\/p\/DLiF22ksHab\/\" target=\"_blank\">die Kindstauf-Fotos, die ich gestern auf instagram sah<\/a>.)<\/p>\n<p>Vielleicht schl\u00e4gt dadurch aber die n\u00e4chste gro\u00dfe Stunde der Portr\u00e4tmaler*innen.<\/p>\n<p>\u00a7<\/p>\n<p>Gelegenheit f\u00fcr einen random Tipp, wie man Google dazu bringt, Websites als Suchergebnisse anzuzeigen und keine halbscharige und enorm fehlerbehaftete Zusammenfassung (ohne unter der Sucheingabe erst m\u00fchsam &#8220;Web&#8221; als Option herbeizuklicken): Die drei Zeichen -ai an den Suchbegriff anh\u00e4ngen. Geht f\u00fcr mich schneller als &#8220;fucking&#8221; in die Suchbegriffe einzubauen &#8211; was allerdings auch wirkt.<\/p>\n<p>\u00a7<\/p>\n<p>Sch\u00f6ne <a href=\"https:\/\/www.instagram.com\/p\/DLKDMuANvJ-\" target=\"_blank\">Selfie-Serie des British Museums auf instagram<\/a>.<\/p>\n<p>Ach, und wenn wir schon mal da sind: <a href=\"https:\/\/www.instagram.com\/p\/DLme_JQMDkl\/\" target=\"_blank\">Ein Blick in den Keller des British Museums, wo St\u00e4rkebrei&#8230; reift.<\/a> <img loading=\"lazy\" decoding=\"async\" src=\"https:\/\/vg01.met.vgwort.de\/na\/03b9848ea4ce495ea74f7bdb6e6cde10\" width=\"1\" height=\"1\" alt=\"\"\/><\/p>\n","protected":false},"excerpt":{"rendered":"<p>Nach n\u00e4chtlichem \u00d6ffnen der Au\u00dfenfenster und -t\u00fcren lie\u00df ich auch meine Schlafzimmert\u00fcr offen: Mehr K\u00fchle auf Durchzug. Um Pepp in meinen ewig gleichen Sommerarbeitstagmorgen zu bringen, verlegte ich den Balkonkaffee auf den anderen, den K\u00fcchenbalkon. Und stellte fest, dass ich von hier aus mehr geboten bekam, ich sah n\u00e4mlich Passant*innen auf dem Gehweg vorm Haus. [&hellip;]<\/p>\n","protected":false},"author":2,"featured_media":0,"comment_status":"open","ping_status":"closed","sticky":false,"template":"","format":"standard","meta":{"footnotes":""},"categories":[2,1],"tags":[],"class_list":["post-110031","post","type-post","status-publish","format-standard","hentry","category-fotos","category-general"],"_links":{"self":[{"href":"https:\/\/www.vorspeisenplatte.de\/speisen\/wp-json\/wp\/v2\/posts\/110031","targetHints":{"allow":["GET"]}}],"collection":[{"href":"https:\/\/www.vorspeisenplatte.de\/speisen\/wp-json\/wp\/v2\/posts"}],"about":[{"href":"https:\/\/www.vorspeisenplatte.de\/speisen\/wp-json\/wp\/v2\/types\/post"}],"author":[{"embeddable":true,"href":"https:\/\/www.vorspeisenplatte.de\/speisen\/wp-json\/wp\/v2\/users\/2"}],"replies":[{"embeddable":true,"href":"https:\/\/www.vorspeisenplatte.de\/speisen\/wp-json\/wp\/v2\/comments?post=110031"}],"version-history":[{"count":3,"href":"https:\/\/www.vorspeisenplatte.de\/speisen\/wp-json\/wp\/v2\/posts\/110031\/revisions"}],"predecessor-version":[{"id":110054,"href":"https:\/\/www.vorspeisenplatte.de\/speisen\/wp-json\/wp\/v2\/posts\/110031\/revisions\/110054"}],"wp:attachment":[{"href":"https:\/\/www.vorspeisenplatte.de\/speisen\/wp-json\/wp\/v2\/media?parent=110031"}],"wp:term":[{"taxonomy":"category","embeddable":true,"href":"https:\/\/www.vorspeisenplatte.de\/speisen\/wp-json\/wp\/v2\/categories?post=110031"},{"taxonomy":"post_tag","embeddable":true,"href":"https:\/\/www.vorspeisenplatte.de\/speisen\/wp-json\/wp\/v2\/tags?post=110031"}],"curies":[{"name":"wp","href":"https:\/\/api.w.org\/{rel}","templated":true}]}}