{"id":110055,"date":"2025-07-04T06:22:14","date_gmt":"2025-07-04T04:22:14","guid":{"rendered":"https:\/\/www.vorspeisenplatte.de\/speisen\/?p=110055"},"modified":"2025-07-04T11:16:13","modified_gmt":"2025-07-04T09:16:13","slug":"journal-donnerstag-3-juli-2025-hochsommerlichkeiten","status":"publish","type":"post","link":"https:\/\/www.vorspeisenplatte.de\/speisen\/2025\/07\/journal-donnerstag-3-juli-2025-hochsommerlichkeiten.htm","title":{"rendered":"Journal Donnerstag, 3. Juli 2025 &#8211; Hochsommerlichkeiten"},"content":{"rendered":"<p>Sehr unruhige Nacht, weil im Park vor meinem Schlafzimmerfenster rumgebr\u00fcllt wurde. Dass eine weitere L\u00e4rmquelle Musik war, merkte ich wegen der Br\u00fcll-Lautst\u00e4rke erst beim Morgenkaffee auf dem Balkon, weil die Br\u00fcller*innen jetzt zu heiser zum \u00dcbert\u00f6nen waren.<\/p>\n<p><a href=\"https:\/\/www.vorspeisenplatte.de\/speisen\/archiv\/250703_01_KuechenbalkonKaffee.jpg\"><img loading=\"lazy\" decoding=\"async\" class=\"alignnone size-full wp-image-110066\" src=\"https:\/\/www.vorspeisenplatte.de\/speisen\/archiv\/250703_01_KuechenbalkonKaffee.jpg\" alt=\"\" width=\"348\" height=\"484\" \/><\/a><\/p>\n<p>Beim Verlassen des Hauses sah ich nach, wer mich da meinen Nachtschlaf gekostet hatte: Drei Personen auf einer Parkbank reichen, zumindest eine davon offensichtlich komplett unzurechnungsf\u00e4hig und verwahrlost. Nein, ich m\u00f6chte nicht mit ihr tauschen. Aber schlafen m\u00f6chte ich halt schon.<\/p>\n<p><a href=\"https:\/\/www.vorspeisenplatte.de\/speisen\/archiv\/250703_02_Gollierstr.jpg\"><img loading=\"lazy\" decoding=\"async\" class=\"alignnone size-full wp-image-110068\" src=\"https:\/\/www.vorspeisenplatte.de\/speisen\/archiv\/250703_02_Gollierstr.jpg\" alt=\"\" width=\"382\" height=\"538\" \/><\/a><\/p>\n<p>Hochsommer in der Gollierstra\u00dfe.<\/p>\n<p>Arbeitsvormittag gut und effizient machbar. Mittagscappuccino im Westend, der Weg nicht zu hei\u00df und mit sch\u00f6nem Wind.<\/p>\n<p>Zu Mittag gab es Gem\u00fcsebr\u00fche, N\u00fcsse, H\u00fcttenk\u00e4se, hervorragende Aprikosen.<\/p>\n<p>Auch der Arbeitsnachmittag war gut machbar, wie angek\u00fcndigt zog der Himmel zu.<\/p>\n<p>Gegen Feierabend (mein sch\u00f6nes B\u00fcro-Wasserglas ging beim Sp\u00fclen kaputt, ach meia) verratschte ich mich mit einem Kollegen (Alte-Leute-Gespr\u00e4ch \u00fcber das Verschwinden gesch\u00e4tzter Gesch\u00e4fte in der Innenstadt), dabei war ich doch verabredet: Mit Herrn Kaltmamsell hatte ich in der Brasserie Colette reserviert, um das <a href=\"https:\/\/brasseriecolette.de\/neuigkeiten\/summer-special-muc\" target=\"_blank\" rel=\"noopener\">Steak Frites Sommermen\u00fc<\/a> zu essen.<\/p>\n<p>Auf dem Weg von daheim dorthin regnete es ein wenig, dass es das auch weiterhin immer wieder tat, sahen wir von unserem Platz am Fenster der Brasserie.<\/p>\n<p>Wir starteten mit einem Glas Cremant und a\u00dfen dann wieder \u00fcberdurchschnittlich gut.<\/p>\n<p><a href=\"https:\/\/www.vorspeisenplatte.de\/speisen\/archiv\/250703_10_BrasserieColette.jpg\"><img loading=\"lazy\" decoding=\"async\" class=\"alignnone size-full wp-image-110069\" src=\"https:\/\/www.vorspeisenplatte.de\/speisen\/archiv\/250703_10_BrasserieColette.jpg\" alt=\"\" width=\"333\" height=\"410\" \/><\/a><\/p>\n<p>Kopfsalatherz mit Traube, Schalotte, frittierten Zwiebelringen, Cr\u00e8me fra\u00eeche, Petersiliendressing &#8211; herrlich fruchtig.<\/p>\n<p><a href=\"https:\/\/www.vorspeisenplatte.de\/speisen\/archiv\/250703_11_BrasserieColette.jpg\"><img loading=\"lazy\" decoding=\"async\" class=\"alignnone size-full wp-image-110070\" src=\"https:\/\/www.vorspeisenplatte.de\/speisen\/archiv\/250703_11_BrasserieColette.jpg\" alt=\"\" width=\"333\" height=\"444\" \/><\/a><\/p>\n<p>Steak frites: Das Entrec\u00f4te bewies mir, dass man auch d\u00fcnnere Scheiben saftig braten kann, das Sal\u00e4tchen und die B\u00e9arnaise hervorragend. Dazu trank ich einen kr\u00e4ftigen C\u00f4tes du Rh\u00f4ne Blanc 2021 Ch\u00e2teau de Montfaucon, Herr Kaltmamsell probierte den als &#8220;Mischung zwischen Riesling und Grauburgunder&#8221; treffend beschriebenen autochtonen Picpoul de Pinet \u00bbLa Serre\u00ab Domaine Villa Noria.<\/p>\n<p><a href=\"https:\/\/www.vorspeisenplatte.de\/speisen\/archiv\/250703_12_BrasserieColette.jpg\"><img loading=\"lazy\" decoding=\"async\" class=\"alignnone size-full wp-image-110071\" src=\"https:\/\/www.vorspeisenplatte.de\/speisen\/archiv\/250703_12_BrasserieColette.jpg\" alt=\"\" width=\"420\" height=\"313\" \/><\/a><\/p>\n<p>Hervorragende Cr\u00e8me br\u00fbl\u00e9e, wunderbares Erdbeersorbet.<\/p>\n<p>Auf dem Heimweg wurden wir gem\u00e4chlich angeregnet, auf meinem hellblauen, weiten Sommerkleid bildeten sich dunkelblaue Tupfen, ich genoss die Frische.<\/p>\n<p>Das vermaledeite Paket vom Dienstag war nun da: Nachdem Herr Kaltmamsell ein weiteres Mal vergeblich beim auf der Benachrichtigung angegebenem Rewe daf\u00fcr war, traf er vor unserem Haus den DHL-Boten, der es dann doch selbst brachte<\/p>\n<p>\u00a7<\/p>\n<p>20 Jahre hat Dr. Bettina Schmidt-Czaia das Historische Archiv der Stadt K\u00f6ln geleitet, nun geht sie in den Wohlverdientenruhestand. Im Interview mit der <i>K\u00f6lner Rundschau<\/i> erz\u00e4hlt sie vor allem \u00fcber die pr\u00e4gende Katastrophe ihrer T\u00e4tigkeit in K\u00f6ln: Den Einsturz des Archivs am 3. M\u00e4rz 2009, bei dem zwei Menschen ums Leben kamen. (Aber auch sonst sehr spannend, finde ich.)<br \/>\n<a href=\"https:\/\/archive.ph\/4rpET#selection-755.0-755.59\" target=\"_blank\" rel=\"noopener\">&#8220;&#8216;Ich habe geschrien wie am Spie\u00df. Es war das Ende der Welt&#8217;.&#8221;<\/a><\/p>\n<p>Charmante Schlussfrage:<\/p>\n<blockquote><p><em>K\u00f6nnen Sie sich zu Hause eigentlich gut von Sachen trennen oder heben Sie alles auf?<\/em><br \/>\nIch kann mich wirklich gut trennen. Die \u00d6ffentlichkeit denkt immer, Archivare w\u00fcrden alles aufbewahren. Nein, das tun sie nicht. Sie sind Weltmeister im Wegwerfen. Wichtiges von Unwichtigem zu unterscheiden, ist unsere eigentliche Aufgabe.<\/p><\/blockquote>\n<p>\u00a7<\/p>\n<p><i>Back to the Future<\/i> von 1985 geh\u00f6rt zu meinen Lieblingsfilmen, begeisterte mich seit dem ersten Sehen: sensationelles Drehbuch, gro\u00dfartiger Schnitt, Geschichte-machende Ideen und Optik, epischer Soundtrack, die Style-bewussten Sch\u00fcler meines Alters kleideten sich in den 1980ern tats\u00e4chlich exakt wie Marty McFly (au\u00dfer sie neigten italienischer Eleganz und Motorrollern zu), und alle wollten einen Delorean. Zum 40-j\u00e4hrigen des Films ist Martin Wittmann f\u00fcr die <i>S\u00fcddeutsche<\/i> auf die Suche nach einem funktionsf\u00e4higen Delorean gegangen und erz\u00e4hlt unterwegs die haarstr\u00e4ubende Geschichte des Autos. Ganz herzlichen Dank an den jungen Mann, vor allem f\u00fcr die Schluss-Pointe. (\u20ac)<br \/>\n<a href=\"https:\/\/www.sueddeutsche.de\/projekte\/artikel\/kultur\/zurueck-in-die-zukunft-40-jahre-dealorean-probefahrt-auto-e824286\/?reduced=true\" target=\"_blank\" rel=\"noopener\">&#8220;Betrug, Liebe und ein gewaltiger Kokaindeal&#8221;.<\/a><\/p>\n<p>\u00a7<\/p>\n<p>Wir hatten hier schon lange keinen Tanz mehr! Eistanzpaar Tessa Virtue und Scott Moir 2018 &#8211; sensationell.<\/p>\n<div class=\"video-wrapped\" style=\"width: 500px; height: 281px; background-image: url('https:\/\/www.vorspeisenplatte.de\/speisen\/wp-content\/plugins\/video-embed-privacy\/preview\/bU_rEuDnFBM.jpg')\" data-embed-frame=\"&lt;iframe title=&quot;Virtue\/Moir 2018 Olympics SD &amp;#039;Latin Rock Medley&amp;#039; (NBC)&quot; width=&quot;500&quot; height=&quot;281&quot; src=&quot;https:\/\/www.youtube.com\/embed\/bU_rEuDnFBM?feature=oembed&quot; frameborder=&quot;0&quot; allow=&quot;accelerometer; autoplay; clipboard-write; encrypted-media; gyroscope; picture-in-picture; web-share&quot; referrerpolicy=&quot;strict-origin-when-cross-origin&quot; allowfullscreen&gt;&lt;\/iframe&gt;\" data-embed-play=\"Abspielen&lt;div class=&quot;small&quot;&gt;Das Video wird von Youtube eingebettet abespielt. Es gilt die &lt;a href=&quot;https:\/\/www.google.com\/intl\/de\/policies\/privacy\/&quot; target=&quot;_blank&quot;&gt;Datenschutzerkl\u00e4rung von Google&lt;\/a&gt;&lt;\/div&gt;\">\n<div class=\"video-wrapped-nojs\">Aktivieren Sie JavaScript um das Video zu sehen.<br \/><a href=\"https:\/\/youtu.be\/bU_rEuDnFBM?si=RspBvQ2FNRRJfrnq\">https:\/\/youtu.be\/bU_rEuDnFBM?si=RspBvQ2FNRRJfrnq<\/a><\/div>\n<\/div>\n<p>via <a href=\"https:\/\/bsky.app\/profile\/ingeborch.bsky.social\/post\/3lsyqsp3xk22p\" target=\"_blank\" rel=\"noopener\">@ingeborch<\/a> <img loading=\"lazy\" decoding=\"async\" src=\"https:\/\/vg01.met.vgwort.de\/na\/798b8b3524c74b87a2d0b439449f1fd8\" width=\"1\" height=\"1\" alt=\"\"\/><\/p>\n","protected":false},"excerpt":{"rendered":"<p>Sehr unruhige Nacht, weil im Park vor meinem Schlafzimmerfenster rumgebr\u00fcllt wurde. Dass eine weitere L\u00e4rmquelle Musik war, merkte ich wegen der Br\u00fcll-Lautst\u00e4rke erst beim Morgenkaffee auf dem Balkon, weil die Br\u00fcller*innen jetzt zu heiser zum \u00dcbert\u00f6nen waren. Beim Verlassen des Hauses sah ich nach, wer mich da meinen Nachtschlaf gekostet hatte: Drei Personen auf einer [&hellip;]<\/p>\n","protected":false},"author":2,"featured_media":0,"comment_status":"open","ping_status":"closed","sticky":false,"template":"","format":"standard","meta":{"footnotes":""},"categories":[6,2,1],"tags":[],"class_list":["post-110055","post","type-post","status-publish","format-standard","hentry","category-essen","category-fotos","category-general"],"_links":{"self":[{"href":"https:\/\/www.vorspeisenplatte.de\/speisen\/wp-json\/wp\/v2\/posts\/110055","targetHints":{"allow":["GET"]}}],"collection":[{"href":"https:\/\/www.vorspeisenplatte.de\/speisen\/wp-json\/wp\/v2\/posts"}],"about":[{"href":"https:\/\/www.vorspeisenplatte.de\/speisen\/wp-json\/wp\/v2\/types\/post"}],"author":[{"embeddable":true,"href":"https:\/\/www.vorspeisenplatte.de\/speisen\/wp-json\/wp\/v2\/users\/2"}],"replies":[{"embeddable":true,"href":"https:\/\/www.vorspeisenplatte.de\/speisen\/wp-json\/wp\/v2\/comments?post=110055"}],"version-history":[{"count":4,"href":"https:\/\/www.vorspeisenplatte.de\/speisen\/wp-json\/wp\/v2\/posts\/110055\/revisions"}],"predecessor-version":[{"id":110090,"href":"https:\/\/www.vorspeisenplatte.de\/speisen\/wp-json\/wp\/v2\/posts\/110055\/revisions\/110090"}],"wp:attachment":[{"href":"https:\/\/www.vorspeisenplatte.de\/speisen\/wp-json\/wp\/v2\/media?parent=110055"}],"wp:term":[{"taxonomy":"category","embeddable":true,"href":"https:\/\/www.vorspeisenplatte.de\/speisen\/wp-json\/wp\/v2\/categories?post=110055"},{"taxonomy":"post_tag","embeddable":true,"href":"https:\/\/www.vorspeisenplatte.de\/speisen\/wp-json\/wp\/v2\/tags?post=110055"}],"curies":[{"name":"wp","href":"https:\/\/api.w.org\/{rel}","templated":true}]}}