{"id":110080,"date":"2025-07-05T08:16:17","date_gmt":"2025-07-05T06:16:17","guid":{"rendered":"https:\/\/www.vorspeisenplatte.de\/speisen\/?p=110080"},"modified":"2025-07-05T08:16:17","modified_gmt":"2025-07-05T06:16:17","slug":"journal-freitag-4-juli-2025-ende-der-arbeitswoche-mit-erfrischung","status":"publish","type":"post","link":"https:\/\/www.vorspeisenplatte.de\/speisen\/2025\/07\/journal-freitag-4-juli-2025-ende-der-arbeitswoche-mit-erfrischung.htm","title":{"rendered":"Journal Freitag, 4. Juli 2025 &#8211; Ende der Arbeitswoche mit Erfrischung"},"content":{"rendered":"<p>Gut geschlafen, auch weil herrlich k\u00fchle Luft durchs Fenster hereinkam, auf der Tonspur statt Gebr\u00fcll Bl\u00e4tterrauschen.<\/p>\n<p>Morgens gewitterte es mit heftigem Regenguss. W\u00e4hrend Herr Kaltmamsell zu Donner und viel Wasser von oben das Haus verlie\u00df, hatte sich das Wetter eine halbe Stunde sp\u00e4ter f\u00fcr meinen Arbeitsweg zu Regenschirm-Tauglichkeit beruhigt.<\/p>\n<p><a href=\"https:\/\/www.vorspeisenplatte.de\/speisen\/archiv\/250704_02_Theresienwiese.jpg\"><img loading=\"lazy\" decoding=\"async\" src=\"https:\/\/www.vorspeisenplatte.de\/speisen\/archiv\/250704_02_Theresienwiese.jpg\" alt=\"\" width=\"467\" height=\"538\" class=\"alignnone size-full wp-image-110100\" \/><\/a><\/p>\n<p>Stand der Theresienwiese.<\/p>\n<p>Diesmal hatte ich an Wechsel-Sandalen gedacht, doch nur die Spitzen meiner Turnschuhe waren bei Eintreffen im B\u00fcro nass, ich brauchte sie gar nicht.<\/p>\n<p><a href=\"https:\/\/www.vorspeisenplatte.de\/speisen\/archiv\/250704_04_Buerohausblick.jpg\"><img loading=\"lazy\" decoding=\"async\" src=\"https:\/\/www.vorspeisenplatte.de\/speisen\/archiv\/250704_04_Buerohausblick.jpg\" alt=\"\" width=\"630\" height=\"391\" class=\"alignnone size-full \" \/><\/a><\/p>\n<p>\u00dcber den Vormittag h\u00f6rte der Regen auf, am Himmel gemischte Wolken. Mittags spazierte ich eine Runde: Es war immer noch herrlich k\u00fchl, aber jeder Sonnenstrahl f\u00fchlte sich umgehend wie eine Faustschlag an.<\/p>\n<p>Zu Mittag gab es matschige Flachpfirsiche (Lidl-Obst derzeit eine Entt\u00e4uschung) und Muesli mit Joghurt.<\/p>\n<p>P\u00fcnktlicher Feierabend. F\u00fcr Besorgungen nahm ich eine U-Bahn zum Stachus, spazierte erstmal zum Kustermann, um Ersatz f\u00fcr mein zerbrochenes B\u00fcro-Wasserglas zu besorgen &#8211; leider fand ich nur ein mittelsch\u00f6nes. Dann zum Eataly f\u00fcr Obst und Tomaten; auch hier nicht die gewohnte Qualit\u00e4t, ich kaufte nur wenig, dazu K\u00e4se f\u00fcrs Abendbrot.<\/p>\n<p>Daheim H\u00e4uslichkeiten, Yoga-Gymnastik, dann wusch ich den erdigen Lollo-rosso-Salat aus Ernteanteil, machte ihn mit Ernteanteil-Gurke und zugekauften Tomaten in Knoblauch-Vinaigrette an. Dazu aufgetautes selbstgebackenes Walnussbrot (immer noch sehr gut), italienischen K\u00e4se &#8211; und viele Pfirsiche, die schnell wegmussten, ich hatte im Eataly nicht sorgf\u00e4ltig genug ausgew\u00e4hlt. Im Glas ein provencalischer Ros\u00e9.<\/p>\n<p><a href=\"https:\/\/www.vorspeisenplatte.de\/speisen\/archiv\/250704_11_Nachtmahl.jpg\"><img loading=\"lazy\" decoding=\"async\" src=\"https:\/\/www.vorspeisenplatte.de\/speisen\/archiv\/250704_11_Nachtmahl.jpg\" alt=\"\" width=\"357\" height=\"461\" class=\"alignnone size-full wp-image-110102\" \/><\/a><\/p>\n<p>Das alles bei ge\u00f6ffneten Fenstern und T\u00fcren, der Tag war nie hei\u00df geworden.<\/p>\n<p>\u00a7<\/p>\n<p>Ich begr\u00fc\u00dfe, dass auch hier in Deutschland immer mehr &#8211; vor allem Frauen &#8211; F\u00e4cher benutzen. Und das k\u00f6nnen sie nat\u00fcrlich auf jede ihnen angenehme Weise. Wer aber ein bisschen F\u00e4cher-Stil w\u00fcnscht: Die elegante Haltung beim F\u00e4cheln ist parallel zum K\u00f6rper etwa auf Brusth\u00f6he, Daumen zeigt nach vorn (nicht also senkrecht zum Gesicht wie eine Streitaxt).<\/p>\n<p>Wer den F\u00e4cher auch noch elegant aufschlagen m\u00f6chte:<br \/>\n<a href=\"https:\/\/youtu.be\/8M0gaGdskfE?si=1Q53gLmb7b_t3KC\" target=\"_blank\">Hier eine Anleitung.<\/a><\/p>\n<p>(Manchmal liegen die Holzlatten neuer F\u00e4cher noch zu streng aneinander, um sie einfach durch Fallenlassen zu \u00f6ffnen, dann muss man so oft mit Schwung nachhelfen, bis sie locker genug sind. Meine vier F\u00e4cher sind alle gut eingefahren.)<\/p>\n<p>\u00a7<\/p>\n<p><a href=\"https:\/\/dieseldunst.blogger.de\/stories\/2903144\/\" target=\"_blank\">Texas-Jim (einer meiner l\u00e4ngstj\u00e4hrigen Blog-Kontakte) ist Vater geworden.<\/a><\/p>\n<p>\u00a7<\/p>\n<p>Leider sind wir damit noch nicht durch, also hier nochmal: Ein Artikel \u00fcber der Unterschied zwischen Flirt und Bel\u00e4stigung.<br \/>\n<a href=\"https:\/\/taz.de\/Was-ist-so-schwer-daran-den-Unterschied-zwischen-Flirt-und-Belaestigung-zu-bemerken\/!6094880\/\" target=\"_blank\">&#8220;Wir haben heute leider keine Nummer f\u00fcr dich&#8221;.<\/a> <\/p>\n<blockquote><p>Mir kann echt keiner erz\u00e4hlen, dass M\u00e4nner, die ansonsten die komplexesten Sachverhalte verstehen, derart begriffsstutzig sind, wenn es um so etwas Simples wie den Unterschied zwischen einem Flirt und Bel\u00e4stigung geht. Hier aber gerne noch mal zur Erinnerung: Bel\u00e4stigung ist, wenn jemand auf deinen Kontaktversuch nicht anspringt, aber du trotzdem weitermachst, so wie dieser Typ.<\/p><\/blockquote>\n<p>UND KOMMT MIR NICHT MIT <a href=\"https:\/\/pinkstinks.de\/yes-all-men\/\" target=\"_blank\">NOTALLMEN<\/a>!<\/p>\n<p>\u00a7<\/p>\n<p>Gen X-Humor: &#8220;How to Dance Goth&#8221;<\/p>\n<div class=\"video-wrapped\" style=\"width: 500px; height: 375px; background-image: url('https:\/\/www.vorspeisenplatte.de\/speisen\/wp-content\/plugins\/video-embed-privacy\/preview\/idSGlaG5PAE.jpg')\" data-embed-frame=\"&lt;iframe title=&quot;How to Dance Goth ! )))&quot; width=&quot;500&quot; height=&quot;375&quot; src=&quot;https:\/\/www.youtube.com\/embed\/idSGlaG5PAE?feature=oembed&quot; frameborder=&quot;0&quot; allow=&quot;accelerometer; autoplay; clipboard-write; encrypted-media; gyroscope; picture-in-picture; web-share&quot; referrerpolicy=&quot;strict-origin-when-cross-origin&quot; allowfullscreen&gt;&lt;\/iframe&gt;\" data-embed-play=\"Abspielen&lt;div class=&quot;small&quot;&gt;Das Video wird von Youtube eingebettet abespielt. Es gilt die &lt;a href=&quot;https:\/\/www.google.com\/intl\/de\/policies\/privacy\/&quot; target=&quot;_blank&quot;&gt;Datenschutzerkl\u00e4rung von Google&lt;\/a&gt;&lt;\/div&gt;\">\n<div class=\"video-wrapped-nojs\">Aktivieren Sie JavaScript um das Video zu sehen.<br \/><a href=\"https:\/\/youtu.be\/idSGlaG5PAE?si=7eZdSnbt-dYT7pOx\">https:\/\/youtu.be\/idSGlaG5PAE?si=7eZdSnbt-dYT7pOx<\/a><\/div>\n<\/div>\n<p>via <a href=\"https:\/\/fnordon.de\/@giardino\/114790542439728427\" target=\"_blank\">@giardino<\/a> <img loading=\"lazy\" decoding=\"async\" src=\"https:\/\/vg01.met.vgwort.de\/na\/7bdb5d65156a4877a2ab00f3bebe80ff\" width=\"1\" height=\"1\" alt=\"\"\/><\/p>\n","protected":false},"excerpt":{"rendered":"<p>Gut geschlafen, auch weil herrlich k\u00fchle Luft durchs Fenster hereinkam, auf der Tonspur statt Gebr\u00fcll Bl\u00e4tterrauschen. Morgens gewitterte es mit heftigem Regenguss. W\u00e4hrend Herr Kaltmamsell zu Donner und viel Wasser von oben das Haus verlie\u00df, hatte sich das Wetter eine halbe Stunde sp\u00e4ter f\u00fcr meinen Arbeitsweg zu Regenschirm-Tauglichkeit beruhigt. Stand der Theresienwiese. Diesmal hatte ich [&hellip;]<\/p>\n","protected":false},"author":2,"featured_media":0,"comment_status":"open","ping_status":"closed","sticky":false,"template":"","format":"standard","meta":{"footnotes":""},"categories":[6,2,1],"tags":[],"class_list":["post-110080","post","type-post","status-publish","format-standard","hentry","category-essen","category-fotos","category-general"],"_links":{"self":[{"href":"https:\/\/www.vorspeisenplatte.de\/speisen\/wp-json\/wp\/v2\/posts\/110080","targetHints":{"allow":["GET"]}}],"collection":[{"href":"https:\/\/www.vorspeisenplatte.de\/speisen\/wp-json\/wp\/v2\/posts"}],"about":[{"href":"https:\/\/www.vorspeisenplatte.de\/speisen\/wp-json\/wp\/v2\/types\/post"}],"author":[{"embeddable":true,"href":"https:\/\/www.vorspeisenplatte.de\/speisen\/wp-json\/wp\/v2\/users\/2"}],"replies":[{"embeddable":true,"href":"https:\/\/www.vorspeisenplatte.de\/speisen\/wp-json\/wp\/v2\/comments?post=110080"}],"version-history":[{"count":3,"href":"https:\/\/www.vorspeisenplatte.de\/speisen\/wp-json\/wp\/v2\/posts\/110080\/revisions"}],"predecessor-version":[{"id":110106,"href":"https:\/\/www.vorspeisenplatte.de\/speisen\/wp-json\/wp\/v2\/posts\/110080\/revisions\/110106"}],"wp:attachment":[{"href":"https:\/\/www.vorspeisenplatte.de\/speisen\/wp-json\/wp\/v2\/media?parent=110080"}],"wp:term":[{"taxonomy":"category","embeddable":true,"href":"https:\/\/www.vorspeisenplatte.de\/speisen\/wp-json\/wp\/v2\/categories?post=110080"},{"taxonomy":"post_tag","embeddable":true,"href":"https:\/\/www.vorspeisenplatte.de\/speisen\/wp-json\/wp\/v2\/tags?post=110080"}],"curies":[{"name":"wp","href":"https:\/\/api.w.org\/{rel}","templated":true}]}}