{"id":110603,"date":"2025-07-25T06:31:31","date_gmt":"2025-07-25T04:31:31","guid":{"rendered":"https:\/\/www.vorspeisenplatte.de\/speisen\/?p=110603"},"modified":"2025-07-25T06:31:31","modified_gmt":"2025-07-25T04:31:31","slug":"journal-donnerstag-24-juli-2025-bloeder-regenjuli","status":"publish","type":"post","link":"https:\/\/www.vorspeisenplatte.de\/speisen\/2025\/07\/journal-donnerstag-24-juli-2025-bloeder-regenjuli.htm","title":{"rendered":"Journal Donnerstag, 24. Juli 2025 &#8211; Bl\u00f6der Regenjuli"},"content":{"rendered":"<p>Aufgewacht zum angek\u00fcndigten Regenrauschen nach reichlich Tr\u00e4umen mit fiktivem Arbeitsinhalt.<\/p>\n<p>Freude \u00fcber den WhatsApp-Reisebericht der Nifften von der Familie im kastilischen Dorf &#8211; inklusive Mitschnitt vom Jubel \u00fcber ein EM-Fu\u00dfballtor beim gemeinschaftlichen Gucken im &#8220;Tele Club&#8221; (ein gemeinschaftlich gef\u00fchrter Versammlungsraum &#8211; er wird &#8220;Tele Club&#8221; genannt, weil fr\u00fcher hier der einzige Fernseher des Dorfes stand).<\/p>\n<p>Auf den Weg in die Arbeit machte ich mich in Jacke, mit Schirm und eingestecktem Paar Wechselschuhe. Alles davon ben\u00f6tigte ich: Es war k\u00fchl, aus dem sanften Regen wurde unterwegs heftiger Regen, ich erreichte mein B\u00fcro mit nassen Schuhen, Socken, F\u00fc\u00dfen und war froh, nach Abtrocknen mit Papiert\u00fcchern in die mitgebrachten trockenen Socken und Schuhe schl\u00fcpfen zu k\u00f6nnen.<\/p>\n<p>Vorm B\u00fcrofenster hielt der Regen in dieser St\u00e4rke noch eine Weile an. Drinnen emsige Arbeit mit einer guten Neuigkeit: Auch der n\u00e4chste geplante fette Arbeitsbrocken wurde schlagartig ein einfach zu erledigender Kr\u00fcmel.<\/p>\n<p>F\u00fcr meinen Marsch ins Westend zu Mittagscappuccino brauchte ich zwar meinen Schirm, das sanfte Tr\u00f6pfeln gef\u00e4hrdete aber meine Schuhe nicht.<\/p>\n<p>Erst sp\u00e4ter zum Mittagessen (Gurke, gemische N\u00fcsse, Kiwi, Aprikosen) goss es drau\u00dfen wieder kr\u00e4ftig. Ich gr\u00e4mte mich, dass es jetzt fast eine Woche k\u00fchl durchregnen soll und nehme mir Trauer um den fehlenden Sommer in diesem Juli raus.<\/p>\n<p>Nach flei\u00dfigem Nachmittag machte ich Feierabend zu einer Regenpause, die sogar ein bisschen Sonne zulie\u00df. Ausf\u00fchrliche Obst-Eink\u00e4ufe auf dem Heimweg.<\/p>\n<p>Daheim Yoga-Gymnastik, dann machte ich mich an den monumentalsten Kopfsalat, den ich je erlebt habe: Er kam als Ernteanteil von unserer Kartoffelkombinat-G\u00e4rtnerei und hatte auch diemal eine Blatt-Dicke, die ihn Dachdeck-tauglich scheinen lie\u00df. Ich lie\u00df einen Teil f\u00fcr das geplante Freitags-Abendessen \u00fcbrig und musste trotzdem f\u00fcrs Vermischen mit Tahini-Dressing zur allerallergr\u00f6\u00dften Salatsch\u00fcssel des Haushalts greifen.<\/p>\n<p><a href=\"https:\/\/www.vorspeisenplatte.de\/speisen\/archiv\/250724_07_Nachtmahl.jpg\"><img loading=\"lazy\" decoding=\"async\" src=\"https:\/\/www.vorspeisenplatte.de\/speisen\/archiv\/250724_07_Nachtmahl.jpg\" alt=\"\" width=\"305\" height=\"489\" class=\"alignnone size-full wp-image-110614\" \/><\/a><\/p>\n<p>Maiskolben hatte ich zugekauft, damit es auch was Warmes gab. Und weil ich gegrillte Maiskolben liebe. Dann noch ein wenig K\u00e4se. Nachtisch Schokolade, unter anderem hatte ich beim Einkaufen zu Eiskonfekt gegriffen.<\/p>\n<p>Abenunterhaltung wie eigentlich jeden Donnerstagabend: <a href=\"https:\/\/www.br.de\/br-fernsehen\/sendungen\/quer\/index.html\" target=\"_blank\"><i>Quer<\/i> im Bayerischen Fernsehen<\/a>. Diesmal freute ich mich besonders \u00fcber den Beitrag <a href=\"https:\/\/www.br.de\/br-fernsehen\/sendungen\/quer\/250724-quer-thema-afd-100.html\" target=\"_blank\">&#8220;Alles hilft der AfD&#8221;<\/a> &#8211; mit beherzigenswerter Schlussfolgerung.<\/p>\n<p>\u00a7<\/p>\n<p><a href=\"https:\/\/ru.muenchen.de\/2025\/138\/25-Jahre-Feldgeschworener-Kommunalreferat-ehrt-Peter-Engl-119496\" target=\"_blank\">&#8220;25 Jahre Feldgeschworener: Kommunalreferat ehrt Peter Engl&#8221;.<\/a><\/p>\n<p>via <a href=\"https:\/\/muenchen.social\/@stadtneurotikr\/114904062259499424\" target=\"_blank\">@stadtneurotikr<\/a><\/p>\n<p><i>Say what?<\/i> Und mal wieder hatte ich keine Ahnung, aber das ist ja gro\u00dfartig! <a href=\"https:\/\/de.wikipedia.org\/wiki\/Feldgeschworene\" target=\"_blank\">Ich zitiere Wikipedia<\/a>:<\/p>\n<blockquote><p>Aufgabe der Feldgeschworenen ist das aktive Kontrollieren und Abgehen der Gemeindegrenze durch die B\u00fcrger, die sogenannte <em>Grenzbegehung<\/em>, d. h. eine T\u00e4tigkeit, um eine (Gemeinde-)Grenze zu kontrollieren, freizuhalten oder die Kenntnis \u00fcber den Verlauf von Grenzen zu vermitteln. Sie wirken durch Kennzeichnung von Grundst\u00fccksgrenzen und Flurst\u00fccken mit, die Besitzverh\u00e4ltnisse und verwaltungsm\u00e4\u00dfige Zust\u00e4ndigkeit des Territoriums zu dokumentieren. Feldgeschworene wachen \u00fcber die Grenzen.<\/p><\/blockquote>\n<p>(&#8230;)<\/p>\n<blockquote><p>Auf Anordnung des Ersten B\u00fcrgermeisters nehmen die Feldgeschworenen Grenzbegehungen vor. Stellen sie dabei M\u00e4ngel an Grenzzeichen fest, teilen sie dies den Grundst\u00fcckseigent\u00fcmern mit. \u00dcber M\u00e4ngel an Gemeindegrenzzeichen wird der Erste B\u00fcrgermeister informiert.<\/p><\/blockquote>\n<p>(&#8230;)<\/p>\n<blockquote><p>Feldgeschworene wirken in Bayern, Rheinland-Pfalz und bis Ende 2014 auch in Th\u00fcringen bei der Kennzeichnung von Grundst\u00fccksgrenzen und Flurst\u00fccken mit. Sie setzen Grenzsteine h\u00f6her oder tiefer, entfernen Vermessungspunkte oder ersetzen besch\u00e4digte Vermessungspunkte. Als H\u00fcter der Grenzen, Mittler bei Grenzstreitigkeiten und Abmarkungen in Gemeindegebieten arbeiten sie eng mit Vermessungsbeamten zusammen.<\/p><\/blockquote>\n<p>(&#8230;)<\/p>\n<blockquote><p>Seit dem 12. oder 13. Jahrhundert gibt es Feldgeschworene. Das Amt des Feldgeschworenen ist eines der \u00e4ltesten noch erhaltenen \u00c4mter der kommunalen Selbstverwaltung.<\/p>\n<p>In Bayern gibt es etwa 25.000 Feldgeschworene, davon 15.000 in Franken (Stand 2016).<\/p><\/blockquote>\n<p>Kommt auf die Liste &#8220;Ehren\u00e4mter, die ich mir als Rentnerin genauer ansehe&#8221;.<\/p>\n<p>\u00a7<\/p>\n<p>Dringend n\u00f6tige Aufmunterung <a href=\"https:\/\/masto.deoan.org\/@jsonstein\/114866011618319255\" target=\"_blank\">durch Typografie-Nerdkram<\/a>. <img loading=\"lazy\" decoding=\"async\" src=\"https:\/\/vg01.met.vgwort.de\/na\/8cea7e6d8b404ea7b28ce18d479ef23e\" width=\"1\" height=\"1\" alt=\"\"\/><\/p>\n","protected":false},"excerpt":{"rendered":"<p>Aufgewacht zum angek\u00fcndigten Regenrauschen nach reichlich Tr\u00e4umen mit fiktivem Arbeitsinhalt. Freude \u00fcber den WhatsApp-Reisebericht der Nifften von der Familie im kastilischen Dorf &#8211; inklusive Mitschnitt vom Jubel \u00fcber ein EM-Fu\u00dfballtor beim gemeinschaftlichen Gucken im &#8220;Tele Club&#8221; (ein gemeinschaftlich gef\u00fchrter Versammlungsraum &#8211; er wird &#8220;Tele Club&#8221; genannt, weil fr\u00fcher hier der einzige Fernseher des Dorfes stand). [&hellip;]<\/p>\n","protected":false},"author":2,"featured_media":0,"comment_status":"open","ping_status":"closed","sticky":false,"template":"","format":"standard","meta":{"footnotes":""},"categories":[1],"tags":[],"class_list":["post-110603","post","type-post","status-publish","format-standard","hentry","category-general"],"_links":{"self":[{"href":"https:\/\/www.vorspeisenplatte.de\/speisen\/wp-json\/wp\/v2\/posts\/110603","targetHints":{"allow":["GET"]}}],"collection":[{"href":"https:\/\/www.vorspeisenplatte.de\/speisen\/wp-json\/wp\/v2\/posts"}],"about":[{"href":"https:\/\/www.vorspeisenplatte.de\/speisen\/wp-json\/wp\/v2\/types\/post"}],"author":[{"embeddable":true,"href":"https:\/\/www.vorspeisenplatte.de\/speisen\/wp-json\/wp\/v2\/users\/2"}],"replies":[{"embeddable":true,"href":"https:\/\/www.vorspeisenplatte.de\/speisen\/wp-json\/wp\/v2\/comments?post=110603"}],"version-history":[{"count":3,"href":"https:\/\/www.vorspeisenplatte.de\/speisen\/wp-json\/wp\/v2\/posts\/110603\/revisions"}],"predecessor-version":[{"id":110623,"href":"https:\/\/www.vorspeisenplatte.de\/speisen\/wp-json\/wp\/v2\/posts\/110603\/revisions\/110623"}],"wp:attachment":[{"href":"https:\/\/www.vorspeisenplatte.de\/speisen\/wp-json\/wp\/v2\/media?parent=110603"}],"wp:term":[{"taxonomy":"category","embeddable":true,"href":"https:\/\/www.vorspeisenplatte.de\/speisen\/wp-json\/wp\/v2\/categories?post=110603"},{"taxonomy":"post_tag","embeddable":true,"href":"https:\/\/www.vorspeisenplatte.de\/speisen\/wp-json\/wp\/v2\/tags?post=110603"}],"curies":[{"name":"wp","href":"https:\/\/api.w.org\/{rel}","templated":true}]}}