{"id":110702,"date":"2025-07-29T06:20:29","date_gmt":"2025-07-29T04:20:29","guid":{"rendered":"https:\/\/www.vorspeisenplatte.de\/speisen\/?p=110702"},"modified":"2025-07-29T06:20:29","modified_gmt":"2025-07-29T04:20:29","slug":"journal-montag-28-juli-2025-verregneter-langweiliger-montag","status":"publish","type":"post","link":"https:\/\/www.vorspeisenplatte.de\/speisen\/2025\/07\/journal-montag-28-juli-2025-verregneter-langweiliger-montag.htm","title":{"rendered":"Journal Montag, 28. Juli 2025 &#8211; Verregneter, langweiliger Montag"},"content":{"rendered":"<p>Ohne Regenrauschen aufgewacht, <i>little blessings<\/i>. Wegen diverser H\u00e4uslichkeiten kam ich sp\u00e4ter als sonst aus dem Haus, schon 15 Minuten Verschiebung f\u00fchrten mich durch eine andere Welt in die Arbeit. Die mich dann auch gleich mit Dringlichem anfiel.<\/p>\n<p>Da zudem Termine anstanden und ich aus Gr\u00fcnden im B\u00fcro verf\u00fcgbar sein musste, schoss ich f\u00fcr meinen Mittagscappuccino nur kurz raus zu Nachbars, verl\u00e4ngerte aber den Schuss um eine Runde um den Block in der Hoffnung, meine innere Unruhe dadurch zu bes\u00e4nftigen.<\/p>\n<p>Zu Mittag gab es zwei Scheiben K\u00f6rnerbrot und zwei Nektarinen.<\/p>\n<p>R\u00fchriger Nachmittag, w\u00e4hrend es drau\u00dfen d\u00fcster blieb und immer wieder regnete.<\/p>\n<p>Auf dem Heimweg reichte die Kapuze meines Mantels gegen die wenigen Regentropfen, unterwegs Eink\u00e4ufe im Vollcorner.<\/p>\n<p>Herr Kaltmamsell verbrachte den Abend aush\u00e4usig, ich machte mir Linsensalat (LINSEEEEN!) mit Belugalinsen, roter Paprika, Gurke, s\u00fc\u00dfer Zwiebel, frischem Basilikum. W\u00e4hrend die Linsen nach dem Kochen abk\u00fchlten, turnte ich eine Runde Yoga-Gymnastik.<\/p>\n<p><a href=\"https:\/\/www.vorspeisenplatte.de\/speisen\/archiv\/250728_07_Nachtmahl.jpg\"><img loading=\"lazy\" decoding=\"async\" src=\"https:\/\/www.vorspeisenplatte.de\/speisen\/archiv\/250728_07_Nachtmahl.jpg\" alt=\"\" width=\"333\" height=\"414\" class=\"alignnone size-full wp-image-110715\" \/><\/a><\/p>\n<p>Schmeckte sehr gut! Au\u00dferdem ein St\u00fcck K\u00e4se. Nachtisch Schokolade.<\/p>\n<p>\u00a7<\/p>\n<p>Sehr DER HAT NOCH GELEBT?!<br \/>\nAber tiefe Verehrung.<\/p>\n<p><a href=\"https:\/\/www.nytimes.com\/2025\/07\/27\/arts\/music\/tom-lehrer-dead.html\" target=\"_blank\">&#8220;Tom Lehrer, Musical Satirist With a Dark Streak, Dies at 97&#8221;.<\/a><\/p>\n<blockquote><p>\u201cI don\u2019t feel the need for anonymous affection,\u201d he told The New York Times in 2000. \u201cIf they buy my records, I love that. But I don\u2019t think I need people in the dark applauding.\u201d<\/p><\/blockquote>\n<p>Sie kennen ihn vermutlich von <a href=\"https:\/\/youtu.be\/yhuMLpdnOjY?si=KAhpQiyPkXZOa3xb\" target=\"_blank\">&#8220;Poisoning Pigeons in the Park&#8221;<\/a> &#8211; auch wenn Ihnen wahrscheinlich die \u00fcbersetzte Georg-Kreisler-Version &#8220;Tauben vergiften&#8221; gel\u00e4ufiger ist. Au\u00dferdem empfehle ich \u201cThe Vatican Rag\u201d (wer mag mir das nur vor Jahrzehnten auf ein Mix Tape gespielt haben? ich kann mir keine andere M\u00f6glichkeit des Kennenlernens vorstellen) &#8211; ein schmissiges St\u00fcck \u00fcber die Ergebnisse des Zweiten Vatikanischen Konzils.<\/p>\n<div class=\"video-wrapped\" style=\"width: 500px; height: 375px; background-image: url('https:\/\/www.vorspeisenplatte.de\/speisen\/wp-content\/plugins\/video-embed-privacy\/preview\/pvhYqeGp_Do.jpg')\" data-embed-frame=\"&lt;iframe title=&quot;Tom Lehrer - The Vatican Rag - fabulous version - LIVE FILM From Copenhagen in 1967&quot; width=&quot;500&quot; height=&quot;375&quot; src=&quot;https:\/\/www.youtube.com\/embed\/pvhYqeGp_Do?feature=oembed&quot; frameborder=&quot;0&quot; allow=&quot;accelerometer; autoplay; clipboard-write; encrypted-media; gyroscope; picture-in-picture; web-share&quot; referrerpolicy=&quot;strict-origin-when-cross-origin&quot; allowfullscreen&gt;&lt;\/iframe&gt;\" data-embed-play=\"Abspielen&lt;div class=&quot;small&quot;&gt;Das Video wird von Youtube eingebettet abespielt. Es gilt die &lt;a href=&quot;https:\/\/www.google.com\/intl\/de\/policies\/privacy\/&quot; target=&quot;_blank&quot;&gt;Datenschutzerkl\u00e4rung von Google&lt;\/a&gt;&lt;\/div&gt;\">\n<div class=\"video-wrapped-nojs\">Aktivieren Sie JavaScript um das Video zu sehen.<br \/><a href=\"https:\/\/youtu.be\/pvhYqeGp_Do?si=zyfoKpJEHcVoWQ1H\">https:\/\/youtu.be\/pvhYqeGp_Do?si=zyfoKpJEHcVoWQ1H<\/a><\/div>\n<\/div>\n<p>Sehr ungew\u00f6hnlich au\u00dferdem:<\/p>\n<blockquote><p>In October 2020, Mr. Lehrer announced on his website that \u201call the lyrics on this website, whether published or unpublished, copyrighted or uncopyrighted, may be downloaded and used in any manner whatsoever, without requiring any further permission from me or any payment to me or to anyone else\u201d<\/p><\/blockquote>\n<p>(&#8230;)<\/p>\n<blockquote><p>He expanded on, and formalized, this announcement two years later, stating among other things that \u201cpermission is hereby granted to anyone to set any of these lyrics to their own music, or to set any of this music to their own lyrics, and to publish or perform their parodies or distortions of these songs without payment or fear of legal action.\u201d<\/p><\/blockquote>\n<p>Will hei\u00dfen: Lehrer gab 2020 alle Anspr\u00fcche auf Tantiemen an seinem Werk auf und betonte, jede und jeder k\u00f6nne mit seinen Texten und Aufnahmen alles machen, was sie wollten &#8211; ohne daf\u00fcr zahlen zu m\u00fcssen oder rechtliche Schritte zu bef\u00fcrchten.<br \/>\nNoch gr\u00f6\u00dfere Verehrung.<\/p>\n<p>Musik auf n\u00e4chstem Kindergarten-Sommerfest also ausschlie\u00dflich Tom-Lehrer-Satiren, die GEMA darf nichts verlangen. <a href=\"https:\/\/tomlehrersongs.com\/\" target=\"_blank\">Bedienen Sie sich!<\/a><\/p>\n<blockquote><p>So help yourselves, and don\u2019t send me any money.<\/p><\/blockquote>\n<p>Unvergessen auch Daniel Radcliffe, der Lehrers &#8220;The Elements&#8221; auswendig lernte &#8211; und 2011 in <i>The Graham Norton Show<\/i> zum besten gab.<\/p>\n<div class=\"video-wrapped\" style=\"width: 500px; height: 281px; background-image: url('https:\/\/www.vorspeisenplatte.de\/speisen\/wp-content\/plugins\/video-embed-privacy\/preview\/rSAaiYKF0cs.jpg')\" data-embed-frame=\"&lt;iframe title=&quot;Daniel Radcliffe sings &amp;quot;The Elements&amp;quot; - The Graham Norton Show - Series 8 Episode 4 - BBC&quot; width=&quot;500&quot; height=&quot;281&quot; src=&quot;https:\/\/www.youtube.com\/embed\/rSAaiYKF0cs?feature=oembed&quot; frameborder=&quot;0&quot; allow=&quot;accelerometer; autoplay; clipboard-write; encrypted-media; gyroscope; picture-in-picture; web-share&quot; referrerpolicy=&quot;strict-origin-when-cross-origin&quot; allowfullscreen&gt;&lt;\/iframe&gt;\" data-embed-play=\"Abspielen&lt;div class=&quot;small&quot;&gt;Das Video wird von Youtube eingebettet abespielt. Es gilt die &lt;a href=&quot;https:\/\/www.google.com\/intl\/de\/policies\/privacy\/&quot; target=&quot;_blank&quot;&gt;Datenschutzerkl\u00e4rung von Google&lt;\/a&gt;&lt;\/div&gt;\">\n<div class=\"video-wrapped-nojs\">Aktivieren Sie JavaScript um das Video zu sehen.<br \/><a href=\"https:\/\/youtu.be\/rSAaiYKF0cs?si=kgzgT78fBBWBGDsY\">https:\/\/youtu.be\/rSAaiYKF0cs?si=kgzgT78fBBWBGDsY<\/a><\/div>\n<\/div>\n<p>\u00a7<\/p>\n<p><a href=\"https:\/\/de.wikipedia.org\/wiki\/Blick_(Zeitung)\" target=\"_blank\">Die Schweizer <i>Blick<\/i> (ausgerechnet)<\/a> interviewt Philipp Ruch, dessen Zentrum f\u00fcr Politische Sch\u00f6nheit das ARD-Interview mit Rechtsextremistin Alice Weidel st\u00f6rte:<br \/>\n<a href=\"https:\/\/www.blick.ch\/politik\/jetzt-redet-der-stoerer-des-weidel-interviews-er-ist-schweizer-ich-sehe-die-afd-gerne-in-der-opferrolle-id21084026.html\" target=\"_blank\">&#8220;Jetzt redet der St\u00f6rer des Weidel-Interviews \u2013 er ist Schweizer!&#8221;<\/a><\/p>\n<p>Oft ist nicht zu erkennen, wo er Spa\u00df macht und was Ruch ernst meint &#8211; das ist das Wesen von Satire, von Narrentum. Doch ich finde durchaus \u00fcberlegenswert:<\/p>\n<blockquote><p>Ich sehe Weidel und die AfD gerne in der Opferrolle. Ich denke, niemand h\u00e4tte Interesse daran, den deutschen Rechtsextremismus noch mal in der T\u00e4terrolle zu sehen. Wir wissen, wo das geendet hat.<\/p><\/blockquote>\n<p> <img loading=\"lazy\" decoding=\"async\" src=\"https:\/\/vg01.met.vgwort.de\/na\/4b6c79d9541642c185ab987ae0568440\" width=\"1\" height=\"1\" alt=\"\"\/><\/p>\n","protected":false},"excerpt":{"rendered":"<p>Ohne Regenrauschen aufgewacht, little blessings. Wegen diverser H\u00e4uslichkeiten kam ich sp\u00e4ter als sonst aus dem Haus, schon 15 Minuten Verschiebung f\u00fchrten mich durch eine andere Welt in die Arbeit. Die mich dann auch gleich mit Dringlichem anfiel. Da zudem Termine anstanden und ich aus Gr\u00fcnden im B\u00fcro verf\u00fcgbar sein musste, schoss ich f\u00fcr meinen Mittagscappuccino [&hellip;]<\/p>\n","protected":false},"author":2,"featured_media":0,"comment_status":"open","ping_status":"closed","sticky":false,"template":"","format":"standard","meta":{"footnotes":""},"categories":[6,1],"tags":[],"class_list":["post-110702","post","type-post","status-publish","format-standard","hentry","category-essen","category-general"],"_links":{"self":[{"href":"https:\/\/www.vorspeisenplatte.de\/speisen\/wp-json\/wp\/v2\/posts\/110702","targetHints":{"allow":["GET"]}}],"collection":[{"href":"https:\/\/www.vorspeisenplatte.de\/speisen\/wp-json\/wp\/v2\/posts"}],"about":[{"href":"https:\/\/www.vorspeisenplatte.de\/speisen\/wp-json\/wp\/v2\/types\/post"}],"author":[{"embeddable":true,"href":"https:\/\/www.vorspeisenplatte.de\/speisen\/wp-json\/wp\/v2\/users\/2"}],"replies":[{"embeddable":true,"href":"https:\/\/www.vorspeisenplatte.de\/speisen\/wp-json\/wp\/v2\/comments?post=110702"}],"version-history":[{"count":3,"href":"https:\/\/www.vorspeisenplatte.de\/speisen\/wp-json\/wp\/v2\/posts\/110702\/revisions"}],"predecessor-version":[{"id":110723,"href":"https:\/\/www.vorspeisenplatte.de\/speisen\/wp-json\/wp\/v2\/posts\/110702\/revisions\/110723"}],"wp:attachment":[{"href":"https:\/\/www.vorspeisenplatte.de\/speisen\/wp-json\/wp\/v2\/media?parent=110702"}],"wp:term":[{"taxonomy":"category","embeddable":true,"href":"https:\/\/www.vorspeisenplatte.de\/speisen\/wp-json\/wp\/v2\/categories?post=110702"},{"taxonomy":"post_tag","embeddable":true,"href":"https:\/\/www.vorspeisenplatte.de\/speisen\/wp-json\/wp\/v2\/tags?post=110702"}],"curies":[{"name":"wp","href":"https:\/\/api.w.org\/{rel}","templated":true}]}}