{"id":110724,"date":"2025-07-30T05:37:36","date_gmt":"2025-07-30T03:37:36","guid":{"rendered":"https:\/\/www.vorspeisenplatte.de\/speisen\/?p=110724"},"modified":"2025-07-30T11:17:45","modified_gmt":"2025-07-30T09:17:45","slug":"journal-dienstag-29-juli-2025-regenblablablaregen","status":"publish","type":"post","link":"https:\/\/www.vorspeisenplatte.de\/speisen\/2025\/07\/journal-dienstag-29-juli-2025-regenblablablaregen.htm","title":{"rendered":"Journal Dienstag, 29. Juli 2025 &#8211; RegenblablablaRegen"},"content":{"rendered":"<p>Nach einem unangenehmem Aufgewecktwerden durch Menschenl\u00e4rm aus dem Park schlief ich (jetzt bei geschlossenen Fenstern) gut.<\/p>\n<p>Der Tag startete dunkelgrau d\u00fcster und trocken, vor allem aber sehr k\u00fchl.<\/p>\n<p><a href=\"https:\/\/www.vorspeisenplatte.de\/speisen\/archiv\/250729_02_Ligsalzstr.jpg\"><img loading=\"lazy\" decoding=\"async\" src=\"https:\/\/www.vorspeisenplatte.de\/speisen\/archiv\/250729_02_Ligsalzstr.jpg\" alt=\"\" width=\"411\" height=\"535\" class=\"alignnone size-full wp-image-110744\" \/><\/a><\/p>\n<p>Stillleben hei\u00dft ja auf Spanisch &#8220;naturaleza muerta&#8221;.<\/p>\n<p>Im B\u00fcro ab Rechnerhochfahren Emsigkeit, unter anderem sprang ich f\u00fcr einen Job kurzfristig ein.<\/p>\n<p>Doch der Druck war nicht zu hoch f\u00fcr einen Mittagscappuccino im Westend, genau zu dieser Zeit sah ich auch ein paar blaue L\u00f6cher zwischen den Wolken am Himmel. Und ich habe in langen Jeans und Jacke schon deutlich mehr gefroren in einem Juli unserer Breiten.<\/p>\n<p>Zu Mittag gab es nach weiteren Handgriffen am Schreibtisch den restlichen Linsensalat vom Vorabend sowie Nektarinen. Das war anscheinend nicht nachhaltig genug: Nachmittags brauchte ich noch eine Hand voll N\u00fcsse.<\/p>\n<p>Am fr\u00fchen Nachmittag goss es nochmal kr\u00e4ftig. Mehrfach. Die angek\u00fcndigte vor\u00fcbergehende Wetterberuhigung (24 Stunden) stellte sich nicht ein, <a href=\"https:\/\/www.hnd.bayern.de\/pegel\/isar\/muenchen-16005701\" target=\"_blank\">an der Isar wird Hochwasserstufe 1 gemeldet<\/a>.<\/p>\n<p><a href=\"https:\/\/www.vorspeisenplatte.de\/speisen\/archiv\/250729_07_Buerohausblick.jpg\"><img loading=\"lazy\" decoding=\"async\" src=\"https:\/\/www.vorspeisenplatte.de\/speisen\/archiv\/250729_07_Buerohausblick.jpg\" alt=\"\" width=\"644\" height=\"411\" class=\"alignnone size-full \" \/><\/a><\/p>\n<p>Leider wieder schmerzende Lendenwirbels\u00e4ulengegend mit Abbrech-Gef\u00fchl und kurzem Wechsel zwischen Arbeiten im Sitzen und im Stehen.<\/p>\n<p>K\u00fcrzlich sprach ich mit einer Gleichaltrigen, die ich wegen ihrer Hexenschuss-Beschwerden bemitleidete; sie meinte versch\u00e4mt, vielleicht sei es Zeit, doch mal mit ein wenig sportlicher Bewegung als Vorsorge gegen Altersleiden zu beginnen. Ich musste ihr im Verlauf des Gespr\u00e4chs gestehen, dass ich seit so vielen Jahren nie komplett schmerzfrei war, dass ich mich nicht mehr daran erinnern kann, wie das ist. Bis dahin hatte ich angenommen, das gehe allen Menschen in meinem Alter so.<\/p>\n<p>Heimweg unterm Schirm und \u00fcber Obst- und Drogerie-Eink\u00e4ufe. Zu Hause Yoga-Gymnastik (eine Ruhe-Folge), Brotzeitvorbereitung, dann servierte Herr Kaltmamsell die Ernteanteil-Aubergine als Pasta alla Norma.<\/p>\n<p><a href=\"https:\/\/www.vorspeisenplatte.de\/speisen\/archiv\/250729_09_Nachtmahl.jpg\"><img loading=\"lazy\" decoding=\"async\" src=\"https:\/\/www.vorspeisenplatte.de\/speisen\/archiv\/250729_09_Nachtmahl.jpg\" alt=\"\" width=\"444\" height=\"333\" class=\"alignnone size-full wp-image-110746\" \/><\/a><\/p>\n<p>Sehr gut &#8211; aber diese Manfredini\/Mafaldini entt\u00e4uschen mich: Sie behalten beim Kochen nicht ihre Form, sondern zerfallen. Dazu gab es den Ernteanteil-Kohlrabi als Salat, den ich bereits am Montagabend zubereitet hatte (noch nie einen so gro\u00dfen Kohlrabi erlebt, der so wenig holzig war).<\/p>\n<p>\u00a7<\/p>\n<p>Felix berichtet die Geschichte seiner angeborenen K\u00f6rperform und warum er sich dagegen Abnehmspritzen verschreiben hat lassen:<br \/>\n<a href=\"https:\/\/wirres.net\/articles\/milde-adipositas\" target=\"_blank\">&#8220;&#8216;milde adipositas'&#8221;.<\/a><\/p>\n<p>Grunds\u00e4tzlich wundert mich ja, dass bei einem Menschen mit \u00fcber Jahre perfektem Blutbild und nachweisbar regelm\u00e4\u00dfiger Bewegung das statistische \u00dcbergewicht als Risikofaktor eingeordnet wird.<br \/>\nDann wieder: Das war bei seiner j\u00fcngeren Schwester ja auch so. Und doch blieb ihr Herz einfach stehen. (Rein strukturell deutet das f\u00fcr mich auf einen urs\u00e4chlichen Faktor hin, der unter anderem auch f\u00fcr \u00dcbergewicht verantwortlich war und nicht umgekehrt &#8211; aber das f\u00fchrt in Tiefen des menschlichen Stoffwechsels, die bei n\u00e4herer Recherche immer noch ein gro\u00dfer wei\u00dfer Fleck sind => Raum f\u00fcr Spekulationen, Esoterik, unseri\u00f6ses Marketing.)<\/p>\n<p>\u00a7<\/p>\n<p>Endlich Zeit gefunden, den Bachmannpreis-Vortrag der Gewinnerin Natascha Gangl nachzusehen und die Jury-Diskussion dar\u00fcber:<br \/>\n<a href=\"https:\/\/bachmannpreis.orf.at\/stories\/3304912\/\" target=\"_blank\">&#8220;Da Sta&#8221;.<\/a><\/p>\n<p>Verst\u00f6render Text, nahe an Lyrik, hervorragend pr\u00e4ziser Vortrag &#8211; ein gro\u00dfartiges Beispiel f\u00fcr das offene Kunstwerk (im Sinne von Umberto Eco). Ich bin komplett einverstanden mit der Preisvergabe.<\/p>\n<p>\u00a7<\/p>\n<p>Die Art Niedlichkeit, bei der ich sofort mitgehe:<br \/>\n<a href=\"https:\/\/chaos.social\/@Emathion\/114932457177791850\" target=\"_blank\">Passanten bekleben die bei Brandanschlag besch\u00e4digte Sendung-mit-der-Maus-Figur mit Pflastern.<\/a> <img loading=\"lazy\" decoding=\"async\" src=\"https:\/\/vg01.met.vgwort.de\/na\/e9f46e7125674ea2b710274663c88c64\" width=\"1\" height=\"1\" alt=\"\"\/><\/p>\n","protected":false},"excerpt":{"rendered":"<p>Nach einem unangenehmem Aufgewecktwerden durch Menschenl\u00e4rm aus dem Park schlief ich (jetzt bei geschlossenen Fenstern) gut. Der Tag startete dunkelgrau d\u00fcster und trocken, vor allem aber sehr k\u00fchl. Stillleben hei\u00dft ja auf Spanisch &#8220;naturaleza muerta&#8221;. Im B\u00fcro ab Rechnerhochfahren Emsigkeit, unter anderem sprang ich f\u00fcr einen Job kurzfristig ein. Doch der Druck war nicht zu [&hellip;]<\/p>\n","protected":false},"author":2,"featured_media":0,"comment_status":"open","ping_status":"closed","sticky":false,"template":"","format":"standard","meta":{"footnotes":""},"categories":[6,2,1],"tags":[],"class_list":["post-110724","post","type-post","status-publish","format-standard","hentry","category-essen","category-fotos","category-general"],"_links":{"self":[{"href":"https:\/\/www.vorspeisenplatte.de\/speisen\/wp-json\/wp\/v2\/posts\/110724","targetHints":{"allow":["GET"]}}],"collection":[{"href":"https:\/\/www.vorspeisenplatte.de\/speisen\/wp-json\/wp\/v2\/posts"}],"about":[{"href":"https:\/\/www.vorspeisenplatte.de\/speisen\/wp-json\/wp\/v2\/types\/post"}],"author":[{"embeddable":true,"href":"https:\/\/www.vorspeisenplatte.de\/speisen\/wp-json\/wp\/v2\/users\/2"}],"replies":[{"embeddable":true,"href":"https:\/\/www.vorspeisenplatte.de\/speisen\/wp-json\/wp\/v2\/comments?post=110724"}],"version-history":[{"count":3,"href":"https:\/\/www.vorspeisenplatte.de\/speisen\/wp-json\/wp\/v2\/posts\/110724\/revisions"}],"predecessor-version":[{"id":110758,"href":"https:\/\/www.vorspeisenplatte.de\/speisen\/wp-json\/wp\/v2\/posts\/110724\/revisions\/110758"}],"wp:attachment":[{"href":"https:\/\/www.vorspeisenplatte.de\/speisen\/wp-json\/wp\/v2\/media?parent=110724"}],"wp:term":[{"taxonomy":"category","embeddable":true,"href":"https:\/\/www.vorspeisenplatte.de\/speisen\/wp-json\/wp\/v2\/categories?post=110724"},{"taxonomy":"post_tag","embeddable":true,"href":"https:\/\/www.vorspeisenplatte.de\/speisen\/wp-json\/wp\/v2\/tags?post=110724"}],"curies":[{"name":"wp","href":"https:\/\/api.w.org\/{rel}","templated":true}]}}