{"id":11073,"date":"2011-03-28T06:42:02","date_gmt":"2011-03-28T04:42:02","guid":{"rendered":"https:\/\/www.vorspeisenplatte.de\/speisen\/?p=11073"},"modified":"2011-03-28T08:17:39","modified_gmt":"2011-03-28T06:17:39","slug":"journal-sonntag-27-marz-2011","status":"publish","type":"post","link":"https:\/\/www.vorspeisenplatte.de\/speisen\/2011\/03\/journal-sonntag-27-marz-2011.htm","title":{"rendered":"Journal Sonntag, 27. M\u00e4rz 2011"},"content":{"rendered":"<p>Viel zu fr\u00fch aufgewacht, dadurch schaffte ich es aber zumindest in eine vormitt\u00e4gliche Aerobicstunde (das nasskalte Wetter lud eh nicht zum Isarlauf ein).<\/p>\n<p>W\u00e4hrend des Gymnastikteils der Turnstunde wunderte ich mich mal wieder, dass die Vorturnerin uns dazu aufforderte, den Bauch einzuziehen. Das wundert mich, seit ich vor \u00fcber 16 Jahren Sport in Fitnessstudios begonnen habe: Ziel ist in diesen Situationen immer, die Bauchmuskeln anzuspannen &#8211; tut mir leid, wie soll ich das bitte mit eingezogenem Bauch tun, der mich zudem daran hindert, richtig zu atmen?<\/p>\n<p>Als neuester Hokuspokus wird in diesem meinem Abnehmstudio \u00fcbrigens \u201eSchr\u00f6pfmassage gegen Cellulite\u201c angeboten &#8211; ich f\u00fchle mich immer mehr wie auf einem mittelalterlichen Jahrmarkt. Vielleicht sollte ich <a href=\"http:\/\/de.wikipedia.org\/wiki\/Bader \" target=_\"new\">Bader<\/a>-Zahnbehandlungen anbieten. (Ich wei\u00df: Bl\u00f6dsinnige Idee, die niemals Erfolg h\u00e4tte. Schlie\u00dflich l\u00e4sst sich damit kein Abnehmversprechen verbinden.)<\/p>\n<p>\u00a7<\/p>\n<p>Gro\u00dfer Stolz: Ich habe es zum ersten Mal geschafft, auch hier im Blog die Uhrzeit gleich am ersten Tag nach Umstellung zu korrigieren.<\/p>\n<p>\u00a7<\/p>\n<p>Nach einer Sch\u00fcssel Granatapfelkerne (vermutlich die letzten der Saison) mit Joghurt und einem K\u00e4sebrot knickte ich nachmittags dann doch ein: Statt ins Kino ging ich ins Bett und hielt Siesta. Auf dem Weg dorthin bat ich den Mitbewohner, sich um den bei Niedrigtemperatur zu garenden Rinderbraten zum Abendbrot zu k\u00fcmmern: Wir hatten vergangenes Wochenende elf Kilo Limoges-Rind bei meinen Eltern abgeholt, das von einem Freund des Hauses stammt. Er h\u00e4lt als Nebenerwerbslandwirt solche Rinder auf seiner Weide im Altm\u00fchltal, verkauft wird tierweise: Man muss als Interessent halt genug weitere Interessenten finden, damit man ein ganzes Rind abnehmen kann. Endlich hatte ich meinen Eltern fr\u00fch genug Bescheid gegeben, dass ich mich auch mal an einem beteiligen m\u00f6chte. Und nun war wieder eines geschlachtet worden.<\/p>\n<p>Mit Rinderbraten haben weder der Mitbewohner noch ich Erfahrung, deswegen wollte ich auf Nummer sicher gehen. Das Bratenst\u00fcck wurde in Butterschmalz angebraten, mit Thymian, Knoblauch, Salz Pfeffer gew\u00fcrzt und dann bei 80 Grad gegart, bis die Kerntemperatur (Bratenthermometer!) bei 70 Grad lag. Das dauerte diesmal dreieinhalb Stunden. Das Fleisch war perfekt zart und schmeckte wundervoll nach Rind.<\/p>\n<p>\u00a7<\/p>\n<p>Auf <a href=\"http:\/\/www.cooloutfit.at\/2011\/03\/26\/dear-someone-in-neuem-gewande\/\" target=_\"new\">Cool Outfit<\/a> einen Hinweis auf ganz besondere Gru\u00dfkarten gefunden. Mein Liebling:<\/p>\n<p><a href=\"https:\/\/www.vorspeisenplatte.de\/speisen\/archiv\/dear_blank_260311_4.jpg\"><img loading=\"lazy\" decoding=\"async\" src=\"https:\/\/www.vorspeisenplatte.de\/speisen\/archiv\/dear_blank_260311_4.jpg\" alt=\"\" title=\"dear_blank_260311_4\" width=\"399\" height=\"496\" class=\"alignnone size-full wp-image-11074\" \/><\/a><\/p>\n<p>(<a href=\"http:\/\/www.etsy.com\/listing\/69765476\/dear-twilight-fans-letterpress-card\" target=_new>Der hier ist aber auch nicht schlecht.<\/a>)<br \/>\n<a href=\"http:\/\/www.etsy.com\/shop\/shopsaplingpress\" target=_\"new\">Hier kann man sie bei Etsy kaufen<\/a>.<\/p>\n<p>\u00a7<\/p>\n<p>Alte Folgen <i>Emergency Room<\/i> geguckt, Blick immer auf meine Twitter-Timeline, um die Ergebnisse der Landtagswahl in Baden-W\u00fcrttemberg und Rheinland-Pfalz mitzubekommen. Ich bin schon sehr gespannt, was die Wahlsieger draus machen. (Und wann endlich die Erkenntnis durch die aktuelle Diskussion dringt, dass es nicht reicht, sich vor Kernkraft zu f\u00fcrchten: Vor allem und in allererster Linie m\u00fcssen wir Wege finden, deutlich weniger Strom zu ben\u00f6tigen. Nein?) Sehr begr\u00fc\u00dfe ich, dass in der Wahlberichterstattung der ARD als Volkes Stimme statt dem fr\u00fcheren Passantengestammel Twitter- und Facebookkommentare gezeigt wurden.<\/p>\n<p>\u00a7<\/p>\n<p>Das Gef\u00fchl, nichts geschafft und den Tag vergeudet zu haben &#8211; das muss ich nicht verstehen, oder?<\/p>\n","protected":false},"excerpt":{"rendered":"<p>Viel zu fr\u00fch aufgewacht, dadurch schaffte ich es aber zumindest in eine vormitt\u00e4gliche Aerobicstunde (das nasskalte Wetter lud eh nicht zum Isarlauf ein). W\u00e4hrend des Gymnastikteils der Turnstunde wunderte ich mich mal wieder, dass die Vorturnerin uns dazu aufforderte, den Bauch einzuziehen. Das wundert mich, seit ich vor \u00fcber 16 Jahren Sport in Fitnessstudios begonnen [&hellip;]<\/p>\n","protected":false},"author":2,"featured_media":0,"comment_status":"open","ping_status":"closed","sticky":false,"template":"","format":"standard","meta":{"footnotes":""},"categories":[6,1],"tags":[],"class_list":["post-11073","post","type-post","status-publish","format-standard","hentry","category-essen","category-general"],"_links":{"self":[{"href":"https:\/\/www.vorspeisenplatte.de\/speisen\/wp-json\/wp\/v2\/posts\/11073","targetHints":{"allow":["GET"]}}],"collection":[{"href":"https:\/\/www.vorspeisenplatte.de\/speisen\/wp-json\/wp\/v2\/posts"}],"about":[{"href":"https:\/\/www.vorspeisenplatte.de\/speisen\/wp-json\/wp\/v2\/types\/post"}],"author":[{"embeddable":true,"href":"https:\/\/www.vorspeisenplatte.de\/speisen\/wp-json\/wp\/v2\/users\/2"}],"replies":[{"embeddable":true,"href":"https:\/\/www.vorspeisenplatte.de\/speisen\/wp-json\/wp\/v2\/comments?post=11073"}],"version-history":[{"count":0,"href":"https:\/\/www.vorspeisenplatte.de\/speisen\/wp-json\/wp\/v2\/posts\/11073\/revisions"}],"wp:attachment":[{"href":"https:\/\/www.vorspeisenplatte.de\/speisen\/wp-json\/wp\/v2\/media?parent=11073"}],"wp:term":[{"taxonomy":"category","embeddable":true,"href":"https:\/\/www.vorspeisenplatte.de\/speisen\/wp-json\/wp\/v2\/categories?post=11073"},{"taxonomy":"post_tag","embeddable":true,"href":"https:\/\/www.vorspeisenplatte.de\/speisen\/wp-json\/wp\/v2\/tags?post=11073"}],"curies":[{"name":"wp","href":"https:\/\/api.w.org\/{rel}","templated":true}]}}