{"id":110752,"date":"2025-07-31T06:32:11","date_gmt":"2025-07-31T04:32:11","guid":{"rendered":"https:\/\/www.vorspeisenplatte.de\/speisen\/?p=110752"},"modified":"2025-07-31T06:32:11","modified_gmt":"2025-07-31T04:32:11","slug":"journal-mittwoch-30-juli-2025-isarhochwasser-in-kurzer-regenpause","status":"publish","type":"post","link":"https:\/\/www.vorspeisenplatte.de\/speisen\/2025\/07\/journal-mittwoch-30-juli-2025-isarhochwasser-in-kurzer-regenpause.htm","title":{"rendered":"Journal Mittwoch, 30. Juli 2025 &#8211; Isarhochwasser in kurzer Regenpause"},"content":{"rendered":"<p>F\u00fcr gestern hatte ich den Wecker auf Extrafr\u00fch gestellt: Die Wettervorhersage hatte die M\u00f6glichkeit eines regenfreien, mittelhellen Morgens angek\u00fcndigt, vielleicht hell genug f\u00fcr einen letzten (vorletzten? *Bambi-Augen*) Isarlauf vor der Arbeit. Ich wachte eine halbe Stunde nochfr\u00fcher auf, lauscht sofort nach drau\u00dfen: kein Regenrauschen, super. Einschlafen konnte ich jetzt aber nicht mehr.<\/p>\n<p>Egal, der Morgen d\u00e4mmerte tats\u00e4chlich mit nur mittlerer Bew\u00f6lkung: Ich war gespannt, wie meine Lerchenstrecke an der Isar bei Hochwassermeldestufe 1 aussehen w\u00fcrde.<\/p>\n<p><a href=\"https:\/\/www.vorspeisenplatte.de\/speisen\/archiv\/Screenshot-2025-07-30-092430.jpg\"><img loading=\"lazy\" decoding=\"async\" class=\"alignnone size-full wp-image-110754\" src=\"https:\/\/www.vorspeisenplatte.de\/speisen\/archiv\/Screenshot-2025-07-30-092430.jpg\" alt=\"\" width=\"621\" height=\"445\" srcset=\"https:\/\/www.vorspeisenplatte.de\/speisen\/archiv\/Screenshot-2025-07-30-092430.jpg 621w, https:\/\/www.vorspeisenplatte.de\/speisen\/archiv\/Screenshot-2025-07-30-092430-600x430.jpg 600w\" sizes=\"auto, (max-width: 621px) 100vw, 621px\" \/><\/a><\/p>\n<p>\u00dcberrascht war ich beim Loslaufen erstmal \u00fcber die K\u00e4lte, ich sch\u00e4tzte gerade mal 10 Grad. Zwar war ich noch zu verschlafen, um &#8220;notice how you feel&#8221; (die Yoga-Adriene scheint irgendwann ein eigenes Einfl\u00fcsterzentrum in meinem Hirn eingerichtet zu haben), aber nichts schmerzte mehr als sonst, die Bewegung strengte mich nicht wirklich an.<\/p>\n<p>Interessante Niedrighochwasseransichten; Meldestufe 1, so lernte ich dabei, bedeutet nur an einer Stelle reinlappende Isar auf meiner Lerchenstrecke.<\/p>\n<p><a href=\"https:\/\/www.vorspeisenplatte.de\/speisen\/archiv\/250730_03_StStephan.jpg\"><img loading=\"lazy\" decoding=\"async\" class=\"alignnone size-full wp-image-110770\" src=\"https:\/\/www.vorspeisenplatte.de\/speisen\/archiv\/250730_03_StStephan.jpg\" alt=\"\" width=\"457\" height=\"614\" srcset=\"https:\/\/www.vorspeisenplatte.de\/speisen\/archiv\/250730_03_StStephan.jpg 457w, https:\/\/www.vorspeisenplatte.de\/speisen\/archiv\/250730_03_StStephan-447x600.jpg 447w\" sizes=\"auto, (max-width: 457px) 100vw, 457px\" \/><\/a><\/p>\n<p><a href=\"https:\/\/www.vorspeisenplatte.de\/speisen\/archiv\/250730_09_Wittelsbacherbr.jpg\"><img loading=\"lazy\" decoding=\"async\" class=\"alignnone size-full \" src=\"https:\/\/www.vorspeisenplatte.de\/speisen\/archiv\/250730_09_Wittelsbacherbr.jpg\" alt=\"\" width=\"546\" height=\"451\" \/><\/a><\/p>\n<p><a href=\"https:\/\/www.vorspeisenplatte.de\/speisen\/archiv\/250730_12_Wittelsbacherbr.jpg\"><img loading=\"lazy\" decoding=\"async\" class=\"alignnone size-full \" src=\"https:\/\/www.vorspeisenplatte.de\/speisen\/archiv\/250730_12_Wittelsbacherbr.jpg\" alt=\"\" width=\"561\" height=\"441\" \/><\/a><\/p>\n<p><a href=\"https:\/\/www.vorspeisenplatte.de\/speisen\/archiv\/250730_15_BraunauerEisenbahnbr.jpg\"><img loading=\"lazy\" decoding=\"async\" class=\"alignnone size-full \" src=\"https:\/\/www.vorspeisenplatte.de\/speisen\/archiv\/250730_15_BraunauerEisenbahnbr.jpg\" alt=\"\" width=\"590\" height=\"400\" \/><\/a><\/p>\n<p><a href=\"https:\/\/www.vorspeisenplatte.de\/speisen\/archiv\/250730_17_Flaucher.jpg\"><img loading=\"lazy\" decoding=\"async\" class=\"alignnone size-full wp-image-110774\" src=\"https:\/\/www.vorspeisenplatte.de\/speisen\/archiv\/250730_17_Flaucher.jpg\" alt=\"\" width=\"486\" height=\"583\" \/><\/a><\/p>\n<p>Nur hier konnte ich nicht wie gewohnt direkt am Ufer laufen.<\/p>\n<p><a href=\"https:\/\/www.vorspeisenplatte.de\/speisen\/archiv\/250730_24_Flaucher.jpg\"><img loading=\"lazy\" decoding=\"async\" class=\"alignnone size-full wp-image-110775\" src=\"https:\/\/www.vorspeisenplatte.de\/speisen\/archiv\/250730_24_Flaucher.jpg\" alt=\"\" width=\"472\" height=\"624\" srcset=\"https:\/\/www.vorspeisenplatte.de\/speisen\/archiv\/250730_24_Flaucher.jpg 472w, https:\/\/www.vorspeisenplatte.de\/speisen\/archiv\/250730_24_Flaucher-454x600.jpg 454w\" sizes=\"auto, (max-width: 472px) 100vw, 472px\" \/><\/a><\/p>\n<p><a href=\"https:\/\/www.vorspeisenplatte.de\/speisen\/archiv\/250730_29_Flaucher.jpg\"><img loading=\"lazy\" decoding=\"async\" class=\"alignnone size-full wp-image-110776\" src=\"https:\/\/www.vorspeisenplatte.de\/speisen\/archiv\/250730_29_Flaucher.jpg\" alt=\"\" width=\"418\" height=\"519\" \/><\/a><\/p>\n<p><a href=\"https:\/\/www.vorspeisenplatte.de\/speisen\/archiv\/250730_32_Brudermuehlbr.jpg\"><img loading=\"lazy\" decoding=\"async\" class=\"alignnone size-full wp-image-110777\" src=\"https:\/\/www.vorspeisenplatte.de\/speisen\/archiv\/250730_32_Brudermuehlbr.jpg\" alt=\"\" width=\"423\" height=\"564\" \/><\/a><\/p>\n<p>Wieder ein Holzschnitt.<\/p>\n<p><a href=\"https:\/\/www.vorspeisenplatte.de\/speisen\/archiv\/250730_33a_Brudermuehlbr.jpg\"><img loading=\"lazy\" decoding=\"async\" class=\"alignnone size-full wp-image-110778\" src=\"https:\/\/www.vorspeisenplatte.de\/speisen\/archiv\/250730_33a_Brudermuehlbr.jpg\" alt=\"\" width=\"475\" height=\"634\" srcset=\"https:\/\/www.vorspeisenplatte.de\/speisen\/archiv\/250730_33a_Brudermuehlbr.jpg 475w, https:\/\/www.vorspeisenplatte.de\/speisen\/archiv\/250730_33a_Brudermuehlbr-450x600.jpg 450w\" sizes=\"auto, (max-width: 475px) 100vw, 475px\" \/><\/a><\/p>\n<p>Mutprobe nach dem Duschen: Die frisch gewaschene echte Jeans (501), die ich wegen K\u00e4lte nach Monaten aus dem Schrank zog. Zu meiner Erleichterung war sie nicht zu klein geworden, nach zwei Kniebeugen sa\u00dfen auch die Oberschenkel bequem. (Nein, das wird in diesem Leben nicht mehr aufh\u00f6ren.)<\/p>\n<p>Auch auf dem Weg in die Arbeit war der Himmel geradezu heiter, das Gehen bereitete mir so viel Freude, dass ich auf die Abk\u00fcrzung mit U-Bahn verzichtete (au\u00dferdem fiel mir gestern kein Grund ein, so fr\u00fch wie m\u00f6glich im B\u00fcro anzukommen, es stand nichts und niemand Dringendes an).<\/p>\n<p>Geordnet emsiger Vormittag, bei meinem Spaziergang ins Westend zu Mittagscappuccino war es geradezu mild und freundlich.<\/p>\n<p>Das \u00e4nderte sich bald wieder: Beim Mittagessen dr\u00e4ute der Himmel dunkelgrau. Es gab Gurke, dann Mango mit Sojajoghurt, in den ich eingeweichte Roggenk\u00f6rner gemischt hatte &#8211; zum einen kaue ich sehr gern solche K\u00f6rndln, zum anderen verlangsamt das mein Wegl\u00f6ffeln von Mangojoghurt angenehm.<\/p>\n<p>Kurz nach Mittagessen prasselte der Regen bereits wieder munter. (Ich m\u00f6chte bitte gerne einen schwarzen Regenschirm mit der Aufschrift in gro\u00dfen, freundlichen Buchtaben: &#8220;Der Bauer freut sich&#8221;.)<\/p>\n<p>Den Arbeitsnachmittag brachte ich auch rum, auf dem Heimweg profitierte ich von einer Regenpause.<\/p>\n<p>Heim kam ich in eine leere Wohnung: Herr Kaltmamsell verbrachte den Abend aush\u00e4usig. Ich kruschte, turnte Yoga-Gymnastik und bereitete mir zum Abendessen (Ernteanteil bereits aufgegessen) Rahmspinat mit verlorenen Eiern, einen meiner Stroh-Single-Klassiker. Zudem a\u00df ich Salzg\u00fcrkchen, K\u00e4se mit Pfirsich, abschlie\u00dfend Schokolade &#8211; insgesamt zu viel.<\/p>\n<p>Das aktuelle Granta 172, <i>Badlands<\/i> hatte ich ausgelesen &#8211; eine eher schwache Ausgabe, mit einem \u00fcber 50-seitigen Text &#8220;Wie ich mal in den Krieg in der Ukraine fuhr und mit ganz vielen Leuten redete&#8221;, den ich bald nur noch kursorisch \u00fcberflog. N\u00e4chste Lekt\u00fcre, endlich wieder bequem auf dem Kindle (die Zeiten, in denen mich Papierb\u00fccher nicht anstrengten, kommen wohl nicht wieder): Grete Weil, <i>Tramhalte Beethovenstraat<\/i>, gleich mal aus unerwarteter Perspektive und in \u00fcberraschendem Tonfall, 1963 als &#8220;erster deutschsprachiger Roman einer \u00dcberlebenden \u00fcber Exil, Verfolgung und Ermordung der europ\u00e4ischen Juden&#8221; ver\u00f6ffentlicht.<\/p>\n<p>Vor dem Zu-Bett-Gehen (fr\u00fch sehr m\u00fcde, kein Wunder) sah ich nach den Mauerseglern, die ich tags\u00fcber nicht geh\u00f6rt hatte: Sie sind m\u00f6glicherweise bereits fort.<\/p>\n<p>\u00a7<\/p>\n<p>Nils Pickert engagiert sich unter anderem bei Pinkstinks Germany gegen Sexismus und Homophobie. In <i>Standard.at<\/i> blafft er sich von der Seele:<br \/>\n<a href=\"https:\/\/www.derstandard.de\/story\/3000000280940\/neue-maennliche-einsamkeitskrise-das-geht-doch-schon-seit-jahrhunderten-so\" target=\"_blank\" rel=\"noopener\">&#8220;Neue m\u00e4nnliche Einsamkeitskrise? Das geht doch schon seit Jahrhunderten so&#8221;.<\/a><\/p>\n<blockquote><p>M\u00e4nner bev\u00f6lkern in gro\u00dfer Zahl die Gef\u00e4ngnisse, weil sie die \u00fcberw\u00e4ltigende Anzahl von Kapitalverbrechen begehen. Sie werden h\u00e4ufig Opfer von Gewalttaten \u2013 haupts\u00e4chlich, weil andere M\u00e4nner es mit ihrer M\u00e4nnlichkeit vereinbar oder sogar f\u00fcr zwingend erforderlich halten, anderen M\u00e4nnern Gewalt anzutun. Sie sterben neben biologischen Ursachen (Looking at you, Y-Chromosom!) auch deshalb fr\u00fcher, weil sie zu risikoreicherem Verhalten ermutigt und erzogen werden und weil sich Gesellschaften gerne ihrer K\u00f6rper bedienen, wenn es darum geht, die Drecksarbeit zu machen.<\/p><\/blockquote>\n<p>(&#8230;)<\/p>\n<blockquote><p>Und ja, M\u00e4nner sind einsam. Ihre Freundschaften drehen sich zu oft nicht um N\u00e4he, F\u00fcrsorge und Liebe, sondern um Themen oder Besch\u00e4ftigungen. Fu\u00dfballfreunde. Saufkumpel. Gaming-Bros. Freundschaft ist f\u00fcr M\u00e4nner auch der eine Typ aus dem Unikurs, der ihnen f\u00fcr ein Bier damals beim Umzug geholfen hat, den sie aber seit 20 Jahren nicht mehr gesehen haben.<\/p>\n<p>M\u00e4nner f\u00fchren parasit\u00e4re Sozialbeziehungen, indem sie (notgedrungen) Zeit mit den Partnern der Freundinnen ihrer Partnerinnen verbringen. Also weniger &#8220;Hey, das ist aber mal ein interessanter, aufrichtiger, liebenswerter Kerl, mit dem w\u00fcrde ich gerne mehr Zeit verbringen&#8221;, sondern eher so &#8220;Ach, du auch hier, na ja dann, und du so&#8221;.<\/p><\/blockquote>\n<p>(&#8230;)<\/p>\n<blockquote><p>Das Ende m\u00e4nnlicher Einsamkeit liegt nicht in der Vergangenheit, sondern in der Zukunft.<\/p>\n<p>Und es liegt auch nicht in Frauen, sondern in M\u00e4nnern selbst. Im Halten, Lieben, Scheitern und Verzeihen. In M\u00e4nnern, die andere M\u00e4nner auffangen, wenn sie fallen, und zur Verantwortung ziehen, wenn sie andere schlecht behandeln.<\/p><\/blockquote>\n<p>Kommen Sie mir auch hier bitte nicht mit #notallmen: Es geht um Strukturen. <img loading=\"lazy\" decoding=\"async\" src=\"https:\/\/vg01.met.vgwort.de\/na\/1c71f8b26a1b42809e9bbabc3a3a7d41\" width=\"1\" height=\"1\" alt=\"\"\/><\/p>\n","protected":false},"excerpt":{"rendered":"<p>F\u00fcr gestern hatte ich den Wecker auf Extrafr\u00fch gestellt: Die Wettervorhersage hatte die M\u00f6glichkeit eines regenfreien, mittelhellen Morgens angek\u00fcndigt, vielleicht hell genug f\u00fcr einen letzten (vorletzten? *Bambi-Augen*) Isarlauf vor der Arbeit. Ich wachte eine halbe Stunde nochfr\u00fcher auf, lauscht sofort nach drau\u00dfen: kein Regenrauschen, super. Einschlafen konnte ich jetzt aber nicht mehr. Egal, der Morgen [&hellip;]<\/p>\n","protected":false},"author":2,"featured_media":0,"comment_status":"open","ping_status":"closed","sticky":false,"template":"","format":"standard","meta":{"footnotes":""},"categories":[3,2,1],"tags":[],"class_list":["post-110752","post","type-post","status-publish","format-standard","hentry","category-bucher","category-fotos","category-general"],"_links":{"self":[{"href":"https:\/\/www.vorspeisenplatte.de\/speisen\/wp-json\/wp\/v2\/posts\/110752","targetHints":{"allow":["GET"]}}],"collection":[{"href":"https:\/\/www.vorspeisenplatte.de\/speisen\/wp-json\/wp\/v2\/posts"}],"about":[{"href":"https:\/\/www.vorspeisenplatte.de\/speisen\/wp-json\/wp\/v2\/types\/post"}],"author":[{"embeddable":true,"href":"https:\/\/www.vorspeisenplatte.de\/speisen\/wp-json\/wp\/v2\/users\/2"}],"replies":[{"embeddable":true,"href":"https:\/\/www.vorspeisenplatte.de\/speisen\/wp-json\/wp\/v2\/comments?post=110752"}],"version-history":[{"count":3,"href":"https:\/\/www.vorspeisenplatte.de\/speisen\/wp-json\/wp\/v2\/posts\/110752\/revisions"}],"predecessor-version":[{"id":110792,"href":"https:\/\/www.vorspeisenplatte.de\/speisen\/wp-json\/wp\/v2\/posts\/110752\/revisions\/110792"}],"wp:attachment":[{"href":"https:\/\/www.vorspeisenplatte.de\/speisen\/wp-json\/wp\/v2\/media?parent=110752"}],"wp:term":[{"taxonomy":"category","embeddable":true,"href":"https:\/\/www.vorspeisenplatte.de\/speisen\/wp-json\/wp\/v2\/categories?post=110752"},{"taxonomy":"post_tag","embeddable":true,"href":"https:\/\/www.vorspeisenplatte.de\/speisen\/wp-json\/wp\/v2\/tags?post=110752"}],"curies":[{"name":"wp","href":"https:\/\/api.w.org\/{rel}","templated":true}]}}