{"id":111388,"date":"2025-08-19T06:35:32","date_gmt":"2025-08-19T04:35:32","guid":{"rendered":"https:\/\/www.vorspeisenplatte.de\/speisen\/?p=111388"},"modified":"2025-08-19T11:08:15","modified_gmt":"2025-08-19T09:08:15","slug":"journal-montag-18-august-2025-perfektes-sommerwetter-und-besuch","status":"publish","type":"post","link":"https:\/\/www.vorspeisenplatte.de\/speisen\/2025\/08\/journal-montag-18-august-2025-perfektes-sommerwetter-und-besuch.htm","title":{"rendered":"Journal Montag, 18. August 2025 &#8211; Perfektes Sommerwetter und Besuch"},"content":{"rendered":"<p>Nachts holte mich bereits die unangenehme, anstrengende Arbeitswoche ein, die mir bevorsteht: Alle in der Vorwoche ungel\u00f6sten Fragen zwickten mich, eine Angstwelle sp\u00fclte einige zus\u00e4tzliche der kommenden Wochen hervor, dazu kamen Zweifel an der einen oder anderen Entscheidung, die ich beruflich getroffen hatte. Nach mehrfachem Aufwachen zwischendurch konnte ich schon weit vor Weckerklingeln nicht mehr schlafen.<\/p>\n<p>Zustand bei Aufstehen folgerichtig: ger\u00e4dert. Vorbereitungswirbeln aller Art, unter anderem kontaktierte ich die Vermieter unserer Ferienwohnung in Wien: Ein paar Tage vor Ankunft m\u00f6chte ich dann doch wissen, wie der Bezug der Wohnung funktioniert (und sichergehen, dass die Buchung und Bezahlung \u00fcber FeWo-direkt auch bei ihnen angekommen ist).<\/p>\n<p>Der Morgen wurde nahezu wolkenlos sonnig, allerdings ausgesprochen k\u00fchl. Ich lie\u00df dennoch die Jacke daheim, auch bei wenig \u00fcber 10 Grad reichte ein strammer Marsch gegen Frieren. Weiterhin leichter Muskelkater in den hinteren unteren Oberschenkelmuskeln &#8211; die mich eigentlich ein wenig beleidigen, denn was mache ich denn bitte Tag f\u00fcr Tag, wenn nicht gehen, auch extra viel rauf und runter? Und das wollen die Muskeln auf einmal nicht gewohnt sein?<\/p>\n<p>Am Schreibtisch ging es wie erwartet nach meinen drei arbeitsfreien Tagen rund, zu meiner gro\u00dfen Erleichterung lie\u00df sich aber gleich eines der Probleme l\u00f6sen, das mich nachts wachgehalten hatte.<\/p>\n<p>Emsiger Vormittag, genau zur richtigen Zeit konnte ich mich ohne schlechtes Gewissen auf einen Mittagscappuccino im Westend losrei\u00dfen. In der Sonne war es jetzt schon wieder hei\u00df.<\/p>\n<p><a href=\"https:\/\/www.vorspeisenplatte.de\/speisen\/archiv\/250818_04_Stray.jpg\"><img loading=\"lazy\" decoding=\"async\" src=\"https:\/\/www.vorspeisenplatte.de\/speisen\/archiv\/250818_04_Stray.jpg\" alt=\"\" width=\"363\" height=\"484\" class=\"alignnone size-full wp-image-111403\" \/><\/a><\/p>\n<p>Ein bisschen sieht man am Unterschenkel die Wanderkr\u00e4tze vom Samstag.<\/p>\n<p><a href=\"https:\/\/www.vorspeisenplatte.de\/speisen\/archiv\/250818_05_Gollierstr.jpg\"><img loading=\"lazy\" decoding=\"async\" src=\"https:\/\/www.vorspeisenplatte.de\/speisen\/archiv\/250818_05_Gollierstr.jpg\" alt=\"\" width=\"484\" height=\"645\" class=\"alignnone size-full wp-image-111404\" srcset=\"https:\/\/www.vorspeisenplatte.de\/speisen\/archiv\/250818_05_Gollierstr.jpg 484w, https:\/\/www.vorspeisenplatte.de\/speisen\/archiv\/250818_05_Gollierstr-450x600.jpg 450w\" sizes=\"auto, (max-width: 484px) 100vw, 484px\" \/><\/a><\/p>\n<p>Gollierstra\u00dfe mit Sommerfarben.<\/p>\n<p>Zu Mittag gab es N\u00fcsse, Apfel, selbstgebackenes Brot. (Warum das unterm Strich b\u00f6se Bauchschmerzen ergab, ist mir ein R\u00e4tsel.)<\/p>\n<p>Auch der Nachmittag war recht emsig. Zu meiner Erleichterung reagierten die Vermieter in Wien, sogar sehr freundlich: Jetzt bin ich beruhigt, dass wir wirklich eine Unterkunft haben, <a href=\"https:\/\/feinanteil.com\/30-juli-2025-rueckblick-auf-suedengland\/\" target=\"_blank\">erst k\u00fcrzlich berichtete Feinanteil in <del datetime=\"2025-08-19T08:27:32+00:00\">ihrem<\/del>seinem Blog, wie sie als vierk\u00f6pfige Familie in London \u00fcberraschend ohne dastanden<\/a>.<\/p>\n<p>Im Gespr\u00e4ch mit einer jungen, geplagten Frau kam ich zur Erkenntnis, dass die meisten Hochzeiten heute einfach <a href=\"https:\/\/de.wikipedia.org\/wiki\/Live_Action_Role_Playing\" target=\"_blank\">LARPs<\/a> sind (&#8220;alle gleich!&#8221;): Zwei Leute spielen Brautpaar, die Eingeladenen Hochzeitsgesellschaft.<\/p>\n<p>Eher sp\u00e4ter Feierabend. Auf dem Heimweg durch herrliche Luft mit Wind noch Lebensmitteleink\u00e4ufe beim Vollcorner &#8211; ich genoss das f\u00fcr mich perfekte Sommerwetter.<\/p>\n<p>Zu Hause gesellte sich bald zu Herrn Kaltmamsell und mir der \u00dcbernachtungsbesuch aus Goslar, ab bald wird er aus Hannover anreisen (Anlass diesmal: S\u00f6hne werden bereits 30). Es gab viel zu plaudern, Herr Kaltmamsell kochte das Nachtmahl:<\/p>\n<p><a href=\"https:\/\/www.vorspeisenplatte.de\/speisen\/archiv\/250818_08_Buerohausblick.jpg\"><img loading=\"lazy\" decoding=\"async\" src=\"https:\/\/www.vorspeisenplatte.de\/speisen\/archiv\/250818_08_Buerohausblick.jpg\" alt=\"\" width=\"456\" height=\"348\" class=\"alignnone size-full wp-image-111405\" \/><\/a><\/p>\n<p>Erstmal die k\u00f6stlichen Zucchini auf Ricotta mit Haselnuss.<\/p>\n<p><a href=\"https:\/\/www.vorspeisenplatte.de\/speisen\/archiv\/250818_09_Buerohausblick.jpg\"><img loading=\"lazy\" decoding=\"async\" src=\"https:\/\/www.vorspeisenplatte.de\/speisen\/archiv\/250818_09_Buerohausblick.jpg\" alt=\"\" width=\"363\" height=\"484\" class=\"alignnone size-full wp-image-111406\" \/><\/a><\/p>\n<p>Dann Duftauberginen, unter anderem mit dem sensationellen Sechuanpfeffer &#8211; eine meiner Lieblingszubereitungen eines meiner Lieblingsgem\u00fcse. Dazu nat\u00fcrlich viel Austausch \u00fcber die j\u00fcngste und weiter zur\u00fcckliegende Vergangenheit, \u00dcberlegungen zu dem Menschen im Nu\u00dfbaumpark und zu den Niederlanden.<\/p>\n<p>Allerdings war ich zum einen komplett erledigt, zum anderen wartete am Dienstag ein weiterer Arbeitstag auf mich: Ich ging wie sonst auch Schlafen.<\/p>\n<p>\u00a7<\/p>\n<p>Die Betonfreundin in mir (doch, wirklich!) jubelt: Fotografin Cordula Schulze war in Frankreich unterwegs und hat Fremdenverkehrsarchitektur einer bestimmten Zeit festgehalten.<br \/>\n<a href=\"https:\/\/www.schulze-foto.de\/2025\/08\/17\/la-grande-motte-futuristische-ferienarchitektur\/\" target=\"_blank\">&#8220;La Grande-Motte: futuristische Ferienarchitektur&#8221;.<\/a><\/p>\n<p>via <a href=\"https:\/\/nrw.social\/@frauvogel\/115044492330756231\" target=\"_blank\">@frauvogel<\/a><\/p>\n<p>Hier mal nicht \u00fcber die \u00c4sthetik des Verfalls vermittelt, sondern in wertgesch\u00e4tzter, gut erhaltener Form.<\/p>\n<blockquote><p>Was ist denn jetzt das Besondere an La Grande-Motte? Schlie\u00dflich entstanden zu dieser Zeit \u00fcberall rund ums Mittelmeer Infrastrukturen f\u00fcr Massentourismus \u2013 mehr oder weniger originell und gr\u00fcn. Meine Antwort lautet: Weil der Architekt den damals schicken, fl\u00fcssigen Baustoff Beton nutzte, um Skulpturen zu schaffen. Die Tatsache, dass es viel Kunst im \u00d6ffentlichen Raum gibt, lenkt ein bisschen von der Skulpturenhaftigkeit der Geb\u00e4ude ab \u2013 und genau diese macht La Grande-Motte aus meiner Sicht aus.<\/p><\/blockquote>\n<p> <img loading=\"lazy\" decoding=\"async\" src=\"https:\/\/vg01.met.vgwort.de\/na\/18455f5dbb3e47d791a5e931dc0eb425\" width=\"1\" height=\"1\" alt=\"\"\/><\/p>\n","protected":false},"excerpt":{"rendered":"<p>Nachts holte mich bereits die unangenehme, anstrengende Arbeitswoche ein, die mir bevorsteht: Alle in der Vorwoche ungel\u00f6sten Fragen zwickten mich, eine Angstwelle sp\u00fclte einige zus\u00e4tzliche der kommenden Wochen hervor, dazu kamen Zweifel an der einen oder anderen Entscheidung, die ich beruflich getroffen hatte. Nach mehrfachem Aufwachen zwischendurch konnte ich schon weit vor Weckerklingeln nicht mehr [&hellip;]<\/p>\n","protected":false},"author":2,"featured_media":0,"comment_status":"open","ping_status":"closed","sticky":false,"template":"","format":"standard","meta":{"footnotes":""},"categories":[6,2,1],"tags":[],"class_list":["post-111388","post","type-post","status-publish","format-standard","hentry","category-essen","category-fotos","category-general"],"_links":{"self":[{"href":"https:\/\/www.vorspeisenplatte.de\/speisen\/wp-json\/wp\/v2\/posts\/111388","targetHints":{"allow":["GET"]}}],"collection":[{"href":"https:\/\/www.vorspeisenplatte.de\/speisen\/wp-json\/wp\/v2\/posts"}],"about":[{"href":"https:\/\/www.vorspeisenplatte.de\/speisen\/wp-json\/wp\/v2\/types\/post"}],"author":[{"embeddable":true,"href":"https:\/\/www.vorspeisenplatte.de\/speisen\/wp-json\/wp\/v2\/users\/2"}],"replies":[{"embeddable":true,"href":"https:\/\/www.vorspeisenplatte.de\/speisen\/wp-json\/wp\/v2\/comments?post=111388"}],"version-history":[{"count":3,"href":"https:\/\/www.vorspeisenplatte.de\/speisen\/wp-json\/wp\/v2\/posts\/111388\/revisions"}],"predecessor-version":[{"id":111417,"href":"https:\/\/www.vorspeisenplatte.de\/speisen\/wp-json\/wp\/v2\/posts\/111388\/revisions\/111417"}],"wp:attachment":[{"href":"https:\/\/www.vorspeisenplatte.de\/speisen\/wp-json\/wp\/v2\/media?parent=111388"}],"wp:term":[{"taxonomy":"category","embeddable":true,"href":"https:\/\/www.vorspeisenplatte.de\/speisen\/wp-json\/wp\/v2\/categories?post=111388"},{"taxonomy":"post_tag","embeddable":true,"href":"https:\/\/www.vorspeisenplatte.de\/speisen\/wp-json\/wp\/v2\/tags?post=111388"}],"curies":[{"name":"wp","href":"https:\/\/api.w.org\/{rel}","templated":true}]}}