{"id":111410,"date":"2025-08-20T06:14:48","date_gmt":"2025-08-20T04:14:48","guid":{"rendered":"https:\/\/www.vorspeisenplatte.de\/speisen\/?p=111410"},"modified":"2025-08-20T06:14:48","modified_gmt":"2025-08-20T04:14:48","slug":"journal-dienstag-19-august-2025-standardarbeitstag-in-lieblingssommerwetter","status":"publish","type":"post","link":"https:\/\/www.vorspeisenplatte.de\/speisen\/2025\/08\/journal-dienstag-19-august-2025-standardarbeitstag-in-lieblingssommerwetter.htm","title":{"rendered":"Journal Dienstag, 19. August 2025 &#8211; Standardarbeitstag in Lieblingssommerwetter"},"content":{"rendered":"<p>Wieder ein Betriebssystem-Update des heimischen Rechners, nach dem ich sorgf\u00e4ltig iCloud und Siri umschifft habe (daf\u00fcr, dass ich nicht &#8220;Nein&#8221;, sondern nur ein manipulatives &#8220;Sp\u00e4ter&#8221; w\u00e4hlen kann, m\u00f6chte ich sehr gerne jemanden bei\u00dfen).<\/p>\n<p>Eine eigentlich gute Nacht, dennoch f\u00fchlte ich mich morgens wieder erschlagen. Vor meinem Aufbruch in die Arbeit konnte ich dem \u00dcbernachtungsgast noch einen guten Morgen w\u00fcnschen.<\/p>\n<p><a href=\"https:\/\/www.vorspeisenplatte.de\/speisen\/archiv\/250819_01_Nussbaumstr.jpg\"><img loading=\"lazy\" decoding=\"async\" src=\"https:\/\/www.vorspeisenplatte.de\/speisen\/archiv\/250819_01_Nussbaumstr.jpg\" alt=\"\" width=\"443\" height=\"528\" class=\"alignnone size-full wp-image-111426\" \/><\/a><\/p>\n<p>Die nackten Schultern im Sommerkleid ohne Jacke erforderten gestern bei wieder knapp \u00fcber zehn Grad trotz Sonnenschein beherztes Marschtempo, damit ich nicht fror.<\/p>\n<p>Im B\u00fcro freute ich mich dar\u00fcber, dass ich als Kanne Kr\u00e4utertee des Vormittags Lindenbl\u00fctentee aufbr\u00fchen konnte: Ich hatte ihn am Montag im Vollcorner entdeckt, ist in M\u00fcnchen gar nicht so einfach aufzutreiben.<\/p>\n<p>Arbeitsvormittag mit viel Bewegung, ich k\u00fcmmerte mich ums \u00c4u\u00dfere eines Workshops (ab 1. September entf\u00e4llt wahrscheinlich dieser Teil meines Jobs, daf\u00fcr gibt es dann wieder einen Dienstleister).<\/p>\n<p>Als ich gerade nicht gebraucht wurde, ging ich auf meinen Mittagscappuccino ins Westend und freute mich an Sonne und Farben.<\/p>\n<p>Zu Mittag gab es sp\u00e4ter Apfel, Banane, H\u00fcttenk\u00e4se, Aprikosen.<\/p>\n<p>Dichter Arbeitsnachmittag, an dessen Ende ich mich wieder ziemlich durch f\u00fchlte. Auf dem Heimweg kurze Eink\u00e4ufe, zu Hause eine l\u00e4ngere und anstrengende Einheit Pilates.<\/p>\n<p>Abendessen spontan umgeplant, denn: Mit Blumenkohl habe ich mich ja erst angefreundet, als ich die Zubereitungsform im Ofen kennenlernte, den Geruch von Blumenkohl beim Kochen fand ich schon immer furchtbar. Nun hatte Herr Kaltmamsell mit dem Ernteanteil-Blumenkohl ein neues asiatisches Rezept ausprobiert, f\u00fcr das er erstmal gekocht werden musste. Der Geruch davon f\u00fcllte die Wohnung, w\u00e4hrend ich turnte &#8211; und ich fand ihn so absto\u00dfend, dass ich mein Pilates fast abgebrochen h\u00e4tte: Er erinnerte mich an M\u00fcll, der seit zwei Monaten nicht rausgebracht worden war. Essen wollte ich das wirklich, wirklich nicht (auch wenn es mir leid tat um das mit viel Liebe zubereitete Gericht). Aber das war ja nicht das einzige Lebensmittel im Haus, ich holte mir statt dessen Brot und K\u00e4se, au\u00dferdem war noch ein Restchen der k\u00f6stlichen Auberginen vom Vorabend \u00fcbrig. Nachtisch Eiscreme und Schokolade.<\/p>\n<p>Am Abend kam unser \u00dcbernachtungsgast zur\u00fcck von einem Konzertbesuch, wir unterhielten uns, bis ich wieder erledigt ins Bett ging.<\/p>\n<p>\u00a7<\/p>\n<p>Nachruf auf eine britische IT- und Frauenrechts-Pionierin:<br \/>\n<a href=\"https:\/\/www.heise.de\/news\/Ein-unmoegliches-Leben-ist-zu-Ende-Zum-Tode-von-Dame-Stephanie-Shirley-10519208.html\" target=\"_blank\">&#8220;Ein unm\u00f6gliches Leben ist zu Ende: Zum Tode von Dame Stephanie Shirley&#8221;.<\/a> <\/p>\n<blockquote><p>Tats\u00e4chlich unterzeichnete Stephanie Shirley ihre Gesch\u00e4ftskorrespondenz als Steve Shirley.<\/p><\/blockquote>\n<p>Hier ihr TED Talk von 2015:<br \/>\n<a href=\"https:\/\/www.ted.com\/talks\/dame_stephanie_shirley_why_do_ambitious_women_have_flat_heads\" target=\"_blank\">&#8220;Why do ambitious women have flat heads?&#8221;<\/a><\/p>\n<p>Unter anderem schildert Shirley, wie Programmieren in den fr\u00fchen 1960ern tats\u00e4chlich aussah (fast keine Computer involviert).<\/p>\n<p>Vielleicht noch eine Kandidatin f\u00fcr ein Bild, das neben den Portraits von Ada Lovelace und <a href=\"https:\/\/www.alamy.de\/margaret-heafield-hamilton-17-august-1936-ist-eine-us-amerikanische-informatikerin-systemingenieurin-und-geschaftsinhaberin-image560416627.html?imageid=97BA0740-A85B-4B68-83D2-7D2FF2462229&#038;pn=1&#038;searchId=8470b77c9f55b9a88317a9dee3cc396c&#038;searchtype=0\" target=\"_blank\"> Margaret Hamilton<\/a> in Informatik-Schulzimmern aufgeh\u00e4ngt werden k\u00f6nnte? <img loading=\"lazy\" decoding=\"async\" src=\"https:\/\/vg01.met.vgwort.de\/na\/2e7616cc33164d619aa59632a64fec0d\" width=\"1\" height=\"1\" alt=\"\"\/><\/p>\n","protected":false},"excerpt":{"rendered":"<p>Wieder ein Betriebssystem-Update des heimischen Rechners, nach dem ich sorgf\u00e4ltig iCloud und Siri umschifft habe (daf\u00fcr, dass ich nicht &#8220;Nein&#8221;, sondern nur ein manipulatives &#8220;Sp\u00e4ter&#8221; w\u00e4hlen kann, m\u00f6chte ich sehr gerne jemanden bei\u00dfen). Eine eigentlich gute Nacht, dennoch f\u00fchlte ich mich morgens wieder erschlagen. Vor meinem Aufbruch in die Arbeit konnte ich dem \u00dcbernachtungsgast noch [&hellip;]<\/p>\n","protected":false},"author":2,"featured_media":0,"comment_status":"open","ping_status":"closed","sticky":false,"template":"","format":"standard","meta":{"footnotes":""},"categories":[6,2,1],"tags":[],"class_list":["post-111410","post","type-post","status-publish","format-standard","hentry","category-essen","category-fotos","category-general"],"_links":{"self":[{"href":"https:\/\/www.vorspeisenplatte.de\/speisen\/wp-json\/wp\/v2\/posts\/111410","targetHints":{"allow":["GET"]}}],"collection":[{"href":"https:\/\/www.vorspeisenplatte.de\/speisen\/wp-json\/wp\/v2\/posts"}],"about":[{"href":"https:\/\/www.vorspeisenplatte.de\/speisen\/wp-json\/wp\/v2\/types\/post"}],"author":[{"embeddable":true,"href":"https:\/\/www.vorspeisenplatte.de\/speisen\/wp-json\/wp\/v2\/users\/2"}],"replies":[{"embeddable":true,"href":"https:\/\/www.vorspeisenplatte.de\/speisen\/wp-json\/wp\/v2\/comments?post=111410"}],"version-history":[{"count":3,"href":"https:\/\/www.vorspeisenplatte.de\/speisen\/wp-json\/wp\/v2\/posts\/111410\/revisions"}],"predecessor-version":[{"id":111440,"href":"https:\/\/www.vorspeisenplatte.de\/speisen\/wp-json\/wp\/v2\/posts\/111410\/revisions\/111440"}],"wp:attachment":[{"href":"https:\/\/www.vorspeisenplatte.de\/speisen\/wp-json\/wp\/v2\/media?parent=111410"}],"wp:term":[{"taxonomy":"category","embeddable":true,"href":"https:\/\/www.vorspeisenplatte.de\/speisen\/wp-json\/wp\/v2\/categories?post=111410"},{"taxonomy":"post_tag","embeddable":true,"href":"https:\/\/www.vorspeisenplatte.de\/speisen\/wp-json\/wp\/v2\/tags?post=111410"}],"curies":[{"name":"wp","href":"https:\/\/api.w.org\/{rel}","templated":true}]}}