{"id":111476,"date":"2025-08-22T06:25:50","date_gmt":"2025-08-22T04:25:50","guid":{"rendered":"https:\/\/www.vorspeisenplatte.de\/speisen\/?p=111476"},"modified":"2025-08-22T12:40:26","modified_gmt":"2025-08-22T10:40:26","slug":"journal-donnerstag-21-august-2025-was-macht-denn-eine-kosmetikerin-eigentlich","status":"publish","type":"post","link":"https:\/\/www.vorspeisenplatte.de\/speisen\/2025\/08\/journal-donnerstag-21-august-2025-was-macht-denn-eine-kosmetikerin-eigentlich.htm","title":{"rendered":"Journal Donnerstag, 21. August 2025 &#8211; Was macht denn eine Kosmetikerin eigentlich?"},"content":{"rendered":"<p>Nochmal dazwischen eine Nacht im eigenen Bett, bevor ich aus Logistikgr\u00fcnden vor dem Wien-Urlaub (und dem Wohnungh\u00fcten meiner Mutter) wieder bei Herrn Kaltmamsell \u00fcbernachte. Bei Weckerklingeln h\u00e4tte ich gerne noch weitergeschlafen.<\/p>\n<p>Vor den Fenstern sah ich die angek\u00fcndigte D\u00fcsternis, f\u00fcr meinen Arbeitsweg ben\u00f6tigte ich einen Schirm.<\/p>\n<p>Sehr emsiger Vormittag am Schreibtisch, Mittagscappuccino mit Kollegin bei Nachbars, dort Austausch von Lesetipps f\u00fcr Urlaubstage.<\/p>\n<p>Vor dem Mittagessen (Apfel, eingeweichtes Muesli mit Joghurt) brauchte ich dringend noch Bewegung: Fu\u00dfmarsch um den Block, der Schirm in der Hand sorgte als Talisman f\u00fcr ausreichend Regenpause.<br \/>\nAu\u00dferdem Absprache mit meiner Mutter zum Wohnungh\u00fcten w\u00e4hrend unseres Wien-Urlaubs.<\/p>\n<p>Mittelanregender und emsiger Arbeitsnachmittag. Ich konnte durch eine schlichte Idee eine heikle Frage kl\u00e4ren, das freute mich.<\/p>\n<p>Spannend: W\u00fcrde es auf meinem Heimweg regnen? Ja, tat es, aber erst ab der H\u00e4lfte.<\/p>\n<p>Zu Hause wirbelte ich erstmal in Urlaubsvorbereitungen. Ich wollte unbedingt eine Runde Pilates turnen, das schaffte ich auch. Was sich aus dem frisch geholten Ernteanteil f\u00fcr Salat eignete, verarbeite ich zu einer riesigen Sch\u00fcssel Salat mit Zitronensaft-Knoblauch-Vinaigrette: Lollo rosso, Tomaten, Gurke. Herr Kaltmamsell machte aus dem restlichen Ernteanteil (Mangold, Zucchini, Aubergine) einem italienischen Picknick Pie: Ein Teil wird unser Reiseproviant, einen Teil hinterlassen wir meiner Mutter im K\u00fchlschrank.<\/p>\n<p>\u00a7<\/p>\n<p>Auf Mastodon fragte mich <a href=\"https:\/\/mastodon.social\/@novemberregen\/115065130640392259\" target=\"_blank\" rel=\"noopener\">@novemberregen<\/a>: &#8220;Was macht denn eine Kosmetikerin eigentlich?&#8221; Dadurch wurde mir bewusst, dass das nur Leute wissen, die schonmal eine solche Gesichtsbehandlung hatten &#8211; also sehr wenige. Der Rest kennt wahrscheinlich nur Film- und Fernsehbilder von Frauen in Badem\u00e4nteln mit Handtuch im Haar auf Liegen, Gurkenscheiben auf den Augen.<\/p>\n<p>Nun wei\u00df ich extrem wenig allgemein \u00fcber Gesichtsbehandlungen von Kosmetikerinnen, es gibt wohl auch sehr invasive und formver\u00e4ndernde (wer sich gruseln m\u00f6chte, liest den <i>Guardian<\/i>-Artikel <a href=\"https:\/\/www.theguardian.com\/fashion\/2024\/nov\/30\/be-honest-have-you-had-work-11-people-open-up-about-what-they-do-or-dont-do-to-their-face\" target=\"_blank\" rel=\"noopener\">&#8220;Be honest, have you had work? 11 people open up about what they do \u2013 or don\u2019t do \u2013 to their face&#8221;<\/a>). Aber ich erz\u00e4hle gerne, wie meine eigene \u00fcblicherweise abl\u00e4uft:<\/p>\n<p>Ich lege mein Oberteil ab und mich auf einen besonders bequemen Sessel (\u00e4hnelt einem Fernsehsessel in der Waagrechten). Die Kosmetikerin bindet meine Haare aus dem Gesicht, ich schlie\u00dfe die Augen.<\/p>\n<p>Dann wendet sie Dutzende wohlriechende Fl\u00fcssigkeiten, Pasten, Cremes an, die mal mit Schw\u00e4mmchen oder T\u00fcchern, mal mit kreisenden B\u00fcrstchen, mal mit Pinseln oder Fingern auf- und abgetragen werden. Eine dieser Pasten muss einige Minuten einwirken, daf\u00fcr verl\u00e4sst sie den Raum.<\/p>\n<p>Zwischen all dem Auftragen und Abtragen richtet die Kosmetikerin f\u00fcr ein paar Minuten Dampf auf mein Gesicht, ein weiterer Prozessschritt ist das Ausdr\u00fccken von Mitessern, ein weiterer eine ausf\u00fchrliche Gesichtsmassage. Manche Schritte umfassen das Belegen meiner Augenlider mit getr\u00e4nkten Watte-Pads. Gesprochen wird dabei sehr wenig, meine Kosmetikerin k\u00fcndigt lediglich Schritte an, die mit st\u00e4rkeren Sinneseindr\u00fccken verbunden sind: \u201eJetzt kommt Dampf.\u201c \u201eDas wird jetzt kalt.\u201c \u201eVorsicht Licht.\u201c (Die Lampe, die sie f\u00fcrs Mitesserausdr\u00fccken auf mein Gesicht richtet.)<\/p>\n<p>Ich empfinde diese Stunde als ausgesprochen angenehm, lasse sehr los, f\u00fchle die verschiedenen Ber\u00fchrungen und Texturen, schaffe es \u00fcberraschenderweise, weder die Mittel mitzuz\u00e4hlen noch mich zu fragen, wozu sie dienen. Seit \u00fcber 20 Jahren g\u00f6nne ich mir das im Schnitt ein- bis zweimal im Jahr.<\/p>\n<p>Dieser Grad des Loslassens ist mir allerdings nur bei einer vertrauten Kosmetikerin m\u00f6glich, die ich mag. Verhindert haben das schon: Entspannend gemeinte Hintergrundmusik, Gesichtspflegeberatung, unaufmerksame Handhabung von Werkzeug und Mitteln, schmerzhafte Behandlungsschritte (au\u00dfer dem Mitesserausdr\u00fccken &#8211; ich erinnere mich an eine Methode, die die damalige Kosmetikerin als neuesten hei\u00dfen Schei\u00df ank\u00fcndigte und bei der sie tiefgek\u00fchlte Glaskolben \u00fcber mein Gesicht rollte, AUA!).<\/p>\n<p>\u00a7<\/p>\n<p><a href=\"https:\/\/www.vorspeisenplatte.de\/speisen\/archiv\/buch_ibanezmortadelofilemonAlemania.jpg\"><img loading=\"lazy\" decoding=\"async\" class=\"alignnone size-full wp-image-111363\" src=\"https:\/\/www.vorspeisenplatte.de\/speisen\/archiv\/buch_ibanezmortadelofilemonAlemania.jpg\" alt=\"\" width=\"150\" height=\"212\" \/><\/a><\/p>\n<p>Auf diese Ausgabe von 1981\/82 brachte mich die Ib\u00e1\u00f1ez-Ausstellung 2025 im M\u00fcnchner Instituto Cervantes &#8211; und ich wollte sie sofort haben. Die Comics &#8220;Mortadelo y Filem\u00f3n&#8221; geh\u00f6rten zum Standardprogramm meiner Kindheits-Spanienurlaube Mitte 1970er bis Mitte 1980er und waren damals wunderbar exotisch und lustig (habe meinen spanischen Vater selten so lachen sehen wie bei dieser Lekt\u00fcre).<\/p>\n<p>&#8220;En Alemania&#8221; hat alles, was ich an &#8220;Mortadelo y Filem\u00f3n&#8221; liebe: Komik fast ausschlie\u00dflich auf der Bild-Ebene (nur selten dann meist brachiale Kalauer), und hier eine Vielzahl liebevoller Details in fast jedem Panel, zwei tollpatschige Spione, unerwartete L\u00f6sungen f\u00fcr Probleme.<\/p>\n<p>Zur Zeit der Erscheinung waren die meisten spanischen Gastarbeiter bereits nach Spanien zur\u00fcckgekehrt &#8211; und brachten ein tiefes Wissen um regionale Stereotype in Deutschland mit. Die Handlung f\u00fchrt die Protagonisten durch zahlreiche Bundesl\u00e4nder, und in Berlin gibt es neben T\u00fcrken nur heruntergekommene Greise, in Bayern h\u00e4ngen an allen H\u00e4usern Franz-Josef-Strau\u00df-Wahlplakate, die Schwaben sparen sich zu Tode, im Rheinland herrscht der Alkohol, Friesen sind dumm etc. etc. Das ist \u00fcberraschend kundig durchgespielt &#8211; und eine gute Geschichte gibt es auch (die wiederum mit spanischen Stereotypen beginnt).<\/p>\n<p>Was auff\u00e4llt: W\u00e4hrend zu dieser Zeit Spaniern zu Deutschland reflexartig erstmal das Dritte Reich einfiel, gibt es keine Nazi-Witze. <img loading=\"lazy\" decoding=\"async\" src=\"https:\/\/vg01.met.vgwort.de\/na\/38675f0157b844ac9d2cc21c24c152f7\" alt=\"\" width=\"1\" height=\"1\" \/><\/p>\n","protected":false},"excerpt":{"rendered":"<p>Nochmal dazwischen eine Nacht im eigenen Bett, bevor ich aus Logistikgr\u00fcnden vor dem Wien-Urlaub (und dem Wohnungh\u00fcten meiner Mutter) wieder bei Herrn Kaltmamsell \u00fcbernachte. Bei Weckerklingeln h\u00e4tte ich gerne noch weitergeschlafen. Vor den Fenstern sah ich die angek\u00fcndigte D\u00fcsternis, f\u00fcr meinen Arbeitsweg ben\u00f6tigte ich einen Schirm. Sehr emsiger Vormittag am Schreibtisch, Mittagscappuccino mit Kollegin bei [&hellip;]<\/p>\n","protected":false},"author":2,"featured_media":0,"comment_status":"open","ping_status":"closed","sticky":false,"template":"","format":"standard","meta":{"footnotes":""},"categories":[3,1],"tags":[],"class_list":["post-111476","post","type-post","status-publish","format-standard","hentry","category-bucher","category-general"],"_links":{"self":[{"href":"https:\/\/www.vorspeisenplatte.de\/speisen\/wp-json\/wp\/v2\/posts\/111476","targetHints":{"allow":["GET"]}}],"collection":[{"href":"https:\/\/www.vorspeisenplatte.de\/speisen\/wp-json\/wp\/v2\/posts"}],"about":[{"href":"https:\/\/www.vorspeisenplatte.de\/speisen\/wp-json\/wp\/v2\/types\/post"}],"author":[{"embeddable":true,"href":"https:\/\/www.vorspeisenplatte.de\/speisen\/wp-json\/wp\/v2\/users\/2"}],"replies":[{"embeddable":true,"href":"https:\/\/www.vorspeisenplatte.de\/speisen\/wp-json\/wp\/v2\/comments?post=111476"}],"version-history":[{"count":3,"href":"https:\/\/www.vorspeisenplatte.de\/speisen\/wp-json\/wp\/v2\/posts\/111476\/revisions"}],"predecessor-version":[{"id":111496,"href":"https:\/\/www.vorspeisenplatte.de\/speisen\/wp-json\/wp\/v2\/posts\/111476\/revisions\/111496"}],"wp:attachment":[{"href":"https:\/\/www.vorspeisenplatte.de\/speisen\/wp-json\/wp\/v2\/media?parent=111476"}],"wp:term":[{"taxonomy":"category","embeddable":true,"href":"https:\/\/www.vorspeisenplatte.de\/speisen\/wp-json\/wp\/v2\/categories?post=111476"},{"taxonomy":"post_tag","embeddable":true,"href":"https:\/\/www.vorspeisenplatte.de\/speisen\/wp-json\/wp\/v2\/tags?post=111476"}],"curies":[{"name":"wp","href":"https:\/\/api.w.org\/{rel}","templated":true}]}}