{"id":111682,"date":"2025-08-28T09:58:24","date_gmt":"2025-08-28T07:58:24","guid":{"rendered":"https:\/\/www.vorspeisenplatte.de\/speisen\/?p=111682"},"modified":"2025-08-29T11:50:00","modified_gmt":"2025-08-29T09:50:00","slug":"journal-mittwoch-27-august-2025-wien-6-mit-mariahilfer-wien-museum-und-meierei","status":"publish","type":"post","link":"https:\/\/www.vorspeisenplatte.de\/speisen\/2025\/08\/journal-mittwoch-27-august-2025-wien-6-mit-mariahilfer-wien-museum-und-meierei.htm","title":{"rendered":"Journal Mittwoch, 27. August 2025 &#8211; Wien 6 mit Mariahilfer, Wien Museum und Meierei"},"content":{"rendered":"<p>Es hat sich herausgestellt, dass ich diesen Urlaub keineswegs nur mit Herrn Kaltmamsell verbringe: Entz\u00fcckenderweise begleiten mich Online-Kontakte &#8211; von denen ich in Wien unerwartet viele habe. Auf unserem Spaziergang am Sonntag sprach mich eine Blogleserin an, die hier wohnt, was mich sehr freute. Dann schrieb ein Freund, den ich vor 20 Jahren \u00fcbers Bloggen kennenlernte, dass seine mittlerweile verstorbene Mutter um die Ecke unserer Ferienwohnung wohnte, und erz\u00e4hlte Erinnerungen an Caf\u00e9s und L\u00e4den. Wenn ich auf instagram oder Mastodon Fotos von unseren Erlebnissen in Wien poste, melden sich einheimische Kontakte mit Gr\u00fc\u00dfen, Zusatzinfos und Tipps. Und gestern schrieb mir ein Kontakt aus einer lange zur\u00fcckliegenden Vergangenheit, als ich noch den Traum von einem ganz anderen Lebensweg verfolgte, und die ebenfalls mein Blog liest. Das alles zus\u00e4tzlich zu meinen Wien-Menschen, die ich w\u00e4hrend der Urlaubsplanung bereits f\u00fcr ein Treffen angeschrieben hatte (eines kommt am heutigen Donnerstagabend zustande). Ich f\u00fchle mich umgeben von Internet-Flausch, verbringe so einen Urlaub in angenehmer Gesellschaft.<\/p>\n<p>Sehen Sie das bitte als anekdotischen Beleg: Tiktok und Influencer sind nicht das einzige Internet, einige Dutzend Online-Kontakte k\u00f6nnen das Leben viel mehr bereichern als Hundertausende Follower. (Auch wenn man damit nie Reicht\u00fcmer anh\u00e4ufen wird.) <\/p>\n<p>\u00a7<\/p>\n<p>Gestern erwachte ich nach sehr gutem Nachtschlaf, der auch noch lang dauerte &#8211; echter Urlaubsgenuss. Zentrale Programmpunkte des Tages: Wien Museum, Abendessen in der Meierei am Stadtpark.<\/p>\n<p><a href=\"https:\/\/www.vorspeisenplatte.de\/speisen\/archiv\/250827_01_Kleidung.jpg\"><img loading=\"lazy\" decoding=\"async\" src=\"https:\/\/www.vorspeisenplatte.de\/speisen\/archiv\/250827_01_Kleidung.jpg\" alt=\"\" width=\"318\" height=\"481\" class=\"alignnone size-full wp-image-111696\" \/><\/a><\/p>\n<p>Ein weiterer Sommertag, ich nutzte nochmal Sommerkleidung.<\/p>\n<p>Vor das Programm legten wir Kulturerkundung: Wie sieht das Angebot des Discounters Hofer aus, also der lokalen Version des deutschen Aldi? Wir besichtigten die Filiale ums Eck, auch wenn uns bewusst war, dass wir f\u00fcr einen gr\u00fcndlichen Vergleich das Aldi-Sortiment viel zu wenig kennen. Stellte sich dennoch als interessant heraus, es kostete ein wenig Disziplin, (fast) nur Proviant einzukaufen.<\/p>\n<p>Als Zusatzprogrammpunkt erwies sich auch der Fu\u00dfweg zum Wien Museum \u00fcber die Mariahilferstra\u00dfe: So viel zu sehen!<\/p>\n<p><a href=\"https:\/\/www.vorspeisenplatte.de\/speisen\/archiv\/250827_02_Westbahnhof.jpg\"><img loading=\"lazy\" decoding=\"async\" src=\"https:\/\/www.vorspeisenplatte.de\/speisen\/archiv\/250827_02_Westbahnhof.jpg\" alt=\"\" width=\"544\" height=\"401\" class=\"alignnone size-full \" \/><\/a><\/p>\n<p>Zum Beispiel der Blick Richtung Westbahnhof.<\/p>\n<p><a href=\"https:\/\/www.vorspeisenplatte.de\/speisen\/archiv\/250827_05_Rosinagasse.jpg\"><img loading=\"lazy\" decoding=\"async\" src=\"https:\/\/www.vorspeisenplatte.de\/speisen\/archiv\/250827_05_Rosinagasse.jpg\" alt=\"\" width=\"382\" height=\"501\" class=\"alignnone size-full wp-image-111698\" \/><\/a><\/p>\n<p>Zum Beispiel in der Rosinagasse ein Monsterchen, wie ich es aus M\u00fcnchen kenne: Wien-Besuch des K\u00fcnstlers \/ der K\u00fcnstlerin &#8211; oder spr\u00fcht in M\u00fcnchen gar ein*e Wiener*in? <i>Erg\u00e4nzung von Herrn Kaltmamsell: Vielleicht war auch das Auto in M\u00fcnchen und holte sich dort das Monsterchen.<\/i><\/p>\n<p><a href=\"https:\/\/www.vorspeisenplatte.de\/speisen\/archiv\/250827_11_MariaHilferStr.jpg\"><img loading=\"lazy\" decoding=\"async\" src=\"https:\/\/www.vorspeisenplatte.de\/speisen\/archiv\/250827_11_MariaHilferStr.jpg\" alt=\"\" width=\"564\" height=\"423\" class=\"alignnone size-full \" \/><\/a><\/p>\n<p>Die Mariahilferstra\u00dfe westlich des Rings wurde offensichtlich gerade komplett umgebaut und damit auf \u00d6ffis, Radl- und Fu\u00dfg\u00e4ngerverkehr ausgerichtet &#8211; Dutzende ermordete Parkpl\u00e4tze!<\/p>\n<p><a href=\"https:\/\/www.vorspeisenplatte.de\/speisen\/archiv\/250827_12_MariaHilferStr.jpg\"><img loading=\"lazy\" decoding=\"async\" src=\"https:\/\/www.vorspeisenplatte.de\/speisen\/archiv\/250827_12_MariaHilferStr.jpg\" alt=\"\" width=\"564\" height=\"423\" class=\"alignnone size-full \" \/><\/a><\/p>\n<p><a href=\"https:\/\/www.vorspeisenplatte.de\/speisen\/archiv\/250827_13_MariaHilferStr.jpg\"><img loading=\"lazy\" decoding=\"async\" src=\"https:\/\/www.vorspeisenplatte.de\/speisen\/archiv\/250827_13_MariaHilferStr.jpg\" alt=\"\" width=\"517\" height=\"419\" class=\"alignnone size-full \" \/><\/a><\/p>\n<p>\u00d6stlich des Rings ist sie wohl schon seit einer Weile fast Fu\u00dfg\u00e4ngerzone, ich erinnere mich aber noch gut an meinen letzten Besuch, als hier Autoverkehr dominierte.<\/p>\n<p>Herr Kaltmamsell blieb an einem der vielen Imbiss-L\u00e4den h\u00e4ngen: Er hatte im Angebot eines koreanisch markierten <a href=\"https:\/\/de.wikipedia.org\/wiki\/Corn_Dog\" target=\"_blank\">Corn Dogs<\/a> entdeckt, die er schon lange aus der Literatur kannte &#8211; Gelegenheit eines Tests!<\/p>\n<p><a href=\"https:\/\/www.vorspeisenplatte.de\/speisen\/archiv\/250827_14_MariaHilferStr.jpg\"><img loading=\"lazy\" decoding=\"async\" src=\"https:\/\/www.vorspeisenplatte.de\/speisen\/archiv\/250827_14_MariaHilferStr.jpg\" alt=\"\" width=\"330\" height=\"412\" class=\"alignnone size-full wp-image-111703\" \/><\/a><\/p>\n<p><a href=\"https:\/\/www.vorspeisenplatte.de\/speisen\/archiv\/250827_16_MariaHilferStr.jpg\"><img loading=\"lazy\" decoding=\"async\" src=\"https:\/\/www.vorspeisenplatte.de\/speisen\/archiv\/250827_16_MariaHilferStr.jpg\" alt=\"\" width=\"333\" height=\"412\" class=\"alignnone size-full wp-image-111704\" \/><\/a><\/p>\n<p>Als F\u00fcllung w\u00e4hlte er K\u00e4se. Abschlie\u00dfendes Urteil: &#8220;Nicht schlecht. Nicht sehr interessant.&#8221;<\/p>\n<p><a href=\"https:\/\/www.vorspeisenplatte.de\/speisen\/archiv\/250827_18_MariaHilferStr.jpg\"><img loading=\"lazy\" decoding=\"async\" src=\"https:\/\/www.vorspeisenplatte.de\/speisen\/archiv\/250827_18_MariaHilferStr.jpg\" alt=\"\" width=\"393\" height=\"508\" class=\"alignnone size-full wp-image-111705\" \/><\/a><\/p>\n<p>Wehm\u00fctige Gedanken <a href=\"https:\/\/gastgeberin.blogger.de\/\" target=\"_blank\">an die verstorbene Bloggerin Kelef<\/a>, mit der wir uns bei unserem letzten Wien-Besuch im Caf\u00e9 Ritter getroffen hatten.<\/p>\n<p><a href=\"https:\/\/www.vorspeisenplatte.de\/speisen\/archiv\/250827_21_Schadekgasse.jpg\"><img loading=\"lazy\" decoding=\"async\" src=\"https:\/\/www.vorspeisenplatte.de\/speisen\/archiv\/250827_21_Schadekgasse.jpg\" alt=\"\" width=\"333\" height=\"414\" class=\"alignnone size-full wp-image-111706\" \/><\/a><\/p>\n<p>Fotografieren in Wien wie <a href=\"https:\/\/www.buddenbohm-und-soehne.de\/\" target=\"_blank\">Buddenbohm in Hamburg<\/a>.<\/p>\n<p><a href=\"https:\/\/www.vorspeisenplatte.de\/speisen\/archiv\/250827_24a_Nelkengasse.jpg\"><img loading=\"lazy\" decoding=\"async\" src=\"https:\/\/www.vorspeisenplatte.de\/speisen\/archiv\/250827_24a_Nelkengasse.jpg\" alt=\"\" width=\"544\" height=\"336\" class=\"alignnone size-full \" \/><\/a><\/p>\n<p>Wiener Morbidit\u00e4t in ungeahnter Form.<\/p>\n<p><a href=\"https:\/\/www.vorspeisenplatte.de\/speisen\/archiv\/250827_25_MariaHilferStr.jpg\"><img loading=\"lazy\" decoding=\"async\" src=\"https:\/\/www.vorspeisenplatte.de\/speisen\/archiv\/250827_25_MariaHilferStr.jpg\" alt=\"\" width=\"393\" height=\"524\" class=\"alignnone size-full wp-image-111708\" \/><\/a><\/p>\n<p><a href=\"https:\/\/www.vorspeisenplatte.de\/speisen\/archiv\/250827_26_MariaHilferStr.jpg\"><img loading=\"lazy\" decoding=\"async\" src=\"https:\/\/www.vorspeisenplatte.de\/speisen\/archiv\/250827_26_MariaHilferStr.jpg\" alt=\"\" width=\"533\" height=\"394\" class=\"alignnone size-full \" \/><\/a><\/p>\n<p>Sensationelles Sortiment an B\u00fcrsten und altmodischer Kosmetik.<\/p>\n<p><a href=\"https:\/\/www.vorspeisenplatte.de\/speisen\/archiv\/250827_31_Karlskirche.jpg\"><img loading=\"lazy\" decoding=\"async\" src=\"https:\/\/www.vorspeisenplatte.de\/speisen\/archiv\/250827_31_Karlskirche.jpg\" alt=\"\" width=\"520\" height=\"385\" class=\"alignnone size-full \" \/><\/a><\/p>\n<p>Wiener Megaprotz: Karlskirche.<\/p>\n<p><a href=\"https:\/\/www.vorspeisenplatte.de\/speisen\/archiv\/250827_33_WienMuseum.jpg\"><img loading=\"lazy\" decoding=\"async\" src=\"https:\/\/www.vorspeisenplatte.de\/speisen\/archiv\/250827_33_WienMuseum.jpg\" alt=\"\" width=\"393\" height=\"524\" class=\"alignnone size-full wp-image-111711\" \/><\/a><\/p>\n<p>Unser Ziel: <a href=\"https:\/\/www.wienmuseum.at\/\" target=\"_blank\">Das Wien Museum<\/a>, also das Wiener Stadtmuseum. Oben sieht man die Terrasse, auf die wir als Erstes stiegen.<\/p>\n<p><a href=\"https:\/\/www.vorspeisenplatte.de\/speisen\/archiv\/250827_36_WienMuseum.jpg\"><img loading=\"lazy\" decoding=\"async\" src=\"https:\/\/www.vorspeisenplatte.de\/speisen\/archiv\/250827_36_WienMuseum.jpg\" alt=\"\" width=\"363\" height=\"484\" class=\"alignnone size-full wp-image-111712\" \/><\/a><\/p>\n<p>Mittagscappuccino mit Aussicht.<\/p>\n<p>Dann nahmen wir uns systematisch die drei Gescho\u00dfe des Stadtmuseums vor, in chronologischer Reihenfolge.<\/p>\n<p><a href=\"https:\/\/www.vorspeisenplatte.de\/speisen\/archiv\/250827_38_WienMuseum.jpg\"><img loading=\"lazy\" decoding=\"async\" src=\"https:\/\/www.vorspeisenplatte.de\/speisen\/archiv\/250827_38_WienMuseum.jpg\" alt=\"\" width=\"513\" height=\"392\" class=\"alignnone size-full \" \/><\/a><\/p>\n<p>Diese Projektion fasste die Entwicklung Wiens von erdgeschichtlichen Anf\u00e4ngen bis heute so hervorragend zusammen, dass ich das Gef\u00fchl eines \u00dcberblicks bekam.<\/p>\n<p><a href=\"https:\/\/www.vorspeisenplatte.de\/speisen\/archiv\/250827_39_WienMuseum.jpg\"><img loading=\"lazy\" decoding=\"async\" src=\"https:\/\/www.vorspeisenplatte.de\/speisen\/archiv\/250827_39_WienMuseum.jpg\" alt=\"\" width=\"420\" height=\"539\" class=\"alignnone size-full wp-image-111715\" \/><\/a><\/p>\n<p>Sehr gute Aufbereitung anhand von Kapiteln und Beispielen, immer wieder gelb markiert Bez\u00fcge zur Gegenwart, oft arch\u00e4ologische Hintergr\u00fcnde. Besonders gut gefiel mir das typisch zeitgen\u00f6ssische Hinterfragen bisheriger Narrative und Aufbereitungen, am deutlichsten dargestellt mit den Vitrinen voller angeblicher Beute aus der zweiten T\u00fcrkenbelagerung 1683: Praktisch nichts davon kann auf die Zeit datiert werden, es diente anderen Zwecken als wissenschaftlichen.<\/p>\n<p>Au\u00dferdem auffallend: 1. Wiens Geschichte ist nat\u00fcrlich eng mit der \u00d6sterreichs verbunden \/ 2. die Revolution von 1848 spielt hier eine deutlich gr\u00f6\u00dfere Rolle als z.B. in Frankfurt oder M\u00fcnchen. Mich machte die wirklich gute Gesamtpr\u00e4sentation und Aufbereitung sehr gespannt darauf, wie das M\u00fcnchner Stadtmuseum sich nach Umbau und Neueinrichtung (fr\u00fchestens 2031) zeigen wird.<\/p>\n<p>Leider war meine Aufmerksamkeit nach zwei der drei Ebenen ersch\u00f6pft und reichte nur bis 1900, au\u00dferdem musste ich etwas essen. Durch den 3. Stock mit Infos und Exponaten nach 1900 marschierten wir lediglich mit kurzen Blicken links und rechts, selbst im beeindruckend ausgestatteten Museumsshop sah ich nur nach Postkarten.<\/p>\n<p>Fr\u00fchst\u00fcck nach halb vier auf einer sonnig-warmen Bank im Resselpark: Brot, Zwetschgen.<\/p>\n<p>Eine U-Bahn brachte uns in die Ferienwohnung, dort Lesen und Ausruhen, bis wir uns f\u00fcrs Abendessen fein machten: Seit Jahren lese ich von der <a href=\"https:\/\/www.steirereck.at\/meierei.html\" target=\"_blank\">Meierei im Steirereck<\/a> des Stadtparks, jetzt konnte ich sie endlich ausprobieren.<\/p>\n<p><a href=\"https:\/\/www.vorspeisenplatte.de\/speisen\/archiv\/250827_51_Meierei.jpg\"><img loading=\"lazy\" decoding=\"async\" src=\"https:\/\/www.vorspeisenplatte.de\/speisen\/archiv\/250827_51_Meierei.jpg\" alt=\"\" width=\"569\" height=\"411\" class=\"alignnone size-full \" \/><\/a><\/p>\n<p>In dem wunderbaren Sommerabend waren viele Leute im Park unterwegs. Links neben dem Wiental-Kanal das Geb\u00e4ude, in dem wir mit Blick auf den Park zu Abend a\u00dfen.<\/p>\n<p>Wir nahmen einmal alles (also das 6-Gang-Men\u00fc) mit Weinbegleitung, entschieden uns bei der &#8220;oder&#8221;-Auswahl f\u00fcr dasselbe, um uns dar\u00fcber austauschen zu k\u00f6nnen.<\/p>\n<p><a href=\"https:\/\/www.vorspeisenplatte.de\/speisen\/archiv\/250827_55_Meierei.jpg\"><img loading=\"lazy\" decoding=\"async\" src=\"https:\/\/www.vorspeisenplatte.de\/speisen\/archiv\/250827_55_Meierei.jpg\" alt=\"\" width=\"363\" height=\"427\" class=\"alignnone size-full wp-image-111717\" \/><\/a><\/p>\n<p>Start war eine Scheibe Ochsenherz-Tomate mit Buchweizen, Schaffrischk\u00e4se und Basilikum-\u00d6l &#8211; gro\u00dfartig, blieb bis zum Schluss (neben der K\u00e4se-Auswahl) mein Lieblingsgang. Dazu ein \u00fcberraschender (weil bitterer) Gr\u00fcner Veltliner &#8220;Projekt Granit&#8221; von Weingut Esterhazy aus dem Burgenland.<\/p>\n<p><a href=\"https:\/\/www.vorspeisenplatte.de\/speisen\/archiv\/250827_56_Meierei.jpg\"><img loading=\"lazy\" decoding=\"async\" src=\"https:\/\/www.vorspeisenplatte.de\/speisen\/archiv\/250827_56_Meierei.jpg\" alt=\"\" width=\"363\" height=\"484\" class=\"alignnone size-full wp-image-111718\" \/><\/a><\/p>\n<p>Die Lachsforelle mit Marille, Salzzitrone und Pak Choy setzte sich nicht recht gegen den Essig der Sauce durch, passte aber besonders gut zu meinem Wein-Favoriten des Abends: Gelber Muskateller vom Nikolaihof aus der Wachau.<\/p>\n<p><a href=\"https:\/\/www.vorspeisenplatte.de\/speisen\/archiv\/250827_58_Meierei.jpg\"><img loading=\"lazy\" decoding=\"async\" src=\"https:\/\/www.vorspeisenplatte.de\/speisen\/archiv\/250827_58_Meierei.jpg\" alt=\"\" width=\"484\" height=\"363\" class=\"alignnone size-full wp-image-111719\" \/><\/a><\/p>\n<p>Der S\u00fc\u00dfwasserfisch wurde mit einer sehr kr\u00e4ftigen Consomm\u00e9 aufgegossen, ich genoss Kraft und Fisch. Interessant dazu der Rotgipfler &#8220;Mandelh\u00f6h&#8221; von Alphart am M\u00fchlbach aus Traiskirchen.<\/p>\n<p><a href=\"https:\/\/www.vorspeisenplatte.de\/speisen\/archiv\/250827_62_Meierei.jpg\"><img loading=\"lazy\" decoding=\"async\" src=\"https:\/\/www.vorspeisenplatte.de\/speisen\/archiv\/250827_62_Meierei.jpg\" alt=\"\" width=\"333\" height=\"444\" class=\"alignnone size-full wp-image-111720\" \/><\/a><\/p>\n<p>Hauptgericht war wundervoll zart gebratenes Reh mit Navetten, Nektarinen, Mangold und Olivenkraut &#8211; ein sch\u00f6n stimmiger Teller. Im Glas ein 2015 Rioja &#8220;Vi\u00f1a Cubillo&#8221; Crianza, Lopez de Heredia &#8211; mei, ein Rioja halt. Irgendwann bitte ich (mit Ansage weit vorher nat\u00fcrlich) mal beim Fine Dining um eine Weinbegleitung rein aus Rotweinen: Meist bekomme ich in Men\u00fcs nur einmal einen, dabei w\u00fcrde ich gerne mehr kennenlernen.<\/p>\n<p><a href=\"https:\/\/www.vorspeisenplatte.de\/speisen\/archiv\/250827_63_Meierei.jpg\"><img loading=\"lazy\" decoding=\"async\" src=\"https:\/\/www.vorspeisenplatte.de\/speisen\/archiv\/250827_63_Meierei.jpg\" alt=\"\" width=\"468\" height=\"355\" class=\"alignnone size-full wp-image-111722\" \/><\/a><\/p>\n<p>Knaller 2: der K\u00e4segang &#8211; wenn man schon mal in einer Meierei ist. Hervorragenderweise hatte man uns nicht je einen Teller mit vier Sorten zusammengestellt, sondern zusammen einen mit acht &#8211; mit Beschilderung! Wir kosteten zusammen mit ebenso spannenden Broten, dazu gab es Portwein.<\/p>\n<p><a href=\"https:\/\/www.vorspeisenplatte.de\/speisen\/archiv\/250827_66_Meierei.jpg\"><img loading=\"lazy\" decoding=\"async\" src=\"https:\/\/www.vorspeisenplatte.de\/speisen\/archiv\/250827_66_Meierei.jpg\" alt=\"\" width=\"363\" height=\"484\" class=\"alignnone size-full wp-image-111723\" \/><\/a><\/p>\n<p>Der Abschluss: Zwetschgenfleck mit Erdmandelpralin\u00e9-Eis und frischen Zwetschgen &#8211; der Fleck mit sensationell fluffig-warmem Hefeteig. Dazu ein aufregender Sekt: Reserve Ros\u00e9 Brut von Zuschmann-Sch\u00f6fmann aus Martinsdorf.<\/p>\n<p>Ein sch\u00f6ner Abend mit wundervollem Blick.<\/p>\n<p><a href=\"https:\/\/www.vorspeisenplatte.de\/speisen\/archiv\/250827_68_Stadtpark.jpg\"><img loading=\"lazy\" decoding=\"async\" src=\"https:\/\/www.vorspeisenplatte.de\/speisen\/archiv\/250827_68_Stadtpark.jpg\" alt=\"\" width=\"423\" height=\"564\" class=\"alignnone size-full wp-image-111724\" \/><\/a><\/p>\n<p>Eine U-Bahn schaukelte uns sehr satt und zum Gl\u00fcck nicht unangenehm betrunken zur\u00fcck in den 15. Bezirk. <img loading=\"lazy\" decoding=\"async\" src=\"https:\/\/vg01.met.vgwort.de\/na\/3d72a119e9184290b0931a4c7925c62b\" width=\"1\" height=\"1\" alt=\"\"\/><\/p>\n","protected":false},"excerpt":{"rendered":"<p>Es hat sich herausgestellt, dass ich diesen Urlaub keineswegs nur mit Herrn Kaltmamsell verbringe: Entz\u00fcckenderweise begleiten mich Online-Kontakte &#8211; von denen ich in Wien unerwartet viele habe. Auf unserem Spaziergang am Sonntag sprach mich eine Blogleserin an, die hier wohnt, was mich sehr freute. Dann schrieb ein Freund, den ich vor 20 Jahren \u00fcbers Bloggen [&hellip;]<\/p>\n","protected":false},"author":2,"featured_media":0,"comment_status":"open","ping_status":"closed","sticky":false,"template":"","format":"standard","meta":{"footnotes":""},"categories":[6,2,1],"tags":[],"class_list":["post-111682","post","type-post","status-publish","format-standard","hentry","category-essen","category-fotos","category-general"],"_links":{"self":[{"href":"https:\/\/www.vorspeisenplatte.de\/speisen\/wp-json\/wp\/v2\/posts\/111682","targetHints":{"allow":["GET"]}}],"collection":[{"href":"https:\/\/www.vorspeisenplatte.de\/speisen\/wp-json\/wp\/v2\/posts"}],"about":[{"href":"https:\/\/www.vorspeisenplatte.de\/speisen\/wp-json\/wp\/v2\/types\/post"}],"author":[{"embeddable":true,"href":"https:\/\/www.vorspeisenplatte.de\/speisen\/wp-json\/wp\/v2\/users\/2"}],"replies":[{"embeddable":true,"href":"https:\/\/www.vorspeisenplatte.de\/speisen\/wp-json\/wp\/v2\/comments?post=111682"}],"version-history":[{"count":3,"href":"https:\/\/www.vorspeisenplatte.de\/speisen\/wp-json\/wp\/v2\/posts\/111682\/revisions"}],"predecessor-version":[{"id":111786,"href":"https:\/\/www.vorspeisenplatte.de\/speisen\/wp-json\/wp\/v2\/posts\/111682\/revisions\/111786"}],"wp:attachment":[{"href":"https:\/\/www.vorspeisenplatte.de\/speisen\/wp-json\/wp\/v2\/media?parent=111682"}],"wp:term":[{"taxonomy":"category","embeddable":true,"href":"https:\/\/www.vorspeisenplatte.de\/speisen\/wp-json\/wp\/v2\/categories?post=111682"},{"taxonomy":"post_tag","embeddable":true,"href":"https:\/\/www.vorspeisenplatte.de\/speisen\/wp-json\/wp\/v2\/tags?post=111682"}],"curies":[{"name":"wp","href":"https:\/\/api.w.org\/{rel}","templated":true}]}}