{"id":113464,"date":"2025-10-20T06:29:40","date_gmt":"2025-10-20T04:29:40","guid":{"rendered":"https:\/\/www.vorspeisenplatte.de\/speisen\/?p=113464"},"modified":"2025-10-20T12:19:37","modified_gmt":"2025-10-20T10:19:37","slug":"journal-sonntag-19-oktober-2025-kirchweihgans-im-klosterbraeu","status":"publish","type":"post","link":"https:\/\/www.vorspeisenplatte.de\/speisen\/2025\/10\/journal-sonntag-19-oktober-2025-kirchweihgans-im-klosterbraeu.htm","title":{"rendered":"Journal Sonntag, 19. Oktober 2025 &#8211; Kirchweihgans im Klosterbr\u00e4u"},"content":{"rendered":"<p>Nachtschlaf ein wenig gest\u00f6rt durch Leute, die um halb zwei im Park gegen\u00fcber bei lauter Musik feierten. Ich blieb auch deshalb etwas l\u00e4nger wach, weil ich diesen Musikstil noch nie geh\u00f6rt hatte und nachhorchte: Richtung Hiphop, aber mit auffallend klapperndem Schlagwerk, Tak Tak Tak. (Weil ausgerechnet uns Anwohnende k\u00fcrzlich der Vorwurf eines Journalisten traf, man brauche nicht in die Innenstadt ziehen und dann l\u00e4ndliche Stille erwarten: Selbst wohne ich praktisch mein gesamtes Erwachsenenleben in Innenst\u00e4dten, w\u00e4hrend des Studiums sogar \u00fcber einer Kneipe. Ich glaube beurteilen zu k\u00f6nnen, in welchem Rahmen man auch dort Nachtruhe erwarten darf.)<\/p>\n<p>Vorsichtshalber hatte ich einen Wecker gestellt, da ich mit Herrn Kaltmamsell zu einem kirchweihsonnt\u00e4glichen Familiengeburtstag eingeladen war. Er weckte mich tats\u00e4chlich, doch ich f\u00fchlte mich ausgeschlafen.<\/p>\n<p>Marsch zum Bahnhof in trockener, aber sehr k\u00fchler Luft. Vom Ingolst\u00e4dter Nordbahnhof holte mein Bruder uns mit dem Familienauto ab, auf der Fahrt zu meinen Eltern bekamen wir den Beweis aus der Familie erz\u00e4hlt, dass die meisten Unf\u00e4llen im Haushalt passieren &#8211; gro\u00dfer nachtr\u00e4glicher Schrecken \u00fcber eine lebensgef\u00e4hrliche Situation, Sorge um die Verunfallte.<\/p>\n<p>Reserviert war die Kirchweihgans im <a href=\"https:\/\/zum-klosterbraeu.de\/\" target=\"_blank\">Klosterbr\u00e4u in Bergen<\/a> (das dortselbst so konsequent &#8220;Baring&#8221; ausgesprochen wird, dass es sogar so auf Plakaten f\u00fcrs Dorffest steht) bei Neuburg &#8211; der sich als eine ganz entz\u00fcckende Anlage mit Hotel herausstellte: In die K\u00fcche kann man durch Fenster vom Kreuzgang aus schauen, der Innenhof, das ehemalige Refektorium und auch der Rest sind sehr liebevoll hergerichtet. Wir wurden herzlich empfangen und bewirtet: Es gab eine ganze Gans f\u00fcr uns alle, Kn\u00f6del, Blaukraut und Sauce wurden gro\u00dfz\u00fcgig nachgeliefert.<\/p>\n<p><a href=\"https:\/\/www.vorspeisenplatte.de\/speisen\/archiv\/251019_03_KlosterbraeuBergen.jpg\"><img loading=\"lazy\" decoding=\"async\" src=\"https:\/\/www.vorspeisenplatte.de\/speisen\/archiv\/251019_03_KlosterbraeuBergen.jpg\" alt=\"\" width=\"518\" height=\"341\" class=\"alignnone size-full \" \/><\/a><\/p>\n<p><a href=\"https:\/\/www.vorspeisenplatte.de\/speisen\/archiv\/251019_05_KlosterbraeuBergen.jpg\"><img loading=\"lazy\" decoding=\"async\" src=\"https:\/\/www.vorspeisenplatte.de\/speisen\/archiv\/251019_05_KlosterbraeuBergen.jpg\" alt=\"\" width=\"437\" height=\"330\" class=\"alignnone size-full wp-image-113471\" \/><\/a><\/p>\n<p><a href=\"https:\/\/www.vorspeisenplatte.de\/speisen\/archiv\/251019_06_KlosterbraeuBergen.jpg\"><img loading=\"lazy\" decoding=\"async\" src=\"https:\/\/www.vorspeisenplatte.de\/speisen\/archiv\/251019_06_KlosterbraeuBergen.jpg\" alt=\"\" width=\"524\" height=\"387\" class=\"alignnone size-full \" \/><\/a><\/p>\n<p><a href=\"https:\/\/www.vorspeisenplatte.de\/speisen\/archiv\/251019_09_KlosterbraeuBergen.jpg\"><img loading=\"lazy\" decoding=\"async\" src=\"https:\/\/www.vorspeisenplatte.de\/speisen\/archiv\/251019_09_KlosterbraeuBergen.jpg\" alt=\"\" width=\"564\" height=\"423\" class=\"alignnone size-full \" \/><\/a><\/p>\n<p>Dazu Gespr\u00e4che \u00fcber K\u00f6rperlichkeiten &#8211; nicht nur altersbedingt, sondern halt gerade dominant. Aber auch \u00fcber das Befinden der ausgeflogenen Nifften.<\/p>\n<p>Anschlie\u00dfend fuhren wir \u00fcber die Ingolst\u00e4dter Peripherie (die sich in den vergangenen Jahrzehnten so ver\u00e4ndert hat, dass ich komplett die Orientierung verlor) zu meinen Eltern.<\/p>\n<p><a href=\"https:\/\/www.vorspeisenplatte.de\/speisen\/archiv\/251019_15_Elternhaus.jpg\"><img loading=\"lazy\" decoding=\"async\" src=\"https:\/\/www.vorspeisenplatte.de\/speisen\/archiv\/251019_15_Elternhaus.jpg\" alt=\"\" width=\"590\" height=\"457\" class=\"alignnone size-full \" \/><\/a><\/p>\n<p>Meine Mutter hatte zu Kirchweih Auszogne gebacken, die gab es zu Kaffee und Tee (ich passte nach der reichlichen Gans plus Sp\u00e4tburgunder). Mehr Infos dar\u00fcber, was im Mittelteil passiert war.<\/p>\n<p>Zur\u00fcck fuhren Herr Kaltmamsell und ich in einem sehr vollen Regionalzug, ergatterten aber beim Aus- und Zustieg von Passagieren am Ingolst\u00e4dter Hauptbahnhof je einen Sitzplatz (eiserne Regel: den ersten Sitzplatz nehmen, den man sieht, nicht nachdenken). Ich las <a href=\"https:\/\/www.fluter.de\/heft96\" target=\"_blank\">das aktuelle Magazin fluter<\/a>. (Magazin der Bundeszentrale f\u00fcr politische Bildung).<\/p>\n<p><a href=\"https:\/\/www.vorspeisenplatte.de\/speisen\/archiv\/251019_18_fluter.jpg\"><img loading=\"lazy\" decoding=\"async\" src=\"https:\/\/www.vorspeisenplatte.de\/speisen\/archiv\/251019_18_fluter.jpg\" alt=\"\" width=\"393\" height=\"524\" class=\"alignnone size-full wp-image-113475\" \/><\/a><\/p>\n<p>Meiner Meinung eine sehr gute Ausgabe, besonders feiere ich das Titelfoto (Meerschwein!).<\/p>\n<p>Daheim k\u00fcmmerte ich mich um meine seit zwei Jahren eingetragenen Wanderschuhe, s\u00e4uberte und fettete sie. N\u00e4chste Woche bringe ich sie zum Reparieren, einige N\u00e4hte l\u00f6sen sich.<\/p>\n<p>Eine halbe Stunde Yoga, dann Brotzeitvorbereitung, ich hatte sogar Abendessensappetit: Avocado, Karottenkuchen.<\/p>\n<p>Im Bett neue Lekt\u00fcre, weil Papierbuch mit Leselicht um den Nacken: Hertha Hurnaus, Gabriele Kaiser, Maik Nowotny (Hrsg.), <i>Maschinenr\u00e4ume. Hinter der Kulisse der Wiener Ringstra\u00dfe<\/i> &#8211; ein Geschenk des Mitherausgebers. Welch gro\u00dfartige Idee, \u00fcber acht Jahre die Orte an der Ringstra\u00dfe zu erforschen, zu besichtigen und zu fotografieren, die man genau <i>nicht<\/i> sieht, die den Betrieb der sichtbaren aber erst erm\u00f6glichen. <img loading=\"lazy\" decoding=\"async\" src=\"https:\/\/vg02.met.vgwort.de\/na\/ff86b62501ba43f9a56bc6ef42dd6f08\" width=\"1\" height=\"1\" alt=\"\"\/><\/p>\n","protected":false},"excerpt":{"rendered":"<p>Nachtschlaf ein wenig gest\u00f6rt durch Leute, die um halb zwei im Park gegen\u00fcber bei lauter Musik feierten. Ich blieb auch deshalb etwas l\u00e4nger wach, weil ich diesen Musikstil noch nie geh\u00f6rt hatte und nachhorchte: Richtung Hiphop, aber mit auffallend klapperndem Schlagwerk, Tak Tak Tak. (Weil ausgerechnet uns Anwohnende k\u00fcrzlich der Vorwurf eines Journalisten traf, man [&hellip;]<\/p>\n","protected":false},"author":2,"featured_media":0,"comment_status":"open","ping_status":"closed","sticky":false,"template":"","format":"standard","meta":{"footnotes":""},"categories":[6,2,1],"tags":[],"class_list":["post-113464","post","type-post","status-publish","format-standard","hentry","category-essen","category-fotos","category-general"],"_links":{"self":[{"href":"https:\/\/www.vorspeisenplatte.de\/speisen\/wp-json\/wp\/v2\/posts\/113464","targetHints":{"allow":["GET"]}}],"collection":[{"href":"https:\/\/www.vorspeisenplatte.de\/speisen\/wp-json\/wp\/v2\/posts"}],"about":[{"href":"https:\/\/www.vorspeisenplatte.de\/speisen\/wp-json\/wp\/v2\/types\/post"}],"author":[{"embeddable":true,"href":"https:\/\/www.vorspeisenplatte.de\/speisen\/wp-json\/wp\/v2\/users\/2"}],"replies":[{"embeddable":true,"href":"https:\/\/www.vorspeisenplatte.de\/speisen\/wp-json\/wp\/v2\/comments?post=113464"}],"version-history":[{"count":3,"href":"https:\/\/www.vorspeisenplatte.de\/speisen\/wp-json\/wp\/v2\/posts\/113464\/revisions"}],"predecessor-version":[{"id":113488,"href":"https:\/\/www.vorspeisenplatte.de\/speisen\/wp-json\/wp\/v2\/posts\/113464\/revisions\/113488"}],"wp:attachment":[{"href":"https:\/\/www.vorspeisenplatte.de\/speisen\/wp-json\/wp\/v2\/media?parent=113464"}],"wp:term":[{"taxonomy":"category","embeddable":true,"href":"https:\/\/www.vorspeisenplatte.de\/speisen\/wp-json\/wp\/v2\/categories?post=113464"},{"taxonomy":"post_tag","embeddable":true,"href":"https:\/\/www.vorspeisenplatte.de\/speisen\/wp-json\/wp\/v2\/tags?post=113464"}],"curies":[{"name":"wp","href":"https:\/\/api.w.org\/{rel}","templated":true}]}}