{"id":113504,"date":"2025-10-22T06:21:03","date_gmt":"2025-10-22T04:21:03","guid":{"rendered":"https:\/\/www.vorspeisenplatte.de\/speisen\/?p=113504"},"modified":"2025-10-22T06:21:03","modified_gmt":"2025-10-22T04:21:03","slug":"journal-dienstag-21-oktober-2025-arbeitstag-rumgebracht","status":"publish","type":"post","link":"https:\/\/www.vorspeisenplatte.de\/speisen\/2025\/10\/journal-dienstag-21-oktober-2025-arbeitstag-rumgebracht.htm","title":{"rendered":"Journal Dienstag, 21. Oktober 2025 &#8211; Arbeitstag rumgebracht"},"content":{"rendered":"<p>Letzter Teil der Nacht etwas unruhig, doch ich schlief bis Weckerklingeln. In der letzten Halbschlafphase hatte ich die Idee f\u00fcr einen Kurztripp nach Berlin gleich nach Silvester &#8211; mit Besuch <a href=\"http:\/\/rueckblick-berlin.de\/\" target=\"_blank\">des Kabarettistischen Jahresr\u00fcckblicks<\/a> und der <a href=\"https:\/\/www.palast.berlin\/\" target=\"_blank\">neuen Glitzer-Show im Friedrichstadtpalast<\/a>.<\/p>\n<p>Arbeitsweg in schon arg D\u00fcsterem, ich freute mich auf die kurze Phase Morgenhelle nach Zeitumstellung &#8211; bis es dann wirklich winterdunkel wird bis M\u00e4rz.<\/p>\n<p>Emsigkeiten im B\u00fcro, einen neuen, eigentlich schnellen Auftrag schrieb ich sofort auf meine Jobliste, um schon nach 30 Minuten Arbeitstag etwas wegstreichen zu k\u00f6nnen.<\/p>\n<p>Ohnehin viel z\u00fcgiges Abarbeiten, einen kurze Moment lang hatte ich \u00fcberhaupt nichts Ekliges auf meiner To-do-Liste.<\/p>\n<p>Au\u00dferdem entwickelte sich in meinem Hirn die Berlin-Idee weiter und erhellte schonmal durch Vorfreude meinen Tag.<\/p>\n<p>Mittagscappuccino im Westend, es war sch\u00f6n hell und \u00fcberraschend mild.<\/p>\n<p>Zu Mittag gab  es eine Avocado, au\u00dferdem ein St\u00fcck Empanada vom Vorabend (dieser Hefeteig schmeckt auch am n\u00e4chsten Tag noch richtig gut).<\/p>\n<p>Der Nachmittag war anstrengend. Ich musste mich sehr \u00e4rgern (wenigstens nicht \u00fcber mich, das ist das Schlimmste) und mir immer wieder vorsagen: Es h\u00e4ngt kein Menschenleben davon ab. Es h\u00e4ngt kein Menschenleben davon ab. Es h\u00e4ngt kein Menschenleben davon ab.<\/p>\n<p>Nach Feierabend spazierte ich in weiterhin herrlicher Herbstluft und wundersch\u00f6nem Licht nach Hause, Einkaufsabstecher nur in den Drogeriemarkt.<\/p>\n<p>Daheim H\u00e4uslichkeiten, Yoga, Brotzeitvorbereitung.<\/p>\n<p>Herr Kaltmamsell servierte den Ernteanteil-Chinakohl in zwei Varianten:<\/p>\n<p><a href=\"https:\/\/www.vorspeisenplatte.de\/speisen\/archiv\/251021_05_Nachtmahl.jpg\"><img loading=\"lazy\" decoding=\"async\" src=\"https:\/\/www.vorspeisenplatte.de\/speisen\/archiv\/251021_05_Nachtmahl.jpg\" alt=\"\" width=\"444\" height=\"304\" class=\"alignnone size-full wp-image-113519\" \/><\/a><\/p>\n<p>Mapo Tofu links, mit Karotten (Ernteanteil), Sojahack und Sechuanpfeffer rechts &#8211; beides hervorragend. Nachtisch nochmal Ofenquitte mit griechischem Joghurt und Honig, Schokolade.<\/p>\n<p>Der Fernseher blieb sogar zur Hintergrundberieselung aus, auch f\u00fcrs Berlinreisebuchen waren wir beide zu ersch\u00f6pft. Lieber pflegte ich Freundschaften und ging fr\u00fch ins Bett zum Lesen. <img loading=\"lazy\" decoding=\"async\" src=\"https:\/\/vg02.met.vgwort.de\/na\/d92ef710b30e4a59826fd10fff8a0b3a\" width=\"1\" height=\"1\" alt=\"\"\/><\/p>\n","protected":false},"excerpt":{"rendered":"<p>Letzter Teil der Nacht etwas unruhig, doch ich schlief bis Weckerklingeln. In der letzten Halbschlafphase hatte ich die Idee f\u00fcr einen Kurztripp nach Berlin gleich nach Silvester &#8211; mit Besuch des Kabarettistischen Jahresr\u00fcckblicks und der neuen Glitzer-Show im Friedrichstadtpalast. Arbeitsweg in schon arg D\u00fcsterem, ich freute mich auf die kurze Phase Morgenhelle nach Zeitumstellung &#8211; [&hellip;]<\/p>\n","protected":false},"author":2,"featured_media":0,"comment_status":"open","ping_status":"closed","sticky":false,"template":"","format":"standard","meta":{"footnotes":""},"categories":[1],"tags":[],"class_list":["post-113504","post","type-post","status-publish","format-standard","hentry","category-general"],"_links":{"self":[{"href":"https:\/\/www.vorspeisenplatte.de\/speisen\/wp-json\/wp\/v2\/posts\/113504","targetHints":{"allow":["GET"]}}],"collection":[{"href":"https:\/\/www.vorspeisenplatte.de\/speisen\/wp-json\/wp\/v2\/posts"}],"about":[{"href":"https:\/\/www.vorspeisenplatte.de\/speisen\/wp-json\/wp\/v2\/types\/post"}],"author":[{"embeddable":true,"href":"https:\/\/www.vorspeisenplatte.de\/speisen\/wp-json\/wp\/v2\/users\/2"}],"replies":[{"embeddable":true,"href":"https:\/\/www.vorspeisenplatte.de\/speisen\/wp-json\/wp\/v2\/comments?post=113504"}],"version-history":[{"count":3,"href":"https:\/\/www.vorspeisenplatte.de\/speisen\/wp-json\/wp\/v2\/posts\/113504\/revisions"}],"predecessor-version":[{"id":113522,"href":"https:\/\/www.vorspeisenplatte.de\/speisen\/wp-json\/wp\/v2\/posts\/113504\/revisions\/113522"}],"wp:attachment":[{"href":"https:\/\/www.vorspeisenplatte.de\/speisen\/wp-json\/wp\/v2\/media?parent=113504"}],"wp:term":[{"taxonomy":"category","embeddable":true,"href":"https:\/\/www.vorspeisenplatte.de\/speisen\/wp-json\/wp\/v2\/categories?post=113504"},{"taxonomy":"post_tag","embeddable":true,"href":"https:\/\/www.vorspeisenplatte.de\/speisen\/wp-json\/wp\/v2\/tags?post=113504"}],"curies":[{"name":"wp","href":"https:\/\/api.w.org\/{rel}","templated":true}]}}