{"id":113523,"date":"2025-10-23T06:29:36","date_gmt":"2025-10-23T04:29:36","guid":{"rendered":"https:\/\/www.vorspeisenplatte.de\/speisen\/?p=113523"},"modified":"2025-10-23T10:58:15","modified_gmt":"2025-10-23T08:58:15","slug":"journal-mittwoch-22-oktober-2025-wie-ich-dann-doch-einmal-ausflippen-musste-sauhund-an-den-kammerspielen","status":"publish","type":"post","link":"https:\/\/www.vorspeisenplatte.de\/speisen\/2025\/10\/journal-mittwoch-22-oktober-2025-wie-ich-dann-doch-einmal-ausflippen-musste-sauhund-an-den-kammerspielen.htm","title":{"rendered":"Journal Mittwoch, 22. Oktober 2025 &#8211; Wie ich dann doch einmal ausflippen musste \/ <i>Sauhund<\/i> an den Kammerspielen"},"content":{"rendered":"<p>Als der Wecker mich aus hochinteressanten Tr\u00e4umen holte, war mein erster Gedanke: Drei von f\u00fcnf Arbeitswochenwecken geschafft.<\/p>\n<p>Das Aufstehen selbst gestaltete sich k\u00f6rperlich m\u00fchsam, meine schiefe und marode Lendenwirbels\u00e4ule plagt mich derzeit mit muskul\u00e4ren Schmerzen rundum, die \u00fcber den Tag auch lustig die Beine runterziehen, mal das eine, mal das andere &#8211; ich wei\u00df exakt, wie sich die Bewegungsform &#8220;h\u00fcftsteif&#8221; anf\u00fchlt.<\/p>\n<p>Drau\u00dfen war es d\u00fcster mit nassen Stra\u00dfen, doch ich sah niemanden mit Regenschirm vorm Haus. Als es gleich beim Losgehen tr\u00f6pfelte, kehrte ich dennoch um und holte einen Schirm aus der Wohnung &#8211; der dann doch nur als Talisman fungierte, das Tr\u00f6pfeln h\u00f6rte gleich wieder auf.<\/p>\n<p>Im B\u00fcro f\u00fchlte ich mich erschlagen und m\u00fcde, vielleicht gerade weil das Adrenalin der vorhergehenden Arbeitstage fehlte und ich im Grund ruhig Dinge abarbeiten konnte.<\/p>\n<p>Schon bald kam ich ohnehin beruflich raus an die frische Luft und spazierte zu einer Informationsveranstaltung. Dort litt meine schmerzende Kreuz- und H\u00fcftgegend sehr unter den provisorischen St\u00fchlen, doch ich erfuhr Interessantes.<\/p>\n<p>Auf dem R\u00fcckweg verlor der Regenschirm seine Funktion als Talisman und hielt Regen von mir fern.<\/p>\n<p>Sehr sp\u00e4ter Mittagscappuccino in der hauseigenen Cafeteria, entsprechend lang stand ich daf\u00fcr an.<\/p>\n<p>Sp\u00e4tes Mittagessen (Granatapfelkerne mit Joghurt, H\u00fcttenk\u00e4se), weil mir ein Ausflippen zur eigentlichen Essenszeit den Appetit verdarb: Eine Ermahnung war die eine Umdrehung zu viel im Wahnsinn der Kombination Bundesreisekostengesetz\/Bundesrechnungshof\/Reiseabrechnung-Software, und nein, ich werde auch k\u00fcnftig nicht \u00fcberpr\u00fcfen, ob das einzige bezahlbare Hotel f\u00fcr eine Dienstreise nach M\u00fcnchen auch wirklich innerhalb des M\u00fcnchner Stadtgebiets liegt. Abbekommen hatte dieses Ausflippen jemand, die wirklich nicht Schuld an dieser Kombination tr\u00e4gt, das tat mir leid. (Wo ich doch sonst im Arbeitsleben versuche, dem Bild des archaischen Kouros zu entsprechen.)<\/p>\n<p>Fast so fr\u00fcher Feierabend wie geplant: Gestern Abend war die erste Theaterabo-Vorstellung der Spielzeit in den Kammerspielen terminiert, die Energie daf\u00fcr w\u00fcrde ich nur durch Arbeitsende vor vier aufbringen.<\/p>\n<p><a href=\"https:\/\/www.vorspeisenplatte.de\/speisen\/archiv\/251022_07_Heimeranstr.jpg\"><img loading=\"lazy\" decoding=\"async\" src=\"https:\/\/www.vorspeisenplatte.de\/speisen\/archiv\/251022_07_Heimeranstr.jpg\" alt=\"\" width=\"524\" height=\"393\" class=\"alignnone size-full \" \/><\/a><\/p>\n<p>In der Heimeranstra\u00dfe hielt ich den herbstlichen H\u00f6hepunkt der Bodenbl\u00e4tterbuntizit\u00e4t fest, einen Regenschirm brauchte ich zum Gl\u00fcck nicht.<\/p>\n<p>Eink\u00e4ufe, Umweg \u00fcber Goetheplatz f\u00fcr Briefmarken in der dortigen Post: Zum letzten Mal, ab 18.11. gibt es dort keine Post mehr. Ich las die Ank\u00fcndigung beim Warten mit sinkendem Herzen (also w\u00fcrde ich hier keine Weihnachtspost mehr abwickeln k\u00f6nnen), der freundliche Schaltermann wies mich auch darauf hin. Bleibt von daheim aus noch die Post am ehemaligen Hauptbahnhof.<\/p>\n<p>Bis daheim war ich heiser, weil ich in eine LAL\u00dc!!!-Flut von Polizeiautos geriet, gegen die ich zus\u00e4tzlich zu Ohrenzuhalten irgendwann nur noch anbr\u00fcllen konnte (musste trotzdem weinen).<\/p>\n<p>H\u00e4uslichkeiten, dann buchte ich mit Herrn Kaltmamsell an meiner Seite die Bestandteile unseres Berlin-Ausflugs &#8211; fast, denn als ich an die Kabarettkarten nicht rankam, ohne mir im Theater ein Online-Benutzerkonto anzulegen, rastete ich wieder aus. Gestern konnte ich nicht noch einen menschenfeindlichen Wahnwitz vertragen, ein weiteres Benutzerkonto mit einem weiteren Passwort (ich verwalte derzeit ungef\u00e4hr 300 davon) ist absolut unn\u00f6tig. Wie sich umgehend zeigte, als ich unsere Friedrichstadtpalast-Karten \u00fcber Paypal kaufte: ohne Benutzerkonto.<\/p>\n<p>Eine Einheit Yoga, zum etwas vorverlegten Nachtmahl servierte Herr Kaltmamsell Ernteanteil-Karotten aus dem Ofen sowie Stangenbohnen aus dem elterlichen Garten: Sie hatten sich dieses Jahr sehr viel Zeit gelassen mit dem Wachsen, wir bekamen die gesamte Ernte des Sonntags geschenkt.<\/p>\n<p>Gegeben wurde an den Kammerspielen <a href=\"https:\/\/www.muenchner-kammerspiele.de\/de\/programm\/32924-sauhund\" target=\"_blank\"><i>Sauhund<\/i> nach dem Roman von Lion Christ<\/a> (Theaterst\u00fccke werden im Theater ja praktisch nicht mehr gespielt), die gespielte &#8220;Fassung&#8221; von Ludwig Abraham, Hannah Baumann, Florian Fischer, Elias Krischke, Annette Paulmann, Tobias Schuster, Edmund Telgenk\u00e4mper, also ein Gruppendrama. Das Thema, &#8220;80er in M\u00fcnchen: gay, vom Land, lebenshungrig&#8221;, las sich schonmal attraktiv, 1h 40min Auff\u00fchrungsdauer ebenfalls.<\/p>\n<p><a href=\"https:\/\/www.vorspeisenplatte.de\/speisen\/archiv\/251022_09_Kammerspiele.jpg\"><img loading=\"lazy\" decoding=\"async\" src=\"https:\/\/www.vorspeisenplatte.de\/speisen\/archiv\/251022_09_Kammerspiele.jpg\" alt=\"\" width=\"333\" height=\"444\" class=\"alignnone size-full wp-image-113536\" \/><\/a><\/p>\n<p>Der Abend passte dann genau zur Beschreibung, erz\u00e4hlte die Geschichte von Flori aus Wolfratshausen in den 1980ern in M\u00fcnchen, freundlich und naheliegend inszeniert, mit nichts Neuem zum Thema (wobei es mir ja doch jedesmal das Herz zerrei\u00dft, wenn es um die grausige Schneise geht, die Gevatter AIDS in dieser Zeit schlug &#8211; inklusive dem unmenschlichen Sonderweg der bayerischen Politik dazu). Die \u00dcbertragung von Romanform auf die B\u00fchne griff haupts\u00e4chlich zum Erz\u00e4hlmittel aufgesagter Romantext. (<i>We want theater play.<\/i>)<\/p>\n<p>Einiges sah nach Sparma\u00dfnahmen aus: Die drei hervorragenden Darster*innen Elias Krischke, Annette Paulmann (&lt;3), Edmund Telgenk\u00e4mper spielten alle Rollen, umgezogen wurde sich viel auf der B\u00fchne, ein einziges B\u00fchnenbild ohne Chichi oder Gewackel aus einer Wand mit Fotos aus der Zeit, die nacheinander und zum Schluss alle erschienen. Der Zuschauerraum zu 80 Prozent gef\u00fcllt, das freute mich.<\/p>\n<p><a href=\"https:\/\/www.vorspeisenplatte.de\/speisen\/archiv\/251022_10_JakobsplatzJPG.jpg\"><img loading=\"lazy\" decoding=\"async\" src=\"https:\/\/www.vorspeisenplatte.de\/speisen\/archiv\/251022_10_JakobsplatzJPG.jpg\" alt=\"\" width=\"423\" height=\"564\" class=\"alignnone size-full wp-image-113538\" \/><\/a><\/p>\n<p>Sch\u00f6ner Heimweg durch die ruhige, milde Herbstnacht, unter anderem vorbei an der Synagoge.<\/p>\n<p>\u00a7<\/p>\n<p><a href=\"https:\/\/sah.org\/2013\/03\/14\/the-architecture-and-planning-of-fascist-new-towns-in-sardinia\/\" target=\"_blank\">&#8220;The Architecture and Planning of Fascist New Towns in Sardinia&#8221;.<\/a><\/p>\n<p>via <a href=\"https:\/\/mastodon.social\/@sauer_lauwarm\/115413826986846290\" target=\"_blank\">@sauer_lauwarm<\/a><\/p>\n<p>Weil&#8217;s darin erw\u00e4hnt wird, erinnerte ich mich: Meine Tante Barbara, Schwester meiner Mutter, hatte ja nach Italien geheiratet und war exakt in einem dieser Mussolini-Orte in den pontinischen S\u00fcmpfen gelandete, Pontinia. Das pr\u00e4gte durch die Familienurlaube dort lange mein Italien-Bild, und ich verstand als Kind und Jugendliche wirklich nicht, was die Deutschen immer mit ihrer Italien-Begeisterung hatten.<br \/>\n(Sp\u00e4ter gefolgt vom Unverst\u00e4ndnis f\u00fcr deutsche Grappa-Begeisterung &#8211; den ich nur als Selbstgebrannten vom Bauernhof kannte, geschmackliche Alternative zu Rattengift.) <img loading=\"lazy\" decoding=\"async\" src=\"https:\/\/vg02.met.vgwort.de\/na\/5b0be3b7da534cc296259476778b357e\" width=\"1\" height=\"1\" alt=\"\"\/><\/p>\n","protected":false},"excerpt":{"rendered":"<p>Als der Wecker mich aus hochinteressanten Tr\u00e4umen holte, war mein erster Gedanke: Drei von f\u00fcnf Arbeitswochenwecken geschafft. Das Aufstehen selbst gestaltete sich k\u00f6rperlich m\u00fchsam, meine schiefe und marode Lendenwirbels\u00e4ule plagt mich derzeit mit muskul\u00e4ren Schmerzen rundum, die \u00fcber den Tag auch lustig die Beine runterziehen, mal das eine, mal das andere &#8211; ich wei\u00df exakt, [&hellip;]<\/p>\n","protected":false},"author":2,"featured_media":0,"comment_status":"open","ping_status":"closed","sticky":false,"template":"","format":"standard","meta":{"footnotes":""},"categories":[2,1,12],"tags":[],"class_list":["post-113523","post","type-post","status-publish","format-standard","hentry","category-fotos","category-general","category-theater"],"_links":{"self":[{"href":"https:\/\/www.vorspeisenplatte.de\/speisen\/wp-json\/wp\/v2\/posts\/113523","targetHints":{"allow":["GET"]}}],"collection":[{"href":"https:\/\/www.vorspeisenplatte.de\/speisen\/wp-json\/wp\/v2\/posts"}],"about":[{"href":"https:\/\/www.vorspeisenplatte.de\/speisen\/wp-json\/wp\/v2\/types\/post"}],"author":[{"embeddable":true,"href":"https:\/\/www.vorspeisenplatte.de\/speisen\/wp-json\/wp\/v2\/users\/2"}],"replies":[{"embeddable":true,"href":"https:\/\/www.vorspeisenplatte.de\/speisen\/wp-json\/wp\/v2\/comments?post=113523"}],"version-history":[{"count":3,"href":"https:\/\/www.vorspeisenplatte.de\/speisen\/wp-json\/wp\/v2\/posts\/113523\/revisions"}],"predecessor-version":[{"id":113565,"href":"https:\/\/www.vorspeisenplatte.de\/speisen\/wp-json\/wp\/v2\/posts\/113523\/revisions\/113565"}],"wp:attachment":[{"href":"https:\/\/www.vorspeisenplatte.de\/speisen\/wp-json\/wp\/v2\/media?parent=113523"}],"wp:term":[{"taxonomy":"category","embeddable":true,"href":"https:\/\/www.vorspeisenplatte.de\/speisen\/wp-json\/wp\/v2\/categories?post=113523"},{"taxonomy":"post_tag","embeddable":true,"href":"https:\/\/www.vorspeisenplatte.de\/speisen\/wp-json\/wp\/v2\/tags?post=113523"}],"curies":[{"name":"wp","href":"https:\/\/api.w.org\/{rel}","templated":true}]}}