{"id":113586,"date":"2025-10-25T08:29:46","date_gmt":"2025-10-25T06:29:46","guid":{"rendered":"https:\/\/www.vorspeisenplatte.de\/speisen\/?p=113586"},"modified":"2025-11-13T15:40:59","modified_gmt":"2025-11-13T14:40:59","slug":"journal-freitag-24-oktober-2025-doppelimpf-mit-anstrengung","status":"publish","type":"post","link":"https:\/\/www.vorspeisenplatte.de\/speisen\/2025\/10\/journal-freitag-24-oktober-2025-doppelimpf-mit-anstrengung.htm","title":{"rendered":"Journal Freitag, 24. Oktober 2025 &#8211; Doppelimpf mit Anstrengung"},"content":{"rendered":"<p>Unruhige Nacht wegen des Herbstturms &#8211; mich weckte aber nicht direkt der Wind drau\u00dfen, sondern das laute Knarzen der Kunststoffrahmen meiner Schlafzimmerfenster.<\/p>\n<p>Nach dem Aufstehen pflegte ich erstmal Freundschaften und Familienkontakte, bevor ich den Blogpost finalisierte &#8211; und schon wurde die Zeit knapp. Ein Gl\u00fcck, dass die Morgentoilette schnell ging, da ich ja am Vorabend nach dem Schwimmen geduscht hatte (und nachts nicht geschwitzt).<\/p>\n<p>Marsch in die Arbeit in deutlicher Herbstk\u00e4lte, aber mit sch\u00f6nen Anblicken.<\/p>\n<p><a href=\"https:\/\/www.vorspeisenplatte.de\/speisen\/archiv\/251024_03_Heimeranplatz.jpg\"><img loading=\"lazy\" decoding=\"async\" src=\"https:\/\/www.vorspeisenplatte.de\/speisen\/archiv\/251024_03_Heimeranplatz.jpg\" alt=\"\" width=\"430\" height=\"573\" class=\"alignnone size-full wp-image-113615\" \/><\/a><\/p>\n<p><a href=\"https:\/\/www.vorspeisenplatte.de\/speisen\/archiv\/251024_04_Bueroblick.jpg\"><img loading=\"lazy\" decoding=\"async\" src=\"https:\/\/www.vorspeisenplatte.de\/speisen\/archiv\/251024_04_Bueroblick.jpg\" alt=\"\" width=\"505\" height=\"393\" class=\"alignnone size-full \" \/><\/a><\/p>\n<p>Abarbeiten in gutem Rhythmus, zumal ich einen festen Endpunkt hatte: Mein Feierabend wurde von dem Impftermin in einer Apotheke bestimmt. Aber erstmal ging drau\u00dfen mit heftigem Regen ein bisschen die Welt unter &#8211; um kurz darauf in Sonnenschein zu erstrahlen.<\/p>\n<p>Innere Stimmung, warum auch immer: ungn\u00e4dig.<\/p>\n<p>Zu Mittagscappuccino-Zeit waren wir wieder bei blauem Himmel, ich ging hinaus ins Westend.<\/p>\n<p><a href=\"https:\/\/www.vorspeisenplatte.de\/speisen\/archiv\/251024_08_Nido.jpg\"><img loading=\"lazy\" decoding=\"async\" src=\"https:\/\/www.vorspeisenplatte.de\/speisen\/archiv\/251024_08_Nido.jpg\" alt=\"\" width=\"363\" height=\"484\" class=\"alignnone size-full wp-image-113618\" \/><\/a><\/p>\n<p><a href=\"https:\/\/www.vorspeisenplatte.de\/speisen\/archiv\/251024_11_Anglerstr.jpg\"><img loading=\"lazy\" decoding=\"async\" src=\"https:\/\/www.vorspeisenplatte.de\/speisen\/archiv\/251024_11_Anglerstr.jpg\" alt=\"\" width=\"610\" height=\"411\" class=\"alignnone size-full \" \/><\/a><\/p>\n<p>Hagelschauer zum Mittagessen (Apfel, Rest Ofengem\u00fcse mit ein paar N\u00fcssen).<\/p>\n<p>Mehr Weihnachtsgeschenke bestellt, ich wei\u00df auch nicht, was dieses Jahr mit mir los ist.<\/p>\n<p><a href=\"https:\/\/www.vorspeisenplatte.de\/speisen\/archiv\/251024_14_ADAC.jpg\"><img loading=\"lazy\" decoding=\"async\" src=\"https:\/\/www.vorspeisenplatte.de\/speisen\/archiv\/251024_14_ADAC.jpg\" alt=\"\" width=\"402\" height=\"526\" class=\"alignnone size-full wp-image-113620\" \/><\/a><\/p>\n<p>P\u00fcnktlicher Feierabend f\u00fcr meinen Impf-Termin <a href=\"https:\/\/ludwigsapo.de\/services\/corona-covid\/\" target=\"_blank\">in der Ludwigsapotheke, Neuhauser Stra\u00dfe.<\/a> Herr Kaltmamsell wartete dort auf mich, war selbst aber schon durch mit seinem Impf. Wenn ich schonmal da war, bat ich auch um Grippe-Impfung: Die Termine der Impf-Aktion bei meinem Arbeitsgeber wurden diesmal vergeben, w\u00e4hrend ich im Urlaub war &#8211; nichts mehr zu holen.<\/p>\n<p>An den Termin und die Impfung waren wir nur \u00fcber einen Tipp gekommen &#8211; ich kann mir die Weigerung der meisten Hausarztpraxen und Apotheken nicht erkl\u00e4ren, und es macht mich w\u00fctend, dass auch dieses Jahr ordentlich Anstrengung dazu geh\u00f6rt, an eine Corona-Impfung zu kommen: Selbst wenn <a href=\"https:\/\/www.rki.de\/SharedDocs\/FAQs\/DE\/Impfen\/COVID-19\/FAQ_Liste_STIKO_Empfehlungen.html\" target=\"_blank\">die <i>Empfehlung<\/i> der Stiko<\/a> erst f\u00fcr Menschen \u00fcber 60 lautet (so das Verweigerungsargument), gibt es keine <i>Kontraindikation<\/i> f\u00fcr (nahezu) den gesamten Rest. Und selbst wenn die Krankenkassen die Impfung nur gem\u00e4\u00df Stiko zahlen (was ich sogar nachvollziehen k\u00f6nnte), w\u00fcnsche ich mir zumindest das Angebot, selbst daf\u00fcr aufzukommen &#8211; sonst sind sie doch auch mit IGeL (Individuelle Gesundheitsleistungen) f\u00fcr Selbstzahlende schnell bei der Hand. <a href=\"https:\/\/www.kbv.de\/praxis\/tools-und-services\/praxisnachrichten\/2025\/08-21\/zepai-angepasster-covid-19-impfstoff-comirnaty-fuer-alle-altersgruppen-bestellbar\" target=\"_blank\">Au\u00dferdem wird der Corona-Impfstoff vom Bund weiterhin <i>kostenlos<\/i> zur Verf\u00fcgung gestellt!<\/a><\/p>\n<p>Daheim noch schnell Yoga, bevor der Corona-Impfarm zu schmerzen beginnen k\u00f6nnte (die einzige Impf-Nebenwirkung, die ich bislang hatte &#8211; und wer bisher die Corona-Impfung problemlos vertrug, wird nachgewiesenerma\u00dfen sehr, sehr wahrscheinlich auch bei den folgenden Impfungen keine Nebenwirkungen sp\u00fcren). Au\u00dferdem hatte Herr Kaltmamsell recherchiert, dass Yoga nicht unter das Sportverbot nach Impf f\u00e4llt &#8211; bei dem ich ohnehin beschlossen hatte, dass es bei keinen Nebenwirkungen nur f\u00fcr 12 Stunden gilt. Was die empfohlene Alkohol-Abstinenz betrifft: <i>We are risk takers<\/i>, auf meinen Freitagabend-Alkohol hatte ich mich arg gefreut.<\/p>\n<p><a href=\"https:\/\/www.vorspeisenplatte.de\/speisen\/archiv\/251024_18_Nachtmahl.jpg\"><img loading=\"lazy\" decoding=\"async\" src=\"https:\/\/www.vorspeisenplatte.de\/speisen\/archiv\/251024_18_Nachtmahl.jpg\" alt=\"\" width=\"363\" height=\"484\" class=\"alignnone size-full wp-image-113621\" \/><\/a><\/p>\n<p>Es gab zum ersten Glas Rotwein N\u00fcsschen und Oliven, w\u00e4hrend Herr Kaltmamsell zum klassischen, aber schon seit Monaten nicht mehr stattgefundenen Freitagsabendessen T-Bone-Steak briet, Ernteanteil-Spinat garte, aus Ernteanteil-Kartoffeln Gratin zubereitete. Hervorragendes Abendessen, die Aroma-Bombe auf dem Teller war der Spinat. Nachtisch Schokolade und Kekse.<\/p>\n<p>Fr\u00fch ins Bett, dort las ich Hertha Hurnaus, Gabriele Kaiser, Maik Nowotny (Hrsg.), <i>Maschinenr\u00e4ume. Hinter der Kulisse der Wiener Ringstra\u00dfe<\/i> aus.<\/p>\n<p><a href=\"https:\/\/www.vorspeisenplatte.de\/speisen\/archiv\/buch_HurnausKaiserNowotny.jpg\"><img loading=\"lazy\" decoding=\"async\" src=\"https:\/\/www.vorspeisenplatte.de\/speisen\/archiv\/buch_HurnausKaiserNowotny.jpg\" alt=\"\" width=\"150\" height=\"187\" class=\"alignnone size-full wp-image-113477\" \/><\/a><\/p>\n<p>Eine gro\u00dfartige Idee, die nicht-\u00f6ffentlichen R\u00e4ume hinter den ber\u00fchmtesten Geb\u00e4uden zu zeigen, unter den Bildern besonders atemberaubend die riesigen S\u00e4le unter den D\u00e4chern, und zu erkl\u00e4ren, wie sie konstruiert und betrieben wurden. Die Aufs\u00e4tze dazu berichten die Geschichte der Bebauung an der Ringstra\u00dfe und erkl\u00e4ren die Ingenieurskunst der Betriebsr\u00e4ume: Ich hatte mir tats\u00e4chlich noch nie Gedanken \u00fcber die Bel\u00fcftung eines Museums, Parlaments oder Theaters gemacht und lernte wundervolle Begriffe wie &#8220;Luftbrunnen&#8221;. Allen ans Herz gelegt, die sich f\u00fcr Wien, europ\u00e4ische Baukunst des 19. Jahrhunderts oder auch nur ungew\u00f6hnliche Architekturfotografie interessieren.<\/p>\n<p>\u00a7<\/p>\n<p>Das bekam sogar ich als junge Frau ab, die sonst gl\u00fccklich unbel\u00e4stigt blieb, und war schwerstens genervt: Catcalling. Einmal drehte ich mich in Spanien sogar zum &#8220;Tschtsch!&#8221;-absendenden Mann um und blaffte ihn an, von welcher Wirkung er eigentlich ausgehe?! Dass ich ihm um den Hals falle?! In meiner Erinnerung grinste er verdutzt und schief, antwortete, dass doch blo\u00df als Kompliment gemeint sei! Ich fluchte ihn kurz an und zog ab.<\/p>\n<p>Doch die Frage bleibt und ist durchaus eine systematische Untersuchung wert: Warum machen M\u00e4nner das?<sup><a href=\"#footnote_1_113586\" id=\"identifier_1_113586\" class=\"footnote-link footnote-identifier-link\" title=\"Wer schon wieder mit not all men kommt, darf zum Beispiel hier klicken.\">1<\/a><\/sup> Das hat die Uni Salzburg getan, hier ein Bericht im <i>Standard<\/i> \u00fcber die Ergebnisse:<br \/>\n<a href=\"https:\/\/www.derstandard.at\/story\/3000000293309\/studie-zu-catcalling-was-maenner-gemeinsam-haben-die-frauen-belaestigen\" target=\"_blank\">&#8220;Studie zu Catcalling: Was M\u00e4nner gemeinsam haben, die Frauen bel\u00e4stigen&#8221;.<\/a><\/p>\n<blockquote><p>\u201eL\u00e4chel doch mal f\u00fcr mich\u201c: Eine neue Studie zeigt, dass Empathielosigkeit und Gef\u00fchlsk\u00e4lte entscheidende Merkmale bei M\u00e4nnern sind, die Catcalling betreiben<\/p><\/blockquote>\n<p>\u00a7<\/p>\n<p>Dass echte Individualit\u00e4t und Unabh\u00e4ngigkeit extrem schwierig sind, wussten wir eh. F\u00fcr <i>netzpolitik.org<\/i> dr\u00f6selt Carla Siepmann auf, worin die Illusion auf Social-Media-Plattformen besteht:<br \/>\n<a href=\"https:\/\/netzpolitik.org\/2025\/breakpoint-individuell-uniform\/\" target=\"_blank\">&#8220;Individuell uniform&#8221;.<\/a><\/p>\n<blockquote><p>Wer in sozialen Medien unterwegs ist, der kann sich jeden Tag eine neue Box aussuchen, in die er hineinpasst oder von der er sich abgrenzen m\u00f6chte: Kleidungstrends werden aufs Genaueste benannt, Verhaltensweisen und Charaktereigenschaften werden kategorisiert, klassifiziert und anderen zur Schau gestellt, damit sie es bewerten. So sollen wir etwa \u201eclean Girls\u201c oder \u201emessy Girls\u201c, Person \u201eType A\u201c oder \u201eType B\u201c sein. Deine Kategorie darfst du dir selbst aussuchen \u2013 solange du dich jener K\u00e4sten bedienst, die bereits existieren.<\/p>\n<p>Diese Kategorien klingen nach Selbstverwirklichung, nach der M\u00f6glichkeit, sich neu zu erfinden. Tats\u00e4chlich aber sind sie Schablonen. Und wer eine Schablone w\u00e4hlt, landet zwangsl\u00e4ufig in der Masse derjenigen, die dieselbe gew\u00e4hlt haben.<\/p><\/blockquote>\n<p>(&#8230;)<\/p>\n<blockquote><p>Wer einen Trend bricht, riskiert Unsichtbarkeit. Der Algorithmus bevorzugt, was schon funktioniert. Also belohnt er Wiederholung, Konformit\u00e4t, Kopie. Und so scrollen wir durch Feeds, in denen dieselben Songs, dieselben Outfits, dieselben Typisierungen endlos variieren, wie ein digitales D\u00e9j\u00e0-vu.<\/p><\/blockquote>\n<p> <img loading=\"lazy\" decoding=\"async\" src=\"https:\/\/vg02.met.vgwort.de\/na\/e75a3a0b3f33491eb5d603ed4801b199\" width=\"1\" height=\"1\" alt=\"\"\/><\/p>\n<ol class=\"footnotes\"><li id=\"footnote_1_113586\" class=\"footnote\">Wer schon wieder mit <i>not all men<\/i> kommt, <a href=\"https:\/\/www.moment.at\/story\/gewalt-gegen-frauen-das-problem-mit-dem-spruch-not-all-men\/\" target=\"_blank\">darf zum Beispiel hier klicken<\/a>.<span class=\"footnote-back-link-wrapper\"> [<a href=\"#identifier_1_113586\" class=\"footnote-link footnote-back-link\">&#8617;<\/a>]<\/span><\/li><\/ol>","protected":false},"excerpt":{"rendered":"<p>Unruhige Nacht wegen des Herbstturms &#8211; mich weckte aber nicht direkt der Wind drau\u00dfen, sondern das laute Knarzen der Kunststoffrahmen meiner Schlafzimmerfenster. Nach dem Aufstehen pflegte ich erstmal Freundschaften und Familienkontakte, bevor ich den Blogpost finalisierte &#8211; und schon wurde die Zeit knapp. Ein Gl\u00fcck, dass die Morgentoilette schnell ging, da ich ja am Vorabend [&hellip;]<\/p>\n","protected":false},"author":2,"featured_media":0,"comment_status":"open","ping_status":"closed","sticky":false,"template":"","format":"standard","meta":{"footnotes":""},"categories":[2,1],"tags":[],"class_list":["post-113586","post","type-post","status-publish","format-standard","hentry","category-fotos","category-general"],"_links":{"self":[{"href":"https:\/\/www.vorspeisenplatte.de\/speisen\/wp-json\/wp\/v2\/posts\/113586","targetHints":{"allow":["GET"]}}],"collection":[{"href":"https:\/\/www.vorspeisenplatte.de\/speisen\/wp-json\/wp\/v2\/posts"}],"about":[{"href":"https:\/\/www.vorspeisenplatte.de\/speisen\/wp-json\/wp\/v2\/types\/post"}],"author":[{"embeddable":true,"href":"https:\/\/www.vorspeisenplatte.de\/speisen\/wp-json\/wp\/v2\/users\/2"}],"replies":[{"embeddable":true,"href":"https:\/\/www.vorspeisenplatte.de\/speisen\/wp-json\/wp\/v2\/comments?post=113586"}],"version-history":[{"count":3,"href":"https:\/\/www.vorspeisenplatte.de\/speisen\/wp-json\/wp\/v2\/posts\/113586\/revisions"}],"predecessor-version":[{"id":114120,"href":"https:\/\/www.vorspeisenplatte.de\/speisen\/wp-json\/wp\/v2\/posts\/113586\/revisions\/114120"}],"wp:attachment":[{"href":"https:\/\/www.vorspeisenplatte.de\/speisen\/wp-json\/wp\/v2\/media?parent=113586"}],"wp:term":[{"taxonomy":"category","embeddable":true,"href":"https:\/\/www.vorspeisenplatte.de\/speisen\/wp-json\/wp\/v2\/categories?post=113586"},{"taxonomy":"post_tag","embeddable":true,"href":"https:\/\/www.vorspeisenplatte.de\/speisen\/wp-json\/wp\/v2\/tags?post=113586"}],"curies":[{"name":"wp","href":"https:\/\/api.w.org\/{rel}","templated":true}]}}