{"id":113627,"date":"2025-10-26T07:53:33","date_gmt":"2025-10-26T06:53:33","guid":{"rendered":"https:\/\/www.vorspeisenplatte.de\/speisen\/?p=113627"},"modified":"2025-10-26T07:53:33","modified_gmt":"2025-10-26T06:53:33","slug":"journal-samstag-25-oktober-2025-herbstbunter-isarlauf-verabredung-in-garmisch","status":"publish","type":"post","link":"https:\/\/www.vorspeisenplatte.de\/speisen\/2025\/10\/journal-samstag-25-oktober-2025-herbstbunter-isarlauf-verabredung-in-garmisch.htm","title":{"rendered":"Journal Samstag, 25. Oktober 2025 &#8211; Herbstbunter Isarlauf, Verabredung in Garmisch"},"content":{"rendered":"<p>Ausgeschlafen, nachts nur einmal von L\u00e4rm vorm Fenster geweckt worden.<\/p>\n<p>Die Verabredung f\u00fcr den Tag hatte sich zu einer Nachmittagsverabredung konkretisiert, ich konnte meinem gro\u00dfen Verlangen nach einer Laufrunde nachkommen. Drau\u00dfen war es immer noch ein wenig windig, am Himmel gemischte Wolken, doch l\u00e4ngere Niederschl\u00e4ge zeichneten sich auf dem Regenradar nicht ab. Also raus in die Herbstbuntheit an der Isar, ich lief ab Wohnhaus \u00fcber Alten S\u00fcdfriedhof auf der Flaucherseite der Isar bis Maria Einsiedel und denselben Weg wieder zur\u00fcck.<\/p>\n<p>Diesmal beschr\u00e4nkte ich mich auf wenig mehr als 80 Minuten &#8211; tats\u00e4chlich weniger wegen Impf (selbst Oberarmschmerz nur bei Ber\u00fchrung), als wegen der Hoffnung auf eine weitere Laufrunde am Sonntagvormittag. Es war herrlich: Der K\u00f6rper spielte gut mit, viele Entgegenjoggende l\u00e4chelten zur\u00fcck, ich bekam ordentlich was zu sehen. Regentropfen nur vereinzelt, am St\u00fcck lediglich ganz am Ende meiner Runde, als es schon egal war.<\/p>\n<p><a href=\"https:\/\/www.vorspeisenplatte.de\/speisen\/archiv\/251025_01_Laufkleidung.jpg\"><img loading=\"lazy\" decoding=\"async\" src=\"https:\/\/www.vorspeisenplatte.de\/speisen\/archiv\/251025_01_Laufkleidung.jpg\" alt=\"\" width=\"178\" height=\"426\" class=\"alignnone size-full wp-image-113636\" \/><\/a><\/p>\n<p>Erster Einsatz Winterlaufhose.<\/p>\n<p><a href=\"https:\/\/www.vorspeisenplatte.de\/speisen\/archiv\/251025_06_AlterSuedfriedhof.jpg\"><img loading=\"lazy\" decoding=\"async\" src=\"https:\/\/www.vorspeisenplatte.de\/speisen\/archiv\/251025_06_AlterSuedfriedhof.jpg\" alt=\"\" width=\"610\" height=\"476\" class=\"alignnone size-full \" \/><\/a><\/p>\n<p><a href=\"https:\/\/www.vorspeisenplatte.de\/speisen\/archiv\/251025_07a_AlterSuedfriedhof.jpg\"><img loading=\"lazy\" decoding=\"async\" src=\"https:\/\/www.vorspeisenplatte.de\/speisen\/archiv\/251025_07a_AlterSuedfriedhof.jpg\" alt=\"\" width=\"450\" height=\"600\" class=\"alignnone size-full wp-image-113639\" \/><\/a><\/p>\n<p><a href=\"https:\/\/www.vorspeisenplatte.de\/speisen\/archiv\/251025_09_Westermuehlbach.jpg\"><img loading=\"lazy\" decoding=\"async\" src=\"https:\/\/www.vorspeisenplatte.de\/speisen\/archiv\/251025_09_Westermuehlbach.jpg\" alt=\"\" width=\"503\" height=\"355\" class=\"alignnone size-full \" \/><\/a><\/p>\n<p><a href=\"https:\/\/www.vorspeisenplatte.de\/speisen\/archiv\/251025_10_Flaucher.jpg\"><img loading=\"lazy\" decoding=\"async\" src=\"https:\/\/www.vorspeisenplatte.de\/speisen\/archiv\/251025_10_Flaucher.jpg\" alt=\"\" width=\"600\" height=\"431\" class=\"alignnone size-full \" \/><\/a><\/p>\n<p><a href=\"https:\/\/www.vorspeisenplatte.de\/speisen\/archiv\/251025_12_Flaucher.jpg\"><img loading=\"lazy\" decoding=\"async\" src=\"https:\/\/www.vorspeisenplatte.de\/speisen\/archiv\/251025_12_Flaucher.jpg\" alt=\"\" width=\"407\" height=\"543\" class=\"alignnone size-full wp-image-113642\" \/><\/a><\/p>\n<p><a href=\"https:\/\/www.vorspeisenplatte.de\/speisen\/archiv\/251025_17_Flaucher.jpg\"><img loading=\"lazy\" decoding=\"async\" src=\"https:\/\/www.vorspeisenplatte.de\/speisen\/archiv\/251025_17_Flaucher.jpg\" alt=\"\" width=\"450\" height=\"600\" class=\"alignnone size-full wp-image-113643\" \/><\/a><\/p>\n<p><a href=\"https:\/\/www.vorspeisenplatte.de\/speisen\/archiv\/251025_19_Flaucher.jpg\"><img loading=\"lazy\" decoding=\"async\" src=\"https:\/\/www.vorspeisenplatte.de\/speisen\/archiv\/251025_19_Flaucher.jpg\" alt=\"\" width=\"620\" height=\"465\" class=\"alignnone size-full \" \/><\/a><\/p>\n<p><a href=\"https:\/\/www.vorspeisenplatte.de\/speisen\/archiv\/251025_20_Flaucher.jpg\"><img loading=\"lazy\" decoding=\"async\" src=\"https:\/\/www.vorspeisenplatte.de\/speisen\/archiv\/251025_20_Flaucher.jpg\" alt=\"\" width=\"423\" height=\"564\" class=\"alignnone size-full wp-image-113646\" \/><\/a><\/p>\n<p><a href=\"https:\/\/www.vorspeisenplatte.de\/speisen\/archiv\/251025_23_MariaEinsiedel.jpg\"><img loading=\"lazy\" decoding=\"async\" src=\"https:\/\/www.vorspeisenplatte.de\/speisen\/archiv\/251025_23_MariaEinsiedel.jpg\" alt=\"\" width=\"545\" height=\"403\" class=\"alignnone size-full \" \/><\/a><\/p>\n<p><a href=\"https:\/\/www.vorspeisenplatte.de\/speisen\/archiv\/251025_26_Thalkirchen.jpg\"><img loading=\"lazy\" decoding=\"async\" src=\"https:\/\/www.vorspeisenplatte.de\/speisen\/archiv\/251025_26_Thalkirchen.jpg\" alt=\"\" width=\"580\" height=\"434\" class=\"alignnone size-full \" \/><\/a><\/p>\n<p><a href=\"https:\/\/www.vorspeisenplatte.de\/speisen\/archiv\/251025_30_Flaucher.jpg\"><img loading=\"lazy\" decoding=\"async\" src=\"https:\/\/www.vorspeisenplatte.de\/speisen\/archiv\/251025_30_Flaucher.jpg\" alt=\"\" width=\"600\" height=\"426\" class=\"alignnone size-full \" \/><\/a><\/p>\n<p>Es wurde in der Isar geschwommen.<\/p>\n<p><a href=\"https:\/\/www.vorspeisenplatte.de\/speisen\/archiv\/251025_31a_Flaucher.jpg\"><img loading=\"lazy\" decoding=\"async\" src=\"https:\/\/www.vorspeisenplatte.de\/speisen\/archiv\/251025_31a_Flaucher.jpg\" alt=\"\" width=\"410\" height=\"547\" class=\"alignnone size-full wp-image-113651\" \/><\/a><\/p>\n<p>Der Buchen-K\u00f6nigin steht der Oktober gut.<\/p>\n<p><a href=\"https:\/\/www.vorspeisenplatte.de\/speisen\/archiv\/251025_33_AlterSuedfriedhof.jpg\"><img loading=\"lazy\" decoding=\"async\" src=\"https:\/\/www.vorspeisenplatte.de\/speisen\/archiv\/251025_33_AlterSuedfriedhof.jpg\" alt=\"\" width=\"430\" height=\"573\" class=\"alignnone size-full wp-image-113652\" \/><\/a><\/p>\n<p>Auf dem Alten S\u00fcdfriedhof waren auffallend viele Grabsteine umgelegt, abgesperrt, zum Abtransport f\u00fcr die Renovierung (?) bereit &#8211; ich nehme an, das sind Sp\u00e4tfolgen der gro\u00dfen Baustelle im Sommer: <a href=\"https:\/\/www.sueddeutsche.de\/muenchen\/muenchen-alter-suedfriedhof-stadtwerke-li.3206506\" target=\"_blank\">Die Stadt M\u00fcnchen hatte eine Stromtrasse quer durch den Friedhof gelegt.<\/a><\/p>\n<p>Die Nachmittagsverabredung f\u00fchrte Herrn Kaltmamsell und mich nach Garmisch-Partenkirchen: Dort urlaubt gerade eine nahestehende Bloggerin aus Weiter-weg-Deutschland, und wir waren vor ein paar Monaten auf die Idee gekommen, diesen Aufenthalt f\u00fcr ein Treffen zu nutzen. Im M\u00fcnchner Hauptbahnhofsfragment holte ich mir f\u00fcr die Fahrt einen Mittagscappuccino. Jetzt war das Wetter richtig greislich geworden, die Ausblicke auf der Strecke aus dem Zugfenster, sonst durchaus atemberaubend sp\u00e4testens ab Starnberg, blieben &#8211; haha &#8211; \u00fcberschaubar. Und wir lernten: Mehrmin\u00fctige Versp\u00e4tungen werden schon gar nicht mehr angesagt, bis zu gesch\u00e4tzt zehn Minuten werden sie als gegeben vorausgesetzt.<\/p>\n<p>Garmisch hatte ich seit meinem Krankenhaus-Aufenthalt f\u00fcr die H\u00fcft-TEP nicht mehr besucht, im Regen spazierten wir aber ohne Umwege zum Treffpunkt in einem Traditionscaf\u00e9. Zu gro\u00dfem Hallo und Wiedersehensfreude (ich hatte die Bloggerin bereits vorher im Rahmen einer re:publica pers\u00f6nlich getroffen) bestellte ich mir zum Fr\u00fchst\u00fcck Torte und freute mich daran. Gespr\u00e4che unter anderem sehr informativ \u00fcber konkreten Einsatz von Large Language Models in der Arbeitswelt, wo ich sie nicht vermutet h\u00e4tte. Und ich bekam wertvolle Tipps f\u00fcr eine m\u00f6gliche Oktoberfestflucht in die Pfalz.<\/p>\n<p>Auch den R\u00fcckweg zum Bahnhof legten wir direkt, das Wetter machte weiterhin keine Lust auf Besichtigung vertrauter Anblicke.<\/p>\n<p><a href=\"https:\/\/www.vorspeisenplatte.de\/speisen\/archiv\/251025_34_Garmisch.jpg\"><img loading=\"lazy\" decoding=\"async\" src=\"https:\/\/www.vorspeisenplatte.de\/speisen\/archiv\/251025_34_Garmisch.jpg\" alt=\"\" width=\"570\" height=\"506\" class=\"alignnone size-full \" \/><\/a><\/p>\n<p>Ereignislose R\u00fcckfahrt, ich a\u00df schonmal zwei Ernteanteil-\u00c4pfelchen, denn das Abendessen w\u00fcrde sp\u00e4t werden: Daheim machte sich Herr Kaltmamsell umgehend daran, eine Stunde sp\u00e4ter gab es tomatige Pasta e fagioli, dazu Pf\u00e4lzer Wei\u00dfburgunder (vorher zur Hunger\u00fcberbr\u00fcckung arabische Salzn\u00fcsschen). Nachtisch Kekse und Schokolade. Wir waren beide sehr m\u00fcde, gingen fr\u00fch ins Bett.<\/p>\n<p>\u00a7<\/p>\n<p>Im hohen Alter wird manches schwierig, und manche Menschen werden besonders schwierig. Ein Problem kann entstehen im Konflikt zwischen Selbstbestimmung und Pflege, wie aktuell ein Gerichtsverfahren in \u00d6sterreich zeigt.<br \/>\n<a href=\"https:\/\/www.derstandard.at\/story\/3000000293555\/vernachlaessigungsprozess-gegen-drei-heimhelfer-die-80-jaehrige-nicht-wuschen\" target=\"_blank\">&#8220;Vernachl\u00e4ssigungsprozess gegen drei Heimhelfer, die 80-J\u00e4hrige nicht wuschen&#8221;.<\/a><\/p>\n<blockquote><p>Drei Angestellte eines privaten Vereins sollen eine Pensionistin nicht ausreichend unterst\u00fctzt haben, sodass sie ins Krankenhaus musste. Die Angeklagten sagen, die Frau wollte keine Hilfe<\/p><\/blockquote>\n<p>Ich empfehle auch die informativen Kommentare mit weiteren Beispielen. <img loading=\"lazy\" decoding=\"async\" src=\"https:\/\/vg02.met.vgwort.de\/na\/6ba06696d5d44bf49f5be77699c0cf1b\" width=\"1\" height=\"1\" alt=\"\"\/><\/p>\n","protected":false},"excerpt":{"rendered":"<p>Ausgeschlafen, nachts nur einmal von L\u00e4rm vorm Fenster geweckt worden. Die Verabredung f\u00fcr den Tag hatte sich zu einer Nachmittagsverabredung konkretisiert, ich konnte meinem gro\u00dfen Verlangen nach einer Laufrunde nachkommen. Drau\u00dfen war es immer noch ein wenig windig, am Himmel gemischte Wolken, doch l\u00e4ngere Niederschl\u00e4ge zeichneten sich auf dem Regenradar nicht ab. Also raus in [&hellip;]<\/p>\n","protected":false},"author":2,"featured_media":0,"comment_status":"open","ping_status":"closed","sticky":false,"template":"","format":"standard","meta":{"footnotes":""},"categories":[1],"tags":[],"class_list":["post-113627","post","type-post","status-publish","format-standard","hentry","category-general"],"_links":{"self":[{"href":"https:\/\/www.vorspeisenplatte.de\/speisen\/wp-json\/wp\/v2\/posts\/113627","targetHints":{"allow":["GET"]}}],"collection":[{"href":"https:\/\/www.vorspeisenplatte.de\/speisen\/wp-json\/wp\/v2\/posts"}],"about":[{"href":"https:\/\/www.vorspeisenplatte.de\/speisen\/wp-json\/wp\/v2\/types\/post"}],"author":[{"embeddable":true,"href":"https:\/\/www.vorspeisenplatte.de\/speisen\/wp-json\/wp\/v2\/users\/2"}],"replies":[{"embeddable":true,"href":"https:\/\/www.vorspeisenplatte.de\/speisen\/wp-json\/wp\/v2\/comments?post=113627"}],"version-history":[{"count":3,"href":"https:\/\/www.vorspeisenplatte.de\/speisen\/wp-json\/wp\/v2\/posts\/113627\/revisions"}],"predecessor-version":[{"id":113657,"href":"https:\/\/www.vorspeisenplatte.de\/speisen\/wp-json\/wp\/v2\/posts\/113627\/revisions\/113657"}],"wp:attachment":[{"href":"https:\/\/www.vorspeisenplatte.de\/speisen\/wp-json\/wp\/v2\/media?parent=113627"}],"wp:term":[{"taxonomy":"category","embeddable":true,"href":"https:\/\/www.vorspeisenplatte.de\/speisen\/wp-json\/wp\/v2\/categories?post=113627"},{"taxonomy":"post_tag","embeddable":true,"href":"https:\/\/www.vorspeisenplatte.de\/speisen\/wp-json\/wp\/v2\/tags?post=113627"}],"curies":[{"name":"wp","href":"https:\/\/api.w.org\/{rel}","templated":true}]}}