{"id":113679,"date":"2025-10-28T06:26:00","date_gmt":"2025-10-28T05:26:00","guid":{"rendered":"https:\/\/www.vorspeisenplatte.de\/speisen\/?p=113679"},"modified":"2025-10-28T06:27:17","modified_gmt":"2025-10-28T05:27:17","slug":"journal-montag-27-oktober-2025-eigentlich-nichts-erwaehnenswertes","status":"publish","type":"post","link":"https:\/\/www.vorspeisenplatte.de\/speisen\/2025\/10\/journal-montag-27-oktober-2025-eigentlich-nichts-erwaehnenswertes.htm","title":{"rendered":"Journal Montag, 27. Oktober 2025 &#8211; Eigentlich nichts Erw\u00e4hnenswertes"},"content":{"rendered":"<p>Eher unruhige Nacht, wieder st\u00f6rte meinen Schlaf das Knarzen der Fensterrahmen im Herbstwind (der heftig wehte, aber nicht zerst\u00f6rerisch st\u00fcrmisch). Zum Gl\u00fcck schlief ich jedesmal schnell wieder ein.<\/p>\n<p>Das Sauwetter mit Wind und Regen verhinderte, dass ich die nach Zeitumstellung theoretische Zusatzstunde Helligkeit am Morgen auskosten konnte, es war einfach d\u00fcster.<\/p>\n<p>Erste Leistung des Tages im B\u00fcro: Aus dem Tsunami an Auftr\u00e4gen, die \u00fcbers Wochenende in meinem Berufspostfach ankamen, NICHT sofort die ersten angepackt, sondern ERST alle Mails bis in die Gegenwart gelesen &#8211; falls Auftragdetails sp\u00e4ter ge\u00e4ndert wurden oder sich ganze hochdringliche Bitten bereits erledigt hatten.<br \/>\n(Vielleicht doch lernf\u00e4hig?)<\/p>\n<p>Trotz des gr\u00e4sslichen Drau\u00dfens ging ich raus auf einen Mittagscappuccino, den Schirm gegen den Wind gestemmt, der die Regentropfen vor sich her trieb, Bl\u00e4tterhaufen und Pf\u00fctzen \u00fcbersteigend.<\/p>\n<p>Verz\u00f6gertes Mittagessen, weil ich bei einem Termin auf Abruf war, erst sp\u00e4t gab es Ernteanteil-\u00c4pfelchen sowie Mango mit Sojajoghurt. Ohnehin hatte ich auch abseits des Morgen-Tsunamis sehr viel zu tun, eher unerwartet f\u00fcr einen Montag.<\/p>\n<p>Das Wetter drau\u00dfen blieb regnerisch und windig, nach Feierabend stemmte ich dem wieder den Schirm entgegen. Mein erstes Ziel war Aldi, denn unsere S\u00fc\u00dfigkeitenbest\u00e4nde mussten dringend aufgestockt werden. Ab dann konnte ich meinen Schirm stecken lassen: Regenpause. Kurzer Abstecher zum Vollcorner, in K\u00e4lte ging ich heim, die meisten Menschen waren bereits mit M\u00fctze unterwegs.<\/p>\n<p>Zu Hause erwartete mich eine Crowdfarming-Lieferung Mangos und Avocados, diesmal war wirklich alles glatt gegangen, zum ersten Mal lagen auch zwei bereits essreife Avocados im Paket. Yoga, Brotzeitvorbereitung, als Nachtmahl servierte Herr Kaltmamsell die mexikanische Ochsenschwanz-Sauce vom Sonntag mit frischem Kartoffelp\u00fc (gro\u00dfartig!) und Erbsen.<\/p>\n<p><a href=\"https:\/\/www.vorspeisenplatte.de\/speisen\/archiv\/251027_05_Nachtmahl.jpg\"><img loading=\"lazy\" decoding=\"async\" src=\"https:\/\/www.vorspeisenplatte.de\/speisen\/archiv\/251027_05_Nachtmahl.jpg\" alt=\"\" width=\"444\" height=\"333\" class=\"alignnone size-full wp-image-113688\" \/><\/a><\/p>\n<p>Im Fernsehen lie\u00dfen wir einen alten Maigret-Film mit Jean Gabin laufen, den ich immer gern sehe. Sehr fr\u00fch ins Bett zum Lesen, Michaela Murgia, Julika Brandestini (\u00dcbers.), <i>Accabadora<\/i> liest sich gut weg. <img loading=\"lazy\" decoding=\"async\" src=\"https:\/\/vg02.met.vgwort.de\/na\/eabcc763d08c49f086631b7ff30e629e\" width=\"1\" height=\"1\" alt=\"\"\/><\/p>\n","protected":false},"excerpt":{"rendered":"<p>Eher unruhige Nacht, wieder st\u00f6rte meinen Schlaf das Knarzen der Fensterrahmen im Herbstwind (der heftig wehte, aber nicht zerst\u00f6rerisch st\u00fcrmisch). Zum Gl\u00fcck schlief ich jedesmal schnell wieder ein. Das Sauwetter mit Wind und Regen verhinderte, dass ich die nach Zeitumstellung theoretische Zusatzstunde Helligkeit am Morgen auskosten konnte, es war einfach d\u00fcster. Erste Leistung des Tages [&hellip;]<\/p>\n","protected":false},"author":2,"featured_media":0,"comment_status":"open","ping_status":"closed","sticky":false,"template":"","format":"standard","meta":{"footnotes":""},"categories":[1],"tags":[],"class_list":["post-113679","post","type-post","status-publish","format-standard","hentry","category-general"],"_links":{"self":[{"href":"https:\/\/www.vorspeisenplatte.de\/speisen\/wp-json\/wp\/v2\/posts\/113679","targetHints":{"allow":["GET"]}}],"collection":[{"href":"https:\/\/www.vorspeisenplatte.de\/speisen\/wp-json\/wp\/v2\/posts"}],"about":[{"href":"https:\/\/www.vorspeisenplatte.de\/speisen\/wp-json\/wp\/v2\/types\/post"}],"author":[{"embeddable":true,"href":"https:\/\/www.vorspeisenplatte.de\/speisen\/wp-json\/wp\/v2\/users\/2"}],"replies":[{"embeddable":true,"href":"https:\/\/www.vorspeisenplatte.de\/speisen\/wp-json\/wp\/v2\/comments?post=113679"}],"version-history":[{"count":3,"href":"https:\/\/www.vorspeisenplatte.de\/speisen\/wp-json\/wp\/v2\/posts\/113679\/revisions"}],"predecessor-version":[{"id":113692,"href":"https:\/\/www.vorspeisenplatte.de\/speisen\/wp-json\/wp\/v2\/posts\/113679\/revisions\/113692"}],"wp:attachment":[{"href":"https:\/\/www.vorspeisenplatte.de\/speisen\/wp-json\/wp\/v2\/media?parent=113679"}],"wp:term":[{"taxonomy":"category","embeddable":true,"href":"https:\/\/www.vorspeisenplatte.de\/speisen\/wp-json\/wp\/v2\/categories?post=113679"},{"taxonomy":"post_tag","embeddable":true,"href":"https:\/\/www.vorspeisenplatte.de\/speisen\/wp-json\/wp\/v2\/tags?post=113679"}],"curies":[{"name":"wp","href":"https:\/\/api.w.org\/{rel}","templated":true}]}}