{"id":114537,"date":"2025-11-28T06:35:31","date_gmt":"2025-11-28T05:35:31","guid":{"rendered":"https:\/\/www.vorspeisenplatte.de\/speisen\/?p=114537"},"modified":"2025-11-28T15:20:08","modified_gmt":"2025-11-28T14:20:08","slug":"journal-donnerstag-27-november-2025-launeverhagelung-aber-buergerversammlung","status":"publish","type":"post","link":"https:\/\/www.vorspeisenplatte.de\/speisen\/2025\/11\/journal-donnerstag-27-november-2025-launeverhagelung-aber-buergerversammlung.htm","title":{"rendered":"Journal Donnerstag, 27. November 2025 &#8211; Launeverhagelung, aber B\u00fcrgerversammlung"},"content":{"rendered":"<p>Erster Gedanke bei Weckerklingeln nach gutem Nachtschlaf: Erst Donnerstag.<\/p>\n<p>Noch ein d\u00fcsterer Morgen, aber dieser war trocken.<\/p>\n<p>Auf den Rhythmus des Arbeitswegs in Luftlinie \u00fcber die Theresienwiese muss ich mich erst wieder einstellen, freute mich aber bereits \u00fcber den weiten Blick.<\/p>\n<p><a href=\"https:\/\/www.vorspeisenplatte.de\/speisen\/archiv\/251127_03_Theresienwiese.jpg\"><img loading=\"lazy\" decoding=\"async\" src=\"https:\/\/www.vorspeisenplatte.de\/speisen\/archiv\/251127_03_Theresienwiese.jpg\" alt=\"\" width=\"584\" height=\"478\" class=\"alignnone size-full \" \/><\/a><\/p>\n<p><a href=\"https:\/\/www.vorspeisenplatte.de\/speisen\/archiv\/251127_04_Theresienwiese.jpg\"><img loading=\"lazy\" decoding=\"async\" src=\"https:\/\/www.vorspeisenplatte.de\/speisen\/archiv\/251127_04_Theresienwiese.jpg\" alt=\"\" width=\"580\" height=\"321\" class=\"alignnone size-full \" \/><\/a><\/p>\n<p>Auf dem Winter-Tollwood die wirklich ambitionierten Craft-Projekte.<\/p>\n<p>Arbeitsstart auch nach Sichtung des E-Mail-Postfachs wie geplant.<\/p>\n<p>Leider verhagelte mir dann etwas die Arbeitslaune, was ich hatte kommen sehen, wogegen ich Mittel ergriffen hatte, was dennoch in einem Ausma\u00df schief ging, dass ich die Fassung verlor und ein Beinausrei\u00dfen f\u00fcrs Retten komplett verweigerte. Was mich genauso ungl\u00fccklich und w\u00fctend machte, wie es das Beinausrei\u00dfen bewirkt h\u00e4tte. (Hoffentlich nicht so lang?) Plus Wut-Kopfweh.<\/p>\n<p>Da ich mich vor Wut eh nicht konzentrieren konnte, rannte ich raus auf einen Mittagscappuccino. Bei R\u00fcckkehr hatte ich mich etwas beruhigt und konnte meinen eigentlichen Job f\u00fcr gestern wieder aufnehmen.<\/p>\n<p>Mittagessen: Apfel, Banane, H\u00fcttenk\u00e4se.<\/p>\n<p>Nachmittags kam die Sonne raus, ich sah sogar noch blauen Himmel, bevor es fr\u00fch Nacht wurde. Der innere Wutausbruch hinterlie\u00df gro\u00dfe Kraftlosigkeit, ich musste mich zum N\u00f6tigsten zwingen. Abends fand die j\u00e4hrliche B\u00fcrgerversammlung meines Stadtbezirks 2 Ludwigsvorstadt-Isarvorstadt statt, nach zwei Jahren Pause hatte ich fest vor teilzunehmen. Jetzt schwankte ich, weil ich einen Termin-Job nicht abgeschlossen hatte. Doch dann beschloss ich, dass dieser Schei\u00dftag mich nicht auch noch von Dingen abhalten sollte, die mein eigentliches Leben ausmachten (au\u00dferdem hatte Herr Kaltmamsell diesmal sein Mitkommen angek\u00fcndigt) und verschob die Erledigung auf Freitagfr\u00fch.<\/p>\n<p><a href=\"https:\/\/www.vorspeisenplatte.de\/speisen\/archiv\/251127_09_Verkehrsmuseum.jpg\"><img loading=\"lazy\" decoding=\"async\" src=\"https:\/\/www.vorspeisenplatte.de\/speisen\/archiv\/251127_09_Verkehrsmuseum.jpg\" alt=\"\" width=\"600\" height=\"372\" class=\"alignnone size-full \" \/><\/a><\/p>\n<p>Ohne Eink\u00e4ufe direkt \u00fcber Theresienwiese nach Hause, dieser R\u00fcckweg f\u00fchrte mich an dem Mini-Christkindlmarkt am Bavariapark vorbei.<\/p>\n<p>Daheim schnelles Brotzeitvorbereiten, Herr Kaltmamsell hatte aus eben abgeholten Ernteanteil-Karotten ein Kokos-Curry gekocht, das er mit Reis servierte (sehr gut!), dann machten wir uns z\u00fcgig zur B\u00fcrgerversammlung in der Turnhalle einer Schule beim G\u00e4rtnerplatz auf.<\/p>\n<p><a href=\"https:\/\/www.vorspeisenplatte.de\/speisen\/archiv\/251127_10_Buergerversammlung.jpg\"><img loading=\"lazy\" decoding=\"async\" src=\"https:\/\/www.vorspeisenplatte.de\/speisen\/archiv\/251127_10_Buergerversammlung.jpg\" alt=\"\" width=\"363\" height=\"435\" class=\"alignnone size-full wp-image-114553\" \/><\/a><\/p>\n<p><a href=\"https:\/\/www.vorspeisenplatte.de\/speisen\/archiv\/251127_12_Buergerversammlung.jpg\"><img loading=\"lazy\" decoding=\"async\" src=\"https:\/\/www.vorspeisenplatte.de\/speisen\/archiv\/251127_12_Buergerversammlung.jpg\" alt=\"\" width=\"333\" height=\"444\" class=\"alignnone size-full wp-image-114554\" \/><\/a><\/p>\n<p>Details erz\u00e4hle ich morgen, doch es war wieder so! wert, diesen Einblick in meine Nachbarschaft und in M\u00fcnchner Stadtverwaltung zu bekommen. Gegen Ende wurde mir aus einer Antwort aus dem Mobilit\u00e4tsreferat der Fachbegriff &#8220;freilaufende Rechtsabbieger&#8221; geschenkt, von der ohnehin sensationellen Isabel Strehle, Leiterin des Gesch\u00e4ftsbereichs Verkehrs- und Bezirksmanagement &#8211; aus deren Stellungnahmen ich auch sonst sehr viel lernte.<\/p>\n<p>Um halb elf waren wir zur\u00fcck daheim, vor so viel Input und Aufgekratztheit konnte ich allerdings lange nicht einschlafen.<\/p>\n<p>\u00a7<\/p>\n<p>Interessanter Statusreport in der <i>Zeit<\/i> \u00fcber Frauen in F\u00fchrungspositionen in der deutschen Wirtschaft:<br \/>\n<a href=\"https:\/\/www.zeit.de\/arbeit\/2025-11\/frauen-fuehrungspositionen-gleichberechtigung-karriere-chefinnen-frauenquote\/komplettansicht\" target=\"_blank\">&#8220;Wozu der Stress f\u00fcr 300 Euro mehr?&#8221;<\/a><\/p>\n<p>via <a href=\"https:\/\/blog.vanessagiese.de\/2025\/11\/26\/am-rande-des-jahres\/\" target=\"_blank\">Drau\u00dfen nur K\u00e4nnchen<\/a><\/p>\n<p>Ein selten angesprochener Aspekt:<\/p>\n<blockquote><p>Sie ist nicht die Einzige, die auf ein weiteres Karriereproblem von Frauen neben Kindern hinweist. &#8220;Viele Frauen wissen, wie wichtig ein Treffen mit den Chefs sein kann, haben aber Angst, dass dadurch ein falscher Eindruck entsteht&#8221;, sagt Karin Heinzl, die das Frauennetzwerk MentorMe gegr\u00fcndet hat. F\u00fcr ihren Job spricht Heinzl oft mit Mitarbeiterinnen verschiedener Unternehmen, die sich fragen, wie sie aufsteigen k\u00f6nnen. Immer wieder w\u00fcrden sie ihr berichten, dass die entscheidenden Gespr\u00e4che in Restaurants oder Bars gef\u00fchrt w\u00fcrden. &#8220;Aber eine Frau, die ihren Chef nach Feierabend auf ein Glas Wein trifft? Das hat f\u00fcr viele einen unangenehmen Beigeschmack.&#8221; Bei einer Bef\u00f6rderung bek\u00e4men dann h\u00e4ufig die M\u00e4nner den Job, die kein Treffen verpassen. &#8220;Der Chef pr\u00e4feriert jemanden, dem er bereits vertraut&#8221;, sagt Heinzl. &#8220;Offen kommuniziert wird das nicht.&#8221;<\/p><\/blockquote>\n<p>Ich denke da an Zeiten meines fr\u00fcheren Lebens, in denen ich Chef und m\u00e4nnlichen Vize regelm\u00e4\u00dfig zusammen auf ein Bierchen verschwinden sah. Da dachte ich mir zwar auch irgendwann <i>Get a room<\/i>, aber mit einer weiblichen Vize w\u00e4re das komplett undenkbar gewesen.<\/p>\n<p>\u00a7<\/p>\n<p>Bosetti \u00fcber Konstantin Wecker und Macht. Die zweite H\u00e4lfte, in der sie generell vor B\u00fchnenmenschen warnt (sich selbst eingeschlossen), ist das eigentlich Kluge dieser Folge.<\/p>\n<div class=\"video-wrapped\" style=\"width: 500px; height: 281px; background-image: url('https:\/\/www.vorspeisenplatte.de\/speisen\/wp-content\/plugins\/video-embed-privacy\/preview\/Djz9q-Rfc-I.jpg')\" data-embed-frame=\"&lt;iframe title=&quot;Konstantin Wecker \u2013 der m\u00e4chtige Mann und die 15-J\u00e4hrige | Bosetti will reden!&quot; width=&quot;500&quot; height=&quot;281&quot; src=&quot;https:\/\/www.youtube.com\/embed\/Djz9q-Rfc-I?feature=oembed&quot; frameborder=&quot;0&quot; allow=&quot;accelerometer; autoplay; clipboard-write; encrypted-media; gyroscope; picture-in-picture; web-share&quot; referrerpolicy=&quot;strict-origin-when-cross-origin&quot; allowfullscreen&gt;&lt;\/iframe&gt;\" data-embed-play=\"Abspielen&lt;div class=&quot;small&quot;&gt;Das Video wird von Youtube eingebettet abespielt. Es gilt die &lt;a href=&quot;https:\/\/www.google.com\/intl\/de\/policies\/privacy\/&quot; target=&quot;_blank&quot;&gt;Datenschutzerkl\u00e4rung von Google&lt;\/a&gt;&lt;\/div&gt;\">\n<div class=\"video-wrapped-nojs\">Aktivieren Sie JavaScript um das Video zu sehen.<br \/><a href=\"https:\/\/youtu.be\/Djz9q-Rfc-I?si=ipRGLpALqfa-bX3L\">https:\/\/youtu.be\/Djz9q-Rfc-I?si=ipRGLpALqfa-bX3L<\/a><\/div>\n<\/div>\n<p><img loading=\"lazy\" decoding=\"async\" src=\"https:\/\/vg02.met.vgwort.de\/na\/001f67b467444060bbcfc5ac2f3d4309\" width=\"1\" height=\"1\" alt=\"\"\/><\/p>\n","protected":false},"excerpt":{"rendered":"<p>Erster Gedanke bei Weckerklingeln nach gutem Nachtschlaf: Erst Donnerstag. Noch ein d\u00fcsterer Morgen, aber dieser war trocken. Auf den Rhythmus des Arbeitswegs in Luftlinie \u00fcber die Theresienwiese muss ich mich erst wieder einstellen, freute mich aber bereits \u00fcber den weiten Blick. Auf dem Winter-Tollwood die wirklich ambitionierten Craft-Projekte. Arbeitsstart auch nach Sichtung des E-Mail-Postfachs wie [&hellip;]<\/p>\n","protected":false},"author":2,"featured_media":0,"comment_status":"open","ping_status":"closed","sticky":false,"template":"","format":"standard","meta":{"footnotes":""},"categories":[2,1],"tags":[],"class_list":["post-114537","post","type-post","status-publish","format-standard","hentry","category-fotos","category-general"],"_links":{"self":[{"href":"https:\/\/www.vorspeisenplatte.de\/speisen\/wp-json\/wp\/v2\/posts\/114537","targetHints":{"allow":["GET"]}}],"collection":[{"href":"https:\/\/www.vorspeisenplatte.de\/speisen\/wp-json\/wp\/v2\/posts"}],"about":[{"href":"https:\/\/www.vorspeisenplatte.de\/speisen\/wp-json\/wp\/v2\/types\/post"}],"author":[{"embeddable":true,"href":"https:\/\/www.vorspeisenplatte.de\/speisen\/wp-json\/wp\/v2\/users\/2"}],"replies":[{"embeddable":true,"href":"https:\/\/www.vorspeisenplatte.de\/speisen\/wp-json\/wp\/v2\/comments?post=114537"}],"version-history":[{"count":3,"href":"https:\/\/www.vorspeisenplatte.de\/speisen\/wp-json\/wp\/v2\/posts\/114537\/revisions"}],"predecessor-version":[{"id":114577,"href":"https:\/\/www.vorspeisenplatte.de\/speisen\/wp-json\/wp\/v2\/posts\/114537\/revisions\/114577"}],"wp:attachment":[{"href":"https:\/\/www.vorspeisenplatte.de\/speisen\/wp-json\/wp\/v2\/media?parent=114537"}],"wp:term":[{"taxonomy":"category","embeddable":true,"href":"https:\/\/www.vorspeisenplatte.de\/speisen\/wp-json\/wp\/v2\/categories?post=114537"},{"taxonomy":"post_tag","embeddable":true,"href":"https:\/\/www.vorspeisenplatte.de\/speisen\/wp-json\/wp\/v2\/tags?post=114537"}],"curies":[{"name":"wp","href":"https:\/\/api.w.org\/{rel}","templated":true}]}}