{"id":114558,"date":"2025-11-29T09:23:49","date_gmt":"2025-11-29T08:23:49","guid":{"rendered":"https:\/\/www.vorspeisenplatte.de\/speisen\/?p=114558"},"modified":"2025-11-29T16:11:04","modified_gmt":"2025-11-29T15:11:04","slug":"journal-freitag-28-november-2025-wintersonne-details-der-buergerversammlung","status":"publish","type":"post","link":"https:\/\/www.vorspeisenplatte.de\/speisen\/2025\/11\/journal-freitag-28-november-2025-wintersonne-details-der-buergerversammlung.htm","title":{"rendered":"Journal Freitag, 28. November 2025 &#8211; Wintersonne, Details der B\u00fcrgerversammlung"},"content":{"rendered":"<p>Deutlich sp\u00e4ter als sonst eingeschlafen, eine Stunde zu fr\u00fch aufgewacht, von Arbeitssorgen gequ\u00e4lt.<\/p>\n<p>Weg in die Arbeit mit Stimmung zum Heulen. Man schrumpft mit seinen Aufgaben.<\/p>\n<p><a href=\"https:\/\/www.vorspeisenplatte.de\/speisen\/archiv\/251128_02_Theresienwiese.jpg\"><img loading=\"lazy\" decoding=\"async\" src=\"https:\/\/www.vorspeisenplatte.de\/speisen\/archiv\/251128_02_Theresienwiese.jpg\" alt=\"\" width=\"590\" height=\"377\" class=\"alignnone size-full \" \/><\/a><\/p>\n<p><a href=\"https:\/\/www.vorspeisenplatte.de\/speisen\/archiv\/251128_03_Bavariapark.jpg\"><img loading=\"lazy\" decoding=\"async\" src=\"https:\/\/www.vorspeisenplatte.de\/speisen\/archiv\/251128_03_Bavariapark.jpg\" alt=\"\" width=\"445\" height=\"561\" class=\"alignnone size-full wp-image-114586\" \/><\/a><\/p>\n<p>Gleichzeitig sch\u00f6ner Marsch unter erblauendem Himmel und aufgehender Sonne, auf dem Boden dekorativer Frost, in der Luft leise klirrende K\u00e4lte. <a href=\"https:\/\/mastodon.social\/@sundogplanets\/115622845866468792\" target=\"_blank\">(Aber andere hatten h\u00fcbscheren Frost.)<\/a><\/p>\n<p>Im B\u00fcro stellte sich heraus, dass Heuli-Stimmung fast ebenso Konzentrations-hinderlich ist wie Wut &#8211; letzteres kann ich zumindest wegrennen, doch gegen ersteres war halt keine Zeit f\u00fcr Verkriechen unter Bettdecke.<\/p>\n<p><a href=\"https:\/\/www.vorspeisenplatte.de\/speisen\/archiv\/251128_06_Buerohausblick.jpg\"><img loading=\"lazy\" decoding=\"async\" src=\"https:\/\/www.vorspeisenplatte.de\/speisen\/archiv\/251128_06_Buerohausblick.jpg\" alt=\"\" width=\"600\" height=\"421\" class=\"alignnone size-full \" \/><\/a><\/p>\n<p>Ich schaffte den vom Vorabend aufgeschobenen Job, einen Dienstgang raus (Sonne! klare Luft!), weitere Jobs. Mittagscappuccino im Westend (Sonne! klare Luft!).<\/p>\n<p><a href=\"https:\/\/www.vorspeisenplatte.de\/speisen\/archiv\/251128_10_Stray.jpg\"><img loading=\"lazy\" decoding=\"async\" src=\"https:\/\/www.vorspeisenplatte.de\/speisen\/archiv\/251128_10_Stray.jpg\" alt=\"\" width=\"338\" height=\"464\" class=\"alignnone size-full wp-image-114588\" \/><\/a><\/p>\n<p>Mittags ging&#8217;s mir besser, ich a\u00df Mango mit Sojajoghurt, Apfel, Persimon. Gleich nach dem letzten L\u00f6ffel voll ereilte mich die n\u00e4chste Hiobsbotschaft zum Fiasko von Donnerstag, jetzt zog es noch weitere Kreise. Zum Gl\u00fcck sprang mir jemand zu Hilfe, doch ich muss mir eine langfristige L\u00f6sung \u00fcberlegen.<\/p>\n<p>Auch nachmittags schien die Sonne, au\u00dferdem bekam ich ordentlich was weggeschafft.<\/p>\n<p>Freitagsp\u00fcnktlicher Feierabend, auf dem Heimweg Eink\u00e4ufe im Vollcorner &#8211; darunter weiterhin keine Meyer Lemons. Wei\u00df jemand, was dieses Jahr los ist? In den Vorjahren tauchten sie in der ersten Novemberh\u00e4lfte auf, dieses Jahr bekam Herr Kaltmamsell Ende November nicht mal am Vikutalienmarkt welche. Au\u00dferdem holte ich Abendessen im Verdi und einem weiteren Laden in der Landwehrstra\u00dfe.<\/p>\n<p>Daheim Vorbereitung der Rosinen f\u00fcrs Stollenbacken, Teil 2 am Samstag, dann eine Einheit Yoga, die sehr gut tat.<\/p>\n<p><a href=\"https:\/\/www.vorspeisenplatte.de\/speisen\/archiv\/251128_12_Cosmopolitans.jpg\"><img loading=\"lazy\" decoding=\"async\" src=\"https:\/\/www.vorspeisenplatte.de\/speisen\/archiv\/251128_12_Cosmopolitans.jpg\" alt=\"\" width=\"456\" height=\"306\" class=\"alignnone size-full wp-image-114589\" \/><\/a><\/p>\n<p>Feier des Wochenendes mit Cosmopolitans (mir war nach etwas, was umgehend richtig reinknallen w\u00fcrde) und arabischen W\u00fcrzn\u00fcsschen.<\/p>\n<p><a href=\"https:\/\/www.vorspeisenplatte.de\/speisen\/archiv\/251128_14_Nachtmahl.jpg\"><img loading=\"lazy\" decoding=\"async\" src=\"https:\/\/www.vorspeisenplatte.de\/speisen\/archiv\/251128_14_Nachtmahl.jpg\" alt=\"\" width=\"363\" height=\"484\" class=\"alignnone size-full wp-image-114590\" \/><\/a><\/p>\n<p>Zum Nachtmahl briet ich Doraden &#8211; wie geht bitte der Trick, dass beim Anbraten in der beschichteten Pfanne die Haut beim Wenden <i>nicht<\/i> am Pfannenboden kleben bleibt? Ich habe bereits verschiedene Erhitzungsgrade und \u00d6lmengen ausprobiert. Herr Kaltmamsell hatte dazu Salzkartoffeln gekocht, im Glas ein geschenkter fr\u00e4nkischer Silvaner May Langenberg Alte Reben &#8211; der sich mit nur wenig Luft sehr interessant entwickelte, eine sch\u00f6ne Entdeckung.<\/p>\n<p>Nachtisch Panettone und Schokolade, wir lie\u00dfen im Fernsehen den Film <i>Hangover<\/i> von 2009 laufen &#8211; aus Bildungsgr\u00fcnden, der Film war ja ein riesiger Erfolg und hat Geschichte geschrieben, auch wenn alles an den frauenfeindlichen Gender-Stereotypen ultra-cringe war. Herr Kaltmamsell hielt mich mit Verweis auf die Erz\u00e4hltechnik des Drehbuchs bei der Stange: Ja, die ist wirklich ganz ausgezeichnet und ausgekl\u00fcgelt.<\/p>\n<p>\u00a7<\/p>\n<p>Mehr zur B\u00fcrgerversammlung also, die des M\u00fcnchner Stadtbezirks 2, Ludwigsvorstadt-Isarvorstadt.<br \/>\n(<a href=\"https:\/\/de.wikipedia.org\/wiki\/Einwohnerversammlung#Rahmenbedingungen_in_den_deutschen_Bundesl%C3%A4ndern\" target=\"_blank\">Was eine B\u00fcrgerversammlung ist<\/a>; ich empfehle eine Teilnahme sehr als Gelegenheit, mal so richtig in Demokratie zu baden. Und als Alternative zum Meckern \u00fcber lokale Missst\u00e4nde, denn hier k\u00f6nnen jede Anwohnerin und jeder Anwohner, <a href=\"https:\/\/de.wikipedia.org\/wiki\/Kommunalwahlrecht_(Bayern)#Aktives_Wahlrecht\" target=\"_blank\">sofern kommunalwahlberechtigt<\/a>, Antr\u00e4ge zur \u00c4nderung der Misst\u00e4nde stellen).<\/p>\n<p><i>Klarstellung: Dies ist keine journalistische Berichterstattung; ich bin lediglich Zeitzeugin.<\/i><\/p>\n<p>Die diesj\u00e4hrige war besonders gut besucht; es gab schon B\u00fcrgerversammlungen, bei denen ich den Eindruck hatte, dass nur Antragsteller*innen gekommen waren.<\/p>\n<p>Als Leiterin lernte ich Stadtr\u00e4tin Veronika Mirlach (CSU) kennen, die mit besonders guter Laune und souver\u00e4n durch die Versammlung f\u00fchrte. Aus ihrer <a href=\"https:\/\/stadt.muenchen.de\/dam\/jcr:1f4e33cf-32d7-45d2-ba99-6d5c42aee872\/BV2_Ludwigsvorstadt-Isarvorstadt_2025.pdf\" target=\"_blank\">Pr\u00e4sentation<\/a> (PDF-Download) \u00fcber aktuelle Stadtpolitik erfuhr ich unter anderem, dass die Einwohnerzahl meines Wohnbezirks sinkt (aktuell sind wir 50.025 Menschen); ansonsten w\u00e4chst M\u00fcnchen aber. Es wurden auch Investitionen in Projekte aufgez\u00e4hlt, die ich \u00fcber Antr\u00e4ge in vergangenen Bezirksversammlungen werden hatte sehen, darunter die Piazza Zenetti, ein sch\u00f6nes Gef\u00fchl.<\/p>\n<p>Den Ausf\u00fchrungen von Bezirksausschussvorsitzendem Beno\u00eet Blaser \u00fcber das vergangene Jahr (noch nicht online) entnahm ich unter anderem, dass er einen monatlichen Newsletter \u00fcber die Arbeit des Bezirksausschusses schreibt &#8211; gestern gleich mal (recht lang gesucht und) abonniert.<\/p>\n<p>Sigrid Kienle ist weiterhin Chefin der Polizeiinspektion 14, die f\u00fcr meinen Stadtbezirk zust\u00e4ndig ist und den benachbarten Stadtbezirk 8 Schwanthalerh\u00f6he &#8211; und damit auch f\u00fcr Theresienwiese samt Oktoberfest. Sie sprach von 27.000 Eins\u00e4tzen j\u00e4hrlich &#8211; das seien die meisten aller M\u00fcnchner Polizeiinspektionen. Ihr Sicherheitsbericht 2024 wies einen deutlichen R\u00fcckgang von Straftaten aus, am deutlichsten bei Drogendelikten &#8211; mit der Cannabis-Teillegalisierung als klarem Grund. R\u00fcckl\u00e4ufig aber auch die Straftaten im Zusammenhang mit dem Oktoberfest (- 30%). Schlecht sahen die Zahlen und Verh\u00e4ltnisse im s\u00fcdlichen Bahnhofsviertel aus, in dem ich ja wohne. Kienle z\u00e4hlte Gegenma\u00dfnahmen auf und betonte, dass nicht nur tats\u00e4chliche Straftaten damit reduziert werden sollten, sondern sich die Menschen hier damit auch sicherer f\u00fchlen sollten.<\/p>\n<p>Jetzt aber Anfragen und Antr\u00e4ge der B\u00fcrger*innen. Diesmal erlebte ich eine sehr bunte Mischung; Verkehr war zwar wieder das h\u00e4ufigste Thema, dominierte aber nicht so stark wie auch schon. Insgesamt 31 Menschen meldeten sich mit Anfragen und Antr\u00e4gen, zum Teil auch mit mehreren. Es ging um st\u00f6rende Schrottr\u00e4der, die R\u00fcckzahlungsforderung an einen privaten Kindergarten, l\u00e4stigen durchfahrenden Autoverkehr, Zwischennutzung von Geb\u00e4uden, Toilettenaufstellwunsch, lange Sperrung der Theresienwiese (!), Kinder im Stra\u00dfenverkehr, L\u00e4rm durch Bahn, L\u00e4rm durch Gastronomie, mehr Gr\u00fcn an bestimmten Stra\u00dfen, st\u00f6rende Baustellen, L\u00e4rm durch Demos, einige gew\u00fcnschte Fu\u00dfg\u00e4nger\u00fcberwege, Sperrung der Hackerbr\u00fccke f\u00fcr den Autoverkehr, herumstehende E-Scooter, bessere Verkehrsf\u00fchrung f\u00fcr Fahrr\u00e4der, hinderliche tempor\u00e4re Verkehrsschilder, Entsiegelung von Fl\u00e4chen, Beleuchtung an Fu\u00dfwegen, M\u00fcllbeseitigung (und wer daf\u00fcr zahlen sollte), Schutz vor Entmietung, Kunst im U-Bahnhof, Anwohnerparken.<br \/>\nZum Gl\u00fcck wurde das Vorgehen beibehalten, bei dem direkt nach jedem Antrag abgestimmt wurde.<\/p>\n<p>Auch diesmal waren Fachleute aus einigen Referaten der Stadtverwaltung da, die gleich Stellung nahmen. So lernte ich, dass die Dauer der Theresienwiesensperrung vom zust\u00e4ndigen Wirtschaftsreferat im April festgelegt wird, und das waren dieses Jahre 12 Wochen vorher und 7 Wochen danach &#8211; der Herr wies darauf hin, dass die Querung sogar drei Tage vor Termin ge\u00f6ffnet worden sei. (Ich kenne jemanden im Wirtschaftsreferat pers\u00f6nlich, ich k\u00f6nnte ja mal Einflussm\u00f6glichkeiten eruieren.) Einige Male war es auch Bezirksausschussvorsitzender Blaser, der zu Antr\u00e4gen berichtete, was der Bezirksausschuss bereits versucht oder sogar erreicht hatte.<\/p>\n<p>Meine Glanzpunkte des Abends aber waren die Stellungnahmen von &#8220;Frau Strehle&#8221;, wie Veronika Mirlach sie immer ans Mikro bat. Die <a href=\"https:\/\/www.linkedin.com\/in\/isabel-strehle-7531b768\/\" target=\"_blank\">Architektin und Regierungsbaumeisterin<\/a> Isabel Strehle leitet im M\u00fcnchner Mobilit\u00e4tsreferat den Gesch\u00e4ftsbereich Verkehrs- und Bezirksmanagement &#8211; und vermittelte mir mit ihren sorgf\u00e4ltigen und gut verst\u00e4ndlichen Erkl\u00e4rungen, wie wissenschaftlich und strukturiert sowas gehandhabt wird. So wird bei Antrag eines Fu\u00dfg\u00e4nger\u00fcberwegs erstmal durchgez\u00e4hlt, wie viele Autos und Fu\u00dfg\u00e4nger es hier zu Sto\u00dfzeiten gibt; nur wenn das Ergebnis die Mindestzahl erreicht, wird weitergeplant (einer der vielen Haken: Baustellen in der Umgebung k\u00f6nnen den Verkehrsfluss so stark beeinflussen, dass f\u00fcr eine Z\u00e4hlung ihr Abschluss abgewartet werden muss). Oder eben der \u201cfreilaufende Rechtsabbieger\u201d, eine Abbiegespur unabh\u00e4ngig von der Ampel an einer Kreuzung. Ich hielt die Bezeichnung erst f\u00fcr einen Scherz und lachte. Als mir klar wurde, dass das die echte Fachbezeichnung ist, lachte ich noch mehr (das m\u00fcsste sich doch als politische Metapher verwerten lassen). Und lernte, dass es sich um ein Erbe der 1960er handelt, dass solche Spuren bereits vor einigen Jahren in M\u00fcnchen systematisch erfasst wurden sowie nach und nach beseitigt werden &#8211; in priorisierter Reihenfolge. Auch lernte ich Fachliches \u00fcber Zebrastreifen, also Prozess, Voraussetzungen etc. Oder warum die Umsetzung mancher Verkehrsantr\u00e4ge den kompletten Umbau ganzer Kreuzungen erfordern w\u00fcrde. Und dass der Autoverkehr auf der Hackerbr\u00fccke ab 2027 sowieso f\u00fcr die Br\u00fcckensanierung gesperrt wird und das Mobilit\u00e4tsreferat in dieser Zeit genau beobachtet, welche Auswirkung das auf Verkehrsfl\u00fcsse hat.<\/p>\n<p>Isabel Strehle machte einen superkompetenten Eindruck mit ungeheurer Leidenschaft f\u00fcr ihr Fach (Platz ganz oben auf meiner Liste von Wunschg\u00e4sten zum Abendessen), ab jetzt tr\u00e4ume ich davon, mir von ihr die Verkehrslage am Stachus erkl\u00e4ren zu lassen. <img loading=\"lazy\" decoding=\"async\" src=\"https:\/\/vg02.met.vgwort.de\/na\/239108b3706642389618ba5155190602\" width=\"1\" height=\"1\" alt=\"\"\/><\/p>\n","protected":false},"excerpt":{"rendered":"<p>Deutlich sp\u00e4ter als sonst eingeschlafen, eine Stunde zu fr\u00fch aufgewacht, von Arbeitssorgen gequ\u00e4lt. Weg in die Arbeit mit Stimmung zum Heulen. Man schrumpft mit seinen Aufgaben. Gleichzeitig sch\u00f6ner Marsch unter erblauendem Himmel und aufgehender Sonne, auf dem Boden dekorativer Frost, in der Luft leise klirrende K\u00e4lte. (Aber andere hatten h\u00fcbscheren Frost.) Im B\u00fcro stellte sich [&hellip;]<\/p>\n","protected":false},"author":2,"featured_media":0,"comment_status":"open","ping_status":"closed","sticky":false,"template":"","format":"standard","meta":{"footnotes":""},"categories":[6,4,2,1],"tags":[],"class_list":["post-114558","post","type-post","status-publish","format-standard","hentry","category-essen","category-filme","category-fotos","category-general"],"_links":{"self":[{"href":"https:\/\/www.vorspeisenplatte.de\/speisen\/wp-json\/wp\/v2\/posts\/114558","targetHints":{"allow":["GET"]}}],"collection":[{"href":"https:\/\/www.vorspeisenplatte.de\/speisen\/wp-json\/wp\/v2\/posts"}],"about":[{"href":"https:\/\/www.vorspeisenplatte.de\/speisen\/wp-json\/wp\/v2\/types\/post"}],"author":[{"embeddable":true,"href":"https:\/\/www.vorspeisenplatte.de\/speisen\/wp-json\/wp\/v2\/users\/2"}],"replies":[{"embeddable":true,"href":"https:\/\/www.vorspeisenplatte.de\/speisen\/wp-json\/wp\/v2\/comments?post=114558"}],"version-history":[{"count":3,"href":"https:\/\/www.vorspeisenplatte.de\/speisen\/wp-json\/wp\/v2\/posts\/114558\/revisions"}],"predecessor-version":[{"id":114606,"href":"https:\/\/www.vorspeisenplatte.de\/speisen\/wp-json\/wp\/v2\/posts\/114558\/revisions\/114606"}],"wp:attachment":[{"href":"https:\/\/www.vorspeisenplatte.de\/speisen\/wp-json\/wp\/v2\/media?parent=114558"}],"wp:term":[{"taxonomy":"category","embeddable":true,"href":"https:\/\/www.vorspeisenplatte.de\/speisen\/wp-json\/wp\/v2\/categories?post=114558"},{"taxonomy":"post_tag","embeddable":true,"href":"https:\/\/www.vorspeisenplatte.de\/speisen\/wp-json\/wp\/v2\/tags?post=114558"}],"curies":[{"name":"wp","href":"https:\/\/api.w.org\/{rel}","templated":true}]}}