{"id":114621,"date":"2025-12-01T06:08:41","date_gmt":"2025-12-01T05:08:41","guid":{"rendered":"https:\/\/www.vorspeisenplatte.de\/speisen\/?p=114621"},"modified":"2025-12-01T06:08:41","modified_gmt":"2025-12-01T05:08:41","slug":"journal-sonntag-30-november-2025-1-advent-mit-diesem-und-dem","status":"publish","type":"post","link":"https:\/\/www.vorspeisenplatte.de\/speisen\/2025\/12\/journal-sonntag-30-november-2025-1-advent-mit-diesem-und-dem.htm","title":{"rendered":"Journal Sonntag, 30. November 2025 &#8211; 1. Advent mit diesem und dem"},"content":{"rendered":"<p>Gut und reichlich geschlafen.<\/p>\n<p><a href=\"https:\/\/www.vorspeisenplatte.de\/speisen\/archiv\/251130_02_StMatthaeus.jpg\"><img loading=\"lazy\" decoding=\"async\" class=\"alignnone size-full wp-image-114671\" src=\"https:\/\/www.vorspeisenplatte.de\/speisen\/archiv\/251130_02_StMatthaeus.jpg\" alt=\"\" width=\"393\" height=\"524\" \/><\/a><\/p>\n<p>Fast klarer Himmel bei Sonnenaufgang, dann fahles Sonnenlicht durch Wolkenschleier.<\/p>\n<p>Es hatte weiterhin Plusgrade, f\u00fcr meinen Isarlauf griff ich zu leichter M\u00fctze und kurz\u00e4rmligem Laufshirt unter der Winterlaufjacke. Handschuhe brauchte ich aber. U-Bahn nach Thalkirchen, von dort Lauf nach S\u00fcden. K\u00f6rper spielte gut mit, ein angenehmer Lauf bis rein nach Pullach und zur\u00fcck.<\/p>\n<p><a href=\"https:\/\/www.vorspeisenplatte.de\/speisen\/archiv\/251130_04_Thalkirchen.jpg\"><img loading=\"lazy\" decoding=\"async\" class=\"alignnone size-full \" src=\"https:\/\/www.vorspeisenplatte.de\/speisen\/archiv\/251130_04_Thalkirchen.jpg\" alt=\"\" width=\"580\" height=\"426\" \/><\/a><\/p>\n<p>Interessantes neues Geb\u00e4ude am Campingplatz Thalkirchen.<\/p>\n<p><a href=\"https:\/\/www.vorspeisenplatte.de\/speisen\/archiv\/251130_06_Grosshesseloherbr.jpg\"><img loading=\"lazy\" decoding=\"async\" class=\"alignnone size-full wp-image-114673\" src=\"https:\/\/www.vorspeisenplatte.de\/speisen\/archiv\/251130_06_Grosshesseloherbr.jpg\" alt=\"\" width=\"423\" height=\"564\" \/><\/a><\/p>\n<p><a href=\"https:\/\/www.vorspeisenplatte.de\/speisen\/archiv\/251130_10_Pullach.jpg\"><img loading=\"lazy\" decoding=\"async\" class=\"alignnone size-full \" src=\"https:\/\/www.vorspeisenplatte.de\/speisen\/archiv\/251130_10_Pullach.jpg\" alt=\"\" width=\"588\" height=\"361\" \/><\/a><\/p>\n<p>In Echt deutlicher sichtbar: die verschneite Alpenkette.<\/p>\n<p><a href=\"https:\/\/www.vorspeisenplatte.de\/speisen\/archiv\/251130_11_Isarhochufer.jpg\"><img loading=\"lazy\" decoding=\"async\" class=\"alignnone size-full wp-image-114675\" src=\"https:\/\/www.vorspeisenplatte.de\/speisen\/archiv\/251130_11_Isarhochufer.jpg\" alt=\"\" width=\"423\" height=\"564\" \/><\/a><\/p>\n<p><a href=\"https:\/\/www.vorspeisenplatte.de\/speisen\/archiv\/251130_13_Hinterbruehl.jpg\"><img loading=\"lazy\" decoding=\"async\" class=\"alignnone size-full \" src=\"https:\/\/www.vorspeisenplatte.de\/speisen\/archiv\/251130_13_Hinterbruehl.jpg\" alt=\"\" width=\"527\" height=\"453\" \/><\/a><\/p>\n<p>Abschlie\u00dfender Semmelkauf vorm Thalkirchner U-Bahnhof beim B\u00e4cker W\u00fcnsche.<\/p>\n<p>Die U-Bahn zur\u00fcck in die Innenstadt auffallend voll &#8211; Christkindmarkt-Tourist*innen?<\/p>\n<p>Fr\u00fchst\u00fcck kurz nach zwei: Avocado (nicht wie geplant als Semmelbelag, denn statt zu cremig war sie zu gummig gereift, ich a\u00df gesalzen die Brocken, die ich mit einem Kaffeel\u00f6ffel aus der Schale prokelte), Apfel, K\u00f6rnersemmeln mit Butter und Marmelade.<\/p>\n<p>Eigentlich schm\u00f6kerte ich noch an meinem Laptop, als mir einfiel: Wenn ich die Wochenendzeitung lesen wollte, brauchte ich Tageslicht, und das war an Wintertagen knapp. Schnell schlug ich die Zeitung auf. Zu sp\u00e4t: Ab 16 Uhr war es zu dunkel, und unser Esstisch, an dem ich las, ist nicht auf Lesebeleuchtung ausgerichtet, mit dem Putzlicht an der Decke ging&#8217;s grade so.<\/p>\n<p>Faschingsurlaub in Wien gebucht: Mit einem Besuch mitten im Februar und dem erwartbar greislichen Wetter m\u00f6chte ich meine neue Liebe auf die Probe stellen. Ein Hotelzimmer, auf das ich mich freue, hatte ich recht schnell gefunden und problemlos reserviert. Die Bahnreise gestaltete sich (HERRGOTTSACKRAZEFIX) schwieriger. Wir wohnen wieder N\u00e4he Wien Westbahnhof, also fahren wir doch gleich mal direkt dorthin. Eine perfekte Verbindung war schnell gefunden, doch die DB-Website sagte &#8220;Preisauskunft nicht m\u00f6glich&#8221;. Auch bei der \u00d6BB tauchte die Verbindung auf, doch ohne Link zum Ticketkauf. Es stellte sich heraus: Eine eigene Bahngesellschaft mit eigener Website. Von. Mir. Aus. (WTF)<br \/>\nDort also Auswahl und Kauf durchgejuckelt &#8211; mehrfach, weil verwirrendes Preissystem. Um ganz am Ende zu landen bei<\/p>\n<p><a href=\"https:\/\/www.vorspeisenplatte.de\/speisen\/archiv\/251130_Westbahn_Screenshot.jpg\"><img loading=\"lazy\" decoding=\"async\" class=\"alignnone size-full wp-image-114633\" src=\"https:\/\/www.vorspeisenplatte.de\/speisen\/archiv\/251130_Westbahn_Screenshot.jpg\" alt=\"\" width=\"1934\" height=\"634\" srcset=\"https:\/\/www.vorspeisenplatte.de\/speisen\/archiv\/251130_Westbahn_Screenshot.jpg 1934w, https:\/\/www.vorspeisenplatte.de\/speisen\/archiv\/251130_Westbahn_Screenshot-600x197.jpg 600w, https:\/\/www.vorspeisenplatte.de\/speisen\/archiv\/251130_Westbahn_Screenshot-1024x336.jpg 1024w, https:\/\/www.vorspeisenplatte.de\/speisen\/archiv\/251130_Westbahn_Screenshot-768x252.jpg 768w, https:\/\/www.vorspeisenplatte.de\/speisen\/archiv\/251130_Westbahn_Screenshot-1536x504.jpg 1536w\" sizes=\"auto, (max-width: 1934px) 100vw, 1934px\" \/><\/a><\/p>\n<p>Jetzt h\u00e4nge ich halt bis zur Beantwortung meiner Anfrage an diesen Service in der Luft, ob ich Tickets gekauft habe oder nicht.<\/p>\n<p>Abschlussfolge Yoga (f\u00fcr mich, die tats\u00e4chliche Folge 30 ohne Ansagen lasse ich aus), Montagsvorbereitungen mit schwerem Herzen, das wird kein Spa\u00df. Daf\u00fcr habe ich f\u00fcr Montagabend und Dienstagabend schon Sch\u00f6nes vor.<\/p>\n<p>Zum Nachtmahl servierte Herr Kaltmamsell den Ernteanteil-Sellerie als Schnitzel und ein wenig Chinakohl als Salat (der Rest wird Kimchi).<\/p>\n<p><a href=\"https:\/\/www.vorspeisenplatte.de\/speisen\/archiv\/251130_14_Nachtmahl.jpg\"><img loading=\"lazy\" decoding=\"async\" src=\"https:\/\/www.vorspeisenplatte.de\/speisen\/archiv\/251130_14_Nachtmahl.jpg\" alt=\"\" width=\"333\" height=\"437\" class=\"alignnone size-full wp-image-114682\" \/><\/a><\/p>\n<p>Fr\u00fch ins Bett zum Lesen, Wecker auf noch fr\u00fcher gestellt, weil Arbeitserledigungen.<\/p>\n<p>\u00a7<\/p>\n<p>Casino bloggt \u00fcber ihre erwachsenen S\u00f6hne und<br \/>\n<a href=\"http:\/\/hotelmama.it\/2025\/11\/lichtlein\/\" target=\"_blank\" rel=\"noopener\">&#8220;Lichtlein&#8221;<\/a>.<\/p>\n<blockquote><p>es gibt einen gestaltbaren anteil der kindheitserinnerungen, wie wichtig es ist, das gut zu machen.<\/p><\/blockquote>\n<p>\u00a7<\/p>\n<p>In meiner Lebensphase des Komplettumbruchs scherzte ich ja, ich w\u00fcrde auf Korbflechterin umlernen (einerseits weil ich Korbflechten und Handwerk wirklich attraktiv finde, andererseits als Scherz, weil ich halt von Geburt an eine Kopfwerkerin bin). Umso mehr faszinieren mich Menschen, die dieses Handwerk zur Kunst weiterentwickelt haben.<br \/>\n<a href=\"https:\/\/www.meisterstunde.de\/flechtwerkgestalter-emmanuel-heringer-ueber-weiterentwicklung\/\" target=\"_blank\" rel=\"noopener\">&#8220;Flechtwerkgestalter Emmanuel Heringer \u00fcber Entwicklung: &#8216;Hinausgehen und Zur\u00fcckkommen \u2013 vielleicht ist es das'&#8221;.<\/a><\/p>\n<p>\u00a7<\/p>\n<p>In Warschau werden Muscheln als Teil eines Fr\u00fchwarnsystems bei Wasserverunreinigung eingesetzt. Klingt zu abgefahren, um wahr zu sein (wir verantwortungsbewussten Online-Menschen sind auf genau sowas geeicht), also ging Tom Scott mit seinem Team vor drei Jahren nachsehen.<\/p>\n<div class=\"video-wrapped\" style=\"width: 500px; height: 281px; background-image: url('https:\/\/www.vorspeisenplatte.de\/speisen\/wp-content\/plugins\/video-embed-privacy\/preview\/i0RkEs3Xwf0.jpg')\" data-embed-frame=\"&lt;iframe title=&quot;Is Poland&amp;#039;s tap water really protected by clams?&quot; width=&quot;500&quot; height=&quot;281&quot; src=&quot;https:\/\/www.youtube.com\/embed\/i0RkEs3Xwf0?feature=oembed&quot; frameborder=&quot;0&quot; allow=&quot;accelerometer; autoplay; clipboard-write; encrypted-media; gyroscope; picture-in-picture; web-share&quot; referrerpolicy=&quot;strict-origin-when-cross-origin&quot; allowfullscreen&gt;&lt;\/iframe&gt;\" data-embed-play=\"Abspielen&lt;div class=&quot;small&quot;&gt;Das Video wird von Youtube eingebettet abespielt. Es gilt die &lt;a href=&quot;https:\/\/www.google.com\/intl\/de\/policies\/privacy\/&quot; target=&quot;_blank&quot;&gt;Datenschutzerkl\u00e4rung von Google&lt;\/a&gt;&lt;\/div&gt;\">\n<div class=\"video-wrapped-nojs\">Aktivieren Sie JavaScript um das Video zu sehen.<br \/><a href=\"https:\/\/youtu.be\/i0RkEs3Xwf0?si=2uVOiWgOKasuPkYu\">https:\/\/youtu.be\/i0RkEs3Xwf0?si=2uVOiWgOKasuPkYu<\/a><\/div>\n<\/div>\n<p>Spoiler: Es stimmt. (Und Polnisch-Sprechende kommen auf ihre Kosten.) <img loading=\"lazy\" decoding=\"async\" src=\"https:\/\/vg02.met.vgwort.de\/na\/52cca795e1d8444e94fcb969e7aceb8b\" width=\"1\" height=\"1\" alt=\"\"\/><\/p>\n","protected":false},"excerpt":{"rendered":"<p>Gut und reichlich geschlafen. Fast klarer Himmel bei Sonnenaufgang, dann fahles Sonnenlicht durch Wolkenschleier. Es hatte weiterhin Plusgrade, f\u00fcr meinen Isarlauf griff ich zu leichter M\u00fctze und kurz\u00e4rmligem Laufshirt unter der Winterlaufjacke. Handschuhe brauchte ich aber. U-Bahn nach Thalkirchen, von dort Lauf nach S\u00fcden. K\u00f6rper spielte gut mit, ein angenehmer Lauf bis rein nach Pullach [&hellip;]<\/p>\n","protected":false},"author":2,"featured_media":0,"comment_status":"open","ping_status":"closed","sticky":false,"template":"","format":"standard","meta":{"footnotes":""},"categories":[2,1],"tags":[],"class_list":["post-114621","post","type-post","status-publish","format-standard","hentry","category-fotos","category-general"],"_links":{"self":[{"href":"https:\/\/www.vorspeisenplatte.de\/speisen\/wp-json\/wp\/v2\/posts\/114621","targetHints":{"allow":["GET"]}}],"collection":[{"href":"https:\/\/www.vorspeisenplatte.de\/speisen\/wp-json\/wp\/v2\/posts"}],"about":[{"href":"https:\/\/www.vorspeisenplatte.de\/speisen\/wp-json\/wp\/v2\/types\/post"}],"author":[{"embeddable":true,"href":"https:\/\/www.vorspeisenplatte.de\/speisen\/wp-json\/wp\/v2\/users\/2"}],"replies":[{"embeddable":true,"href":"https:\/\/www.vorspeisenplatte.de\/speisen\/wp-json\/wp\/v2\/comments?post=114621"}],"version-history":[{"count":3,"href":"https:\/\/www.vorspeisenplatte.de\/speisen\/wp-json\/wp\/v2\/posts\/114621\/revisions"}],"predecessor-version":[{"id":114685,"href":"https:\/\/www.vorspeisenplatte.de\/speisen\/wp-json\/wp\/v2\/posts\/114621\/revisions\/114685"}],"wp:attachment":[{"href":"https:\/\/www.vorspeisenplatte.de\/speisen\/wp-json\/wp\/v2\/media?parent=114621"}],"wp:term":[{"taxonomy":"category","embeddable":true,"href":"https:\/\/www.vorspeisenplatte.de\/speisen\/wp-json\/wp\/v2\/categories?post=114621"},{"taxonomy":"post_tag","embeddable":true,"href":"https:\/\/www.vorspeisenplatte.de\/speisen\/wp-json\/wp\/v2\/tags?post=114621"}],"curies":[{"name":"wp","href":"https:\/\/api.w.org\/{rel}","templated":true}]}}