{"id":114686,"date":"2025-12-02T06:25:24","date_gmt":"2025-12-02T05:25:24","guid":{"rendered":"https:\/\/www.vorspeisenplatte.de\/speisen\/?p=114686"},"modified":"2025-12-02T06:26:27","modified_gmt":"2025-12-02T05:26:27","slug":"journal-montag-1-dezember-2025-dann-doch-christkindlmarkterei","status":"publish","type":"post","link":"https:\/\/www.vorspeisenplatte.de\/speisen\/2025\/12\/journal-montag-1-dezember-2025-dann-doch-christkindlmarkterei.htm","title":{"rendered":"Journal Montag, 1. Dezember 2025 &#8211; Dann doch Christkindlmarkterei"},"content":{"rendered":"<p>Noch fr\u00fcherer Wecker, aber er erl\u00f6ste mich eh aus Angst-Achterbahnfahrt. Drau\u00dfen Regen.<\/p>\n<p>Der hatte freundlicherweise bei meinem vorgezogenen Aufbruch in die Arbeit aufgeh\u00f6rt, ich konnte meine Arbeitserledigung trocken absolvieren, hatte eh keine Hand f\u00fcr Regenschirm frei. (Und nur sehr umst\u00e4ndlich f\u00fcr dringend n\u00f6tiges Ohrenzuhalten bei sehr nahem LAL\u00dc!)<\/p>\n<p>Im B\u00fcro die n\u00e4chste Hiobsbotschaft, mittlerweile war ich aber eh abgestumpft und in der inneren Emigration.<\/p>\n<p>Armseliger Mittagscappuccino (lauwarm) in der Cafeteria, nach weiterem Helfen und Laufen gab es zu Mittag Apfel, Persimon, Trockenpflaumen, N\u00fcsse &#8211; da der Verlauf und die Essm\u00f6glichkeiten am gestrigen Tag unklar gewesen waren, hatte ich darauf verzichtet, Verderbliches einzupacken.<\/p>\n<p>Richtig hell wurde es eh nicht, Abendd\u00e4mmerung setzte kurz nach zwei ein. Nachmittags dr\u00fcckte ich mich dann doch kurzfristig um die Erf\u00fcllung von Geselligkeitspflichten.<\/p>\n<p>Freuen konnte ich mich auf eine Verabredung nach Feierabend, auch wenn ich dem Vorschlag des Orts entnahm, das sie mit Hei\u00dfgetr\u00e4nken im Drau\u00dfen und mit thematischem Umfeld Christkindlmarkt zu tun haben w\u00fcrde. Ebenfalls erfreulich: Davor stand ein l\u00e4ngerer Fu\u00dfmarsch bei Temperaturen \u00fcber Null.<\/p>\n<p>Sch\u00f6ner und wohltuender Marsch, liebe Gesellschaft am Gl\u00fchstand des Viktualienmarkts, Abgleich von Weihnachtspl\u00e4nen (Herr Kaltmamsell und ich haben keine, das ist irgendwie ums Eck und vorbei).<\/p>\n<p><a href=\"https:\/\/www.vorspeisenplatte.de\/speisen\/archiv\/251201_05_Viktualienmarkt.jpg\"><img loading=\"lazy\" decoding=\"async\" class=\"alignnone size-full wp-image-114699\" src=\"https:\/\/www.vorspeisenplatte.de\/speisen\/archiv\/251201_05_Viktualienmarkt.jpg\" alt=\"\" width=\"394\" height=\"539\" \/><\/a><\/p>\n<p><a href=\"https:\/\/www.vorspeisenplatte.de\/speisen\/archiv\/251201_07_Viktualienmarkt.jpg\"><img loading=\"lazy\" decoding=\"async\" class=\"alignnone size-full wp-image-114700\" src=\"https:\/\/www.vorspeisenplatte.de\/speisen\/archiv\/251201_07_Viktualienmarkt.jpg\" alt=\"\" width=\"367\" height=\"520\" \/><\/a><\/p>\n<p>Ich bekam einen selbstgebackenen Stollen geschenkt &#8211; den nicht ich gebacken hatte!<\/p>\n<p>Abendessen gab es auf dem Heimweg am Christlkindlmarkt Sendlinger Tor.<\/p>\n<p><a href=\"https:\/\/www.vorspeisenplatte.de\/speisen\/archiv\/251201_09_SendlingerTor.jpg\"><img loading=\"lazy\" decoding=\"async\" class=\"alignnone size-full wp-image-114701\" src=\"https:\/\/www.vorspeisenplatte.de\/speisen\/archiv\/251201_09_SendlingerTor.jpg\" alt=\"\" width=\"333\" height=\"432\" \/><\/a><\/p>\n<p>Klassisches Christkindlmarkt-Men\u00fc: Erster Gang Bratwurst, zweiter Gang Pommes. Daheim noch Panettone und Schokolade.<\/p>\n<p>Zu Hause brauchte ich \u00fcberraschend (und beunruhigend) lange f\u00fcrs Warmwerden nach zwei Stunden Gl\u00fchmarkt-Rumstehen, so richtig wirkten eigentlich erst Bett und W\u00e4rmflasche.<\/p>\n<p>Es wird weiter zu B\u00fccherbesitz gebloggt (ich finde es zauberhaft, wenn sich ein Thema langsam durch Blogs der alten Schule zieht), aktuell <a href=\"https:\/\/blog.vanessagiese.de\/2025\/11\/27\/im-wesentlichen-geht-es-um-buecher\/\" target=\"_blank\">zum Beispiel bei Vanessa Giese<\/a> und gestern <a href=\"https:\/\/www.herr-rau.de\/wordpress\/2025\/12\/papierbuecher-und-mein-verhaeltnis-zu-ihnen.htm\" target=\"_blank\" rel=\"noopener\">bei Herrn Rau im Lehrerzimmer<\/a>. Im ersten Kommentar darunter erw\u00e4hnt kid37 die Konzentration auf Nischenthemen &#8220;(Den Kanon findet man ja \u00fcberall.)&#8221; &#8211; das gef\u00e4llt mir als Besitz-Motivation und l\u00e4sst mich an zwei Bereichen meines Bestands festhalten: Zum einen habe ich besonders viele B\u00fccher von Blogger*innen, sie stehen abseits der sonstigen alphabetisch nach Autor*in sortierten Literatur. Zum anderen verschiedene Ausgaben von Agust\u00edn Gomez-Arcos&#8217; Roman <i>Ana Non<\/i> &#8211; den ich in deutscher \u00dcbersetzung aus dem Franz\u00f6sischen w\u00e4hrend meines Studiums auf einem Grabbeltisch vorm Buchladen Pustet in Augsburg entdeckte, sehr mochte, gleich mal in einem passenden Hauptseminar in spanischer Literatur f\u00fcr eine Hausarbeit vorschlug (der Dozent, Prof. Thomas Scheerer, kannte den Roman nicht, war aber offen) (und ich damals noch furchtlos und \u00fcberzeugend). <em>Ana Nein<\/em> wurde schon damals nicht mehr aufgelegt (-&gt; Grabbeltisch), ich sah mich verpflichtet, ihn zu retten. Sp\u00e4ter suchte und kaufte ich \u00fcber Online-Anitiquariate weitere Ausgaben. Doch eben sehe ich, <a href=\"https:\/\/cultura.cervantes.es\/berlin\/de\/Agust%C3%ADn-G%C3%B3mez-Arcos:-Ana-no\/153858\" target=\"_blank\" rel=\"noopener\">dass es im Berliner Instituto Cervantes 2022 sogar ein &#8220;literarisches Treffen&#8221; dazu gab<\/a>. Und Rezensionen auf Goodreads weisen darauf hin, dass der Roman auf Spanisch rege rezipiert wird. Vielleicht muss ich ihn nicht mehr retten, es handelt sich um keine Nische mehr? No na, vielleicht solange er auf Deutsch vergriffen ist. <img loading=\"lazy\" decoding=\"async\" src=\"https:\/\/vg02.met.vgwort.de\/na\/63b0624c5f24470688c995583d4082b6\" width=\"1\" height=\"1\" alt=\"\"\/><\/p>\n","protected":false},"excerpt":{"rendered":"<p>Noch fr\u00fcherer Wecker, aber er erl\u00f6ste mich eh aus Angst-Achterbahnfahrt. Drau\u00dfen Regen. Der hatte freundlicherweise bei meinem vorgezogenen Aufbruch in die Arbeit aufgeh\u00f6rt, ich konnte meine Arbeitserledigung trocken absolvieren, hatte eh keine Hand f\u00fcr Regenschirm frei. (Und nur sehr umst\u00e4ndlich f\u00fcr dringend n\u00f6tiges Ohrenzuhalten bei sehr nahem LAL\u00dc!) Im B\u00fcro die n\u00e4chste Hiobsbotschaft, mittlerweile war [&hellip;]<\/p>\n","protected":false},"author":2,"featured_media":0,"comment_status":"open","ping_status":"closed","sticky":false,"template":"","format":"standard","meta":{"footnotes":""},"categories":[2,1],"tags":[],"class_list":["post-114686","post","type-post","status-publish","format-standard","hentry","category-fotos","category-general"],"_links":{"self":[{"href":"https:\/\/www.vorspeisenplatte.de\/speisen\/wp-json\/wp\/v2\/posts\/114686","targetHints":{"allow":["GET"]}}],"collection":[{"href":"https:\/\/www.vorspeisenplatte.de\/speisen\/wp-json\/wp\/v2\/posts"}],"about":[{"href":"https:\/\/www.vorspeisenplatte.de\/speisen\/wp-json\/wp\/v2\/types\/post"}],"author":[{"embeddable":true,"href":"https:\/\/www.vorspeisenplatte.de\/speisen\/wp-json\/wp\/v2\/users\/2"}],"replies":[{"embeddable":true,"href":"https:\/\/www.vorspeisenplatte.de\/speisen\/wp-json\/wp\/v2\/comments?post=114686"}],"version-history":[{"count":3,"href":"https:\/\/www.vorspeisenplatte.de\/speisen\/wp-json\/wp\/v2\/posts\/114686\/revisions"}],"predecessor-version":[{"id":114714,"href":"https:\/\/www.vorspeisenplatte.de\/speisen\/wp-json\/wp\/v2\/posts\/114686\/revisions\/114714"}],"wp:attachment":[{"href":"https:\/\/www.vorspeisenplatte.de\/speisen\/wp-json\/wp\/v2\/media?parent=114686"}],"wp:term":[{"taxonomy":"category","embeddable":true,"href":"https:\/\/www.vorspeisenplatte.de\/speisen\/wp-json\/wp\/v2\/categories?post=114686"},{"taxonomy":"post_tag","embeddable":true,"href":"https:\/\/www.vorspeisenplatte.de\/speisen\/wp-json\/wp\/v2\/tags?post=114686"}],"curies":[{"name":"wp","href":"https:\/\/api.w.org\/{rel}","templated":true}]}}