{"id":114823,"date":"2025-12-07T07:59:37","date_gmt":"2025-12-07T06:59:37","guid":{"rendered":"https:\/\/www.vorspeisenplatte.de\/speisen\/?p=114823"},"modified":"2025-12-07T14:22:29","modified_gmt":"2025-12-07T13:22:29","slug":"journal-samstag-6-dezember-2025-adventlich-mit-nikolaus-voller-fussgaengerzone-freundinnentreffen","status":"publish","type":"post","link":"https:\/\/www.vorspeisenplatte.de\/speisen\/2025\/12\/journal-samstag-6-dezember-2025-adventlich-mit-nikolaus-voller-fussgaengerzone-freundinnentreffen.htm","title":{"rendered":"Journal Samstag, 6. Dezember 2025 &#8211; Adventlich mit Nikolaus, voller Fu\u00dfg\u00e4ngerzone, Freundinnentreffen"},"content":{"rendered":"<p>Ausreichend geschlafen.<\/p>\n<p><a href=\"https:\/\/www.vorspeisenplatte.de\/speisen\/archiv\/251206_01_Nikolaeuse.jpg\"><img loading=\"lazy\" decoding=\"async\" src=\"https:\/\/www.vorspeisenplatte.de\/speisen\/archiv\/251206_01_Nikolaeuse.jpg\" alt=\"\" width=\"308\" height=\"428\" class=\"alignnone size-full wp-image-114831\" \/><\/a><\/p>\n<p>Empfangskommittee vor meiner Schlafzimmert\u00fcr, der linke Weihnachtsmann ist die Sorte Waffel &#038; Zimt, bin schon darauf gespannt. Dieses Jahr hatte auch ich wieder an einen Schokoladennikolaus f\u00fcr Herrn Kaltmamsell gedacht, sogar einen richtigen Bischof gefunden mit aufgesetzter Papp-Mitra und Papp-Bischofsstab.<\/p>\n<p>Der Tag wurde sogar hell, ich ahnte Sonne durch den Wolkenschleier. Meine Schwimmrunde plante ich im Olympiabad, nahm eine U-Bahn dorthin (hoffentlich bekomme ich auch mal wieder Lust und Mut zum Radlfahren).<\/p>\n<p>Ich fand die Bahnen wie erwartet mitteldicht beschwommen vor, startete gleich mal mit einigen \u00dcberhol-Zwischensprints. Insgesamt aber eine seltsame Schwimmrunde: K\u00f6rperlich war ich eigentlich fit, im Kopf auch eher ruhig, und doch zogen sich meine 3.000 Meter wie schon lange nicht mehr. Hin und wieder schien die Sonne deutlich genug, um mich beim Luftholen in ihre Richtung zu blenden und um den Beckenboden zu verglitzern.<\/p>\n<p><a href=\"https:\/\/www.vorspeisenplatte.de\/speisen\/archiv\/251206_03_Olympiabad.jpg\"><img loading=\"lazy\" decoding=\"async\" src=\"https:\/\/www.vorspeisenplatte.de\/speisen\/archiv\/251206_03_Olympiabad.jpg\" alt=\"\" width=\"600\" height=\"410\" class=\"alignnone size-full \" \/><\/a><\/p>\n<p>Unter der anschlie\u00dfenden Dusche f\u00fchlte ich mich aber doch angenehm durchbewegt und zufrieden, so geh\u00f6rt sich das.<\/p>\n<p>Schon in der U-Bahn nach Hause k\u00fcndigte sich mit Niesen und laufender Nase ein M\u00c4CHTIGER Chlorschnupfen an (der zum Gl\u00fcck bis zum Schlafengehen durch war &#8211; seltsamer K\u00f6rper).<\/p>\n<p>Zum Fr\u00fchst\u00fcck kurz nach halb zwei schnitt ich meine ab jetzt drei t\u00e4glichen Mindestorangen in St\u00fccke und mischte sie mit ges\u00fc\u00dftem Joghurt: Ging sehr gut, keinerlei Sauersch\u00fctteln, puh.<\/p>\n<p><a href=\"https:\/\/www.vorspeisenplatte.de\/speisen\/archiv\/251206_04_DundeeCake.jpg\"><img loading=\"lazy\" decoding=\"async\" src=\"https:\/\/www.vorspeisenplatte.de\/speisen\/archiv\/251206_04_DundeeCake.jpg\" alt=\"\" width=\"444\" height=\"336\" class=\"alignnone size-full wp-image-114835\" \/><\/a><\/p>\n<p>Au\u00dferdem Dundee Cake (man sieht: zu lange gebacken) &#8211; der mich dann doch etwas entt\u00e4uschte: Er enth\u00e4lt so viel Fr\u00fcchte, doch daf\u00fcr fehlte mir die malzige Schwere des Christmas Cakes; und f\u00fcr eine Alternative dazu ist mir zu wenig R\u00fchrteig drumrum. Vielleicht meinte ich eigentlich <a href=\"https:\/\/www.oetker.de\/rezepte\/r\/englischer-kastenkuchen\" target=\"_blank\">deutschen Englischen Teekuchen<\/a>? Den probiere ich das n\u00e4chste Mal.<\/p>\n<p>Einkaufsrunde &#8211; sehenden Auges an einem Adventsamstag in der Fu\u00dfg\u00e4ngerzone einer deutschen Gro\u00dfstadt. Es war dann tats\u00e4chlich sehr voll (Menschen kaufen also <i>nicht<\/i> alle Weihnachtsgeschenke online), ich machte mir das Vergn\u00fcgen, doppelt so schnell voranzukommen wie die Menschenfl\u00fcsse, <i>ohne<\/i> irgendwen oder irgendwas anzurempeln, f\u00fchlte mich dabei geradezu artistisch. Und ich bekam auch noch alles von meiner Liste, inklusive einem Geschenk f\u00fcr die Abendverabredung, das ich irgendwann geplant, dann vergessen hatte, das mir aber beim Passieren der Quelle wieder einfiel.<\/p>\n<p>Nachmittag mit Zeitunglesen bei Halsleselicht, schon kurz nach vier war nicht genug Tageslicht daf\u00fcr da.<\/p>\n<p>Auch Herr Kaltmamsell war abends verabredet, allerdings wo- und mit wem anders, er verlie\u00df das Haus noch vor mir. Ich freute mich auf einen Abend im Marie Therese bei der Theresienwiese; verabredet war ich dort mit einer Freundin, mit der ich vor vielen Jahren schonmal die Vorl\u00e4uferwirtschaft besucht hatte.<\/p>\n<p>Herzliches Wiedersehen, interessante Speisekarte. Ich hatte mich seit Tagen auf dunkles Bier gefreut, genoss es auch entsprechend. Von der Wochenkarte w\u00e4hlte ich als Vorspeise Pilzterrine.<\/p>\n<p><a href=\"https:\/\/www.vorspeisenplatte.de\/speisen\/archiv\/251206_07_MarieTherese.jpg\"><img loading=\"lazy\" decoding=\"async\" src=\"https:\/\/www.vorspeisenplatte.de\/speisen\/archiv\/251206_07_MarieTherese.jpg\" alt=\"\" width=\"333\" height=\"444\" class=\"alignnone size-full wp-image-114836\" \/><\/a><\/p>\n<p>Sie erwies sich eher als Pat\u00e9, war sehr herzhaft und gut.<\/p>\n<p><a href=\"https:\/\/www.vorspeisenplatte.de\/speisen\/archiv\/251206_08_MarieTherese.jpg\"><img loading=\"lazy\" decoding=\"async\" src=\"https:\/\/www.vorspeisenplatte.de\/speisen\/archiv\/251206_08_MarieTherese.jpg\" alt=\"\" width=\"333\" height=\"444\" class=\"alignnone size-full wp-image-114837\" \/><\/a><\/p>\n<p>Anschlie\u00dfend zur zweite Halben Dunklem ein K\u00fcrbsirisotto, das ganz ausgezeichnet schmeckte. Meine Verabredung hatte Backhendl gew\u00e4hlt und freute sich sehr daran. Dazu lebhafte Gespr\u00e4che unter anderem \u00fcber Brotbacken, Studium der Kinder-Generation, Schweineschlachtung im Altm\u00fchltal der 1970er (unter anderem mit einer herrlichen Anekdote aus einem Herbstman\u00f6ver &#8211; Abgleich von Erinnerungen aus Milit\u00e4r\u00fcbungen unserer Kindheit und Jugend), \u00fcber erfreuliche Online-Community-Erlebnisse, Speisef\u00f6hns und wie mittlerweile in praktisch allen Gespr\u00e4chen mit Altersgenoss*innen plus\/minus 20 Jahren: Austausch \u00fcber das Befinden der Eltern. Das Lokal war rege besucht, aber nicht voll, ein wenig personell unterbesetzt.<\/p>\n<p>Nicht allzu sp\u00e4ter Heimweg in recht milder Luft. <img loading=\"lazy\" decoding=\"async\" src=\"https:\/\/vg02.met.vgwort.de\/na\/e0df5ab428984b93bb153dc56c029e4b\" width=\"1\" height=\"1\" alt=\"\"\/><\/p>\n","protected":false},"excerpt":{"rendered":"<p>Ausreichend geschlafen. Empfangskommittee vor meiner Schlafzimmert\u00fcr, der linke Weihnachtsmann ist die Sorte Waffel &#038; Zimt, bin schon darauf gespannt. Dieses Jahr hatte auch ich wieder an einen Schokoladennikolaus f\u00fcr Herrn Kaltmamsell gedacht, sogar einen richtigen Bischof gefunden mit aufgesetzter Papp-Mitra und Papp-Bischofsstab. Der Tag wurde sogar hell, ich ahnte Sonne durch den Wolkenschleier. Meine Schwimmrunde [&hellip;]<\/p>\n","protected":false},"author":2,"featured_media":0,"comment_status":"open","ping_status":"closed","sticky":false,"template":"","format":"standard","meta":{"footnotes":""},"categories":[6,2,1],"tags":[],"class_list":["post-114823","post","type-post","status-publish","format-standard","hentry","category-essen","category-fotos","category-general"],"_links":{"self":[{"href":"https:\/\/www.vorspeisenplatte.de\/speisen\/wp-json\/wp\/v2\/posts\/114823","targetHints":{"allow":["GET"]}}],"collection":[{"href":"https:\/\/www.vorspeisenplatte.de\/speisen\/wp-json\/wp\/v2\/posts"}],"about":[{"href":"https:\/\/www.vorspeisenplatte.de\/speisen\/wp-json\/wp\/v2\/types\/post"}],"author":[{"embeddable":true,"href":"https:\/\/www.vorspeisenplatte.de\/speisen\/wp-json\/wp\/v2\/users\/2"}],"replies":[{"embeddable":true,"href":"https:\/\/www.vorspeisenplatte.de\/speisen\/wp-json\/wp\/v2\/comments?post=114823"}],"version-history":[{"count":3,"href":"https:\/\/www.vorspeisenplatte.de\/speisen\/wp-json\/wp\/v2\/posts\/114823\/revisions"}],"predecessor-version":[{"id":114849,"href":"https:\/\/www.vorspeisenplatte.de\/speisen\/wp-json\/wp\/v2\/posts\/114823\/revisions\/114849"}],"wp:attachment":[{"href":"https:\/\/www.vorspeisenplatte.de\/speisen\/wp-json\/wp\/v2\/media?parent=114823"}],"wp:term":[{"taxonomy":"category","embeddable":true,"href":"https:\/\/www.vorspeisenplatte.de\/speisen\/wp-json\/wp\/v2\/categories?post=114823"},{"taxonomy":"post_tag","embeddable":true,"href":"https:\/\/www.vorspeisenplatte.de\/speisen\/wp-json\/wp\/v2\/tags?post=114823"}],"curies":[{"name":"wp","href":"https:\/\/api.w.org\/{rel}","templated":true}]}}