{"id":114846,"date":"2025-12-08T06:24:52","date_gmt":"2025-12-08T05:24:52","guid":{"rendered":"https:\/\/www.vorspeisenplatte.de\/speisen\/?p=114846"},"modified":"2025-12-08T08:38:49","modified_gmt":"2025-12-08T07:38:49","slug":"journal-sonntag-7-februar-2025-durchgehangelt","status":"publish","type":"post","link":"https:\/\/www.vorspeisenplatte.de\/speisen\/2025\/12\/journal-sonntag-7-februar-2025-durchgehangelt.htm","title":{"rendered":"Journal Sonntag, 7. <del>Februar<\/del>Dezember 2025 &#8211; Durchgehangelt"},"content":{"rendered":"<p>Aufgewacht mit liebevollen Gedanken an einen Geburtstag.<\/p>\n<p>Das Drau\u00dfen tr\u00fcbselig grau und regnerisch, aber das Wohnzimmer gut geheizt, in dem ich bloggte, Milchkaffee, Wasser, Ingwertee trank.<\/p>\n<p>Morgens das j\u00e4hrliche Christkindlbrief-Telefonat mit meinem Bruder, bei dieser Gelegenheit Austausch von Aktuellem.<\/p>\n<p>Raus auf eine Laufrunde im Tr\u00fcben, ich startete an der Haust\u00fcr, lief bis hinter den Hinterbr\u00fchler See und zur\u00fcck. Es regnete dann doch ernsthafter, als der Regenradar prognostiziert hatte &#8211; darauf hatte ich f\u00fcr die folgenden beiden Stunden nur vorbeiziehendes Tr\u00f6pfeln gesehen. Nicht schlimm, nicht mal meine Brille wurde blind, zudem war es mild. Dennoch f\u00fchlte ich mich nicht so fit wie auch schon mal, die K\u00f6rperschwere wollte nicht abfallen.<\/p>\n<p><a href=\"https:\/\/www.vorspeisenplatte.de\/speisen\/archiv\/251207_01_Westermuehlbach.jpg\"><img loading=\"lazy\" decoding=\"async\" src=\"https:\/\/www.vorspeisenplatte.de\/speisen\/archiv\/251207_01_Westermuehlbach.jpg\" alt=\"\" width=\"580\" height=\"414\" class=\"alignnone size-full \" \/><\/a><\/p>\n<p><a href=\"https:\/\/www.vorspeisenplatte.de\/speisen\/archiv\/251207_02_Hinterbruehl.jpg\"><img loading=\"lazy\" decoding=\"async\" src=\"https:\/\/www.vorspeisenplatte.de\/speisen\/archiv\/251207_02_Hinterbruehl.jpg\" alt=\"\" width=\"578\" height=\"402\" class=\"alignnone size-full \" \/><\/a><\/p>\n<p><a href=\"https:\/\/www.vorspeisenplatte.de\/speisen\/archiv\/251207_03_Hinterbruehl.jpg\"><img loading=\"lazy\" decoding=\"async\" src=\"https:\/\/www.vorspeisenplatte.de\/speisen\/archiv\/251207_03_Hinterbruehl.jpg\" alt=\"\" width=\"582\" height=\"433\" class=\"alignnone size-full \" \/><\/a><\/p>\n<p><i>Danger and excitement<\/i>: Hinterm Hinterbr\u00fchler See nahm ich diese Abzweigung nach oben aufs Isarhochufer, die mich zehn Minuten nach Hinterbr\u00fchl und zwischen beeindruckende H\u00e4user brachte &#8211; hier will ich definitiv mal spazieren.<\/p>\n<p><a href=\"https:\/\/www.vorspeisenplatte.de\/speisen\/archiv\/251207_04_Hinterbruehl.jpg\"><img loading=\"lazy\" decoding=\"async\" src=\"https:\/\/www.vorspeisenplatte.de\/speisen\/archiv\/251207_04_Hinterbruehl.jpg\" alt=\"\" width=\"393\" height=\"539\" class=\"alignnone size-full wp-image-114867\" \/><\/a><\/p>\n<p>DANGER!<\/p>\n<p><a href=\"https:\/\/www.vorspeisenplatte.de\/speisen\/archiv\/251207_06_BraunauerEisenbahnbr.jpg\"><img loading=\"lazy\" decoding=\"async\" src=\"https:\/\/www.vorspeisenplatte.de\/speisen\/archiv\/251207_06_BraunauerEisenbahnbr.jpg\" alt=\"\" width=\"600\" height=\"386\" class=\"alignnone size-full \" \/><\/a><\/p>\n<p>Unter der Bruderm\u00fchlbr\u00fccke hatte ich die Dampflok des Bayerischen Eisenbahnmuseums auf ihrer Adventwochenend-Fahrt &#8220;Rund um M\u00fcnchen&#8221; pfeifen geh\u00f6rt, doch ich sah sie nicht, dazwischen lag noch eine Kurve.<br \/>\nKurz vor daheim noch Semmelkauf.<\/p>\n<p>Ausf\u00fchrlichere K\u00f6rperpflege; die beiden Jahre Wachsenthaaren meiner Beine haben f\u00fcr deutliche Verringerung der Behaarung gesorgt, ich muss seltener rasieren.<\/p>\n<p>Fr\u00fchst\u00fcck kurz vor zwei: K\u00f6rnersemmel mit Avocado, Orangen mit Joghurt, Fr\u00fcchtekuchen.<\/p>\n<p>Aus der zweiten Meyer-Zitrone im Haus kochte ich Lemon Curd, zur Abwechslung mal <a href=\"https:\/\/www.herrgruenkocht.de\/lemon-curd-ohne-ei-einfach-selber-machen\/\" target=\"_blank\">nach einem andere Rezept ohne Ei<\/a>.<\/p>\n<p><a href=\"https:\/\/www.vorspeisenplatte.de\/speisen\/archiv\/251207_07_MeyerLemonCurd.jpg\"><img loading=\"lazy\" decoding=\"async\" src=\"https:\/\/www.vorspeisenplatte.de\/speisen\/archiv\/251207_07_MeyerLemonCurd.jpg\" alt=\"\" width=\"308\" height=\"386\" class=\"alignnone size-full wp-image-114869\" \/><\/a><\/p>\n<p>Funktionierte wunderbar, allerdings h\u00e4tte ich die Rezepte von Herrn Gr\u00fcn am liebsten in B\u00fcndeln: In fast jedem tauchen Zutaten in kleinen Mengen auf, die automatisch einen gro\u00dfen Rest ergeben, im B\u00fcndel w\u00e4ren immer Rezepte zum Aufbrauchen enthalten (hier: 50 gr Schlagsahne &#8211; was mache ich mit den restlichen 150 gr im Becher? zuf\u00e4llig stand gerade ein angebrochener Becher im K\u00fchlschrank, sonst h\u00e4tte ich das Rezept nicht verwendet). Und ein Tipp: Erst die Zitronenschale reiben (in ein kleines Sch\u00fcsselchen, die \u00e4therischen \u00d6le durch Abdecken vom Verfl\u00fcchtigen abhalten), dann halbieren und auspressen f\u00fcr den Start der Zubereitung. Ausgepresste Zitronenh\u00e4lften sind nur schwierig zu reiben.<\/p>\n<p>Nachmittag mit Lesen und ein wenig R\u00e4umen. Pilates setzte ich aus, nach der Anstrengung der Laufrunde f\u00fchlte sich Krafttraining nicht passend an. Statt dessen eine halbe Stunde Strech-betontes Yoga.<\/p>\n<p>Brotzeitvorbereitung, dann servierte Herr Kaltmamsell <a href=\"https:\/\/glatzkoch.de\/2025\/11\/01\/weisskohl-mit-bacon-geschmort\/\" target=\"_blank\">das Wei\u00dfkraut aus Ernteanteil geschmort mit Bacon, Beilage Kartoffelp\u00fc<\/a>.<\/p>\n<p><a href=\"https:\/\/www.vorspeisenplatte.de\/speisen\/archiv\/251207_08_Nachtmahl.jpg\"><img loading=\"lazy\" decoding=\"async\" src=\"https:\/\/www.vorspeisenplatte.de\/speisen\/archiv\/251207_08_Nachtmahl.jpg\" alt=\"\" width=\"444\" height=\"333\" class=\"alignnone size-full wp-image-114870\" \/><\/a><\/p>\n<p>Schmeckte sehr gut, \u00fcberraschenderweise schmeckte der Fr\u00fchst\u00fccksspeck nach am wenigsten.<\/p>\n<p>Nachtisch Schokolade.<\/p>\n<p>\u00a7<\/p>\n<p>Martin Parr ist gestorben &#8211; das hatte ich wirklich nicht kommen sehen (mit 73). Der war doch noch gar nicht fertig!<\/p>\n<p>Parr hat als Teil von Magnum zum einen die Sorte Fotografie betrieben, die mir die liebste ist: Foto-Journalismus \/ Dokumentation. Gleichzeitig machte er sich durch die unerbittliche Verwendung von Blitzlicht bei ALLEM als Fotograf sichtbar, seine Bilder behaupteten den unschuldigen Blick erst gar nicht. Die Bekanntschaft mit dem Werk Martin Parrs lie\u00df mich ab den 1990ern Fotografie neu sehen.<\/p>\n<p>Und in meinen Augen erhoben sich seine Aufnahmen der britischen <i>working class<\/i> in keiner Weise \u00fcber die abgebildeten Menschen &#8211; auch wenn die Kritik die Bilder in seiner ersten Ausstellung 1986 <i>cruel and voyeuristic<\/i> schimpfte. <a href=\"https:\/\/www.magnumphotos.com\/arts-culture\/society-arts-culture\/martin-parr-the-last-resort\/?_gl=1*qfbn2t*_up*MQ..*_ga*MTMwNjMwNTE5MS4xNzY1MTI1MDIx*_ga_50D0ZG80LT*czE3NjUxMjUwMjAkbzEkZzAkdDE3NjUxMjUwMjAkajYwJGwwJGgxMzU5OTkzNjI.*_ga_Y4MWFWT6P9*czE3NjUxMjUwMjAkbzEkZzAkdDE3NjUxMjUwMjAkajYwJGwwJGgw\" target=\"_blank\">Vielleicht m\u00f6gen Sie hier in sein Fr\u00fchwerk aus den 1980ern schauen?<\/a><br \/>\n<a href=\"https:\/\/www.magnumphotos.com\/photographer\/martin-parr\/\" target=\"_blank\">Und hier sein Profil bei Magnum<\/a> mit Links zu weiteren Reihen.<\/p>\n<p>Andrea Diener ist Martin Parr auch pers\u00f6nlich begegnet und schreibt in ihrem aktuellen Newsletter dar\u00fcber.<br \/>\n<a href=\"https:\/\/streetletter.substack.com\/p\/a-supposedly-fun-thing\" target=\"_blank\">&#8220;A supposedly fun thing: \u00dcber Martin Parr (unter anderem)&#8221;.<\/a><\/p>\n<p>Ihr ist als Fotografin aufgefallen, wie stark Parr Schule gemacht hat:<\/p>\n<blockquote><p>Es ist nicht leicht, Menschen in der Freizeit bei diesen typischen Freizeitaktivit\u00e4ten zu fotografieren, ohne sofort so einen Parr-Blick aufzusetzen.<\/p><\/blockquote>\n<p>\u00a7<\/p>\n<p>Liebevoller Artikel von David Pfeifer zu 50 Jahre <i>Rocky<\/i> in der <i>S\u00fcddeutschen Zeitung<\/i> (ohne Paywall!):<br \/>\n<a href=\"https:\/\/www.sueddeutsche.de\/leben\/rocky-jahre-boxfilmgeschichte-sylvester-stallone-legende-li.3344633\" target=\"_blank\">&#8220;Mythos Rocky<br \/>\nZum Nachschlagen&#8221;.<\/a><\/p>\n<p>Sch\u00f6ne Entstehungsgeschichte, die mich Sylvester Stallone erst richtig respektieren l\u00e4sst. Mir gefiel der Film gut (ich wei\u00df nicht mehr, wann ich ihn sah, vermute, dass mein Filmfreund zu Studienzeiten diese Bildungsl\u00fccke energisch f\u00fcllte &#8211; er setzte mich vor einige Klassiker in den Sessel vor seinem Fernseher, und ich bin ihm bis heute dankbar daf\u00fcr), und erst jetzt lernte ich, dass das Drehbuch von Stallone stammt.<\/p>\n<p>Und selbst die Stufen rauf zur Bavaria kann ich nicht laufen, <a href=\"https:\/\/www.youtube.com\/watch?v=_YYmfM2TfUA\" target=\"_blank\">ohne dass in meinem Kopf automatisch dieser Sound dazu angeht<\/a>.<\/p>\n<p>\u00a7<\/p>\n<p>Aus aktuellem Anlass:<\/p>\n<div class=\"video-wrapped\" style=\"width: 500px; height: 281px; background-image: url('https:\/\/www.vorspeisenplatte.de\/speisen\/wp-content\/plugins\/video-embed-privacy\/preview\/xpWBsHW4uts.jpg')\" data-embed-frame=\"&lt;iframe title=&quot;Gerhard Polt: Fast wia im richtigen Leben (7\/13) | Ganze Folge | BR Kabarett &amp;amp; Comedy&quot; width=&quot;500&quot; height=&quot;281&quot; src=&quot;https:\/\/www.youtube.com\/embed\/xpWBsHW4uts?start=926&amp;feature=oembed&quot; frameborder=&quot;0&quot; allow=&quot;accelerometer; autoplay; clipboard-write; encrypted-media; gyroscope; picture-in-picture; web-share&quot; referrerpolicy=&quot;strict-origin-when-cross-origin&quot; allowfullscreen&gt;&lt;\/iframe&gt;\" data-embed-play=\"Abspielen&lt;div class=&quot;small&quot;&gt;Das Video wird von Youtube eingebettet abespielt. Es gilt die &lt;a href=&quot;https:\/\/www.google.com\/intl\/de\/policies\/privacy\/&quot; target=&quot;_blank&quot;&gt;Datenschutzerkl\u00e4rung von Google&lt;\/a&gt;&lt;\/div&gt;\">\n<div class=\"video-wrapped-nojs\">Aktivieren Sie JavaScript um das Video zu sehen.<br \/><a href=\"https:\/\/www.youtube.com\/watch?v=xpWBsHW4uts&amp;t=926s\">https:\/\/www.youtube.com\/watch?v=xpWBsHW4uts&#038;t=926s<\/a><\/div>\n<\/div>\n<p>via <a href=\"https:\/\/fnordon.de\/@Klugscheisser\/115679416910798750\" target=\"_blank\">@klugscheisser<\/a><\/p>\n<p>Ah mei, des is so lang her, des is ja vo Neinzehnzworarachzg, haha, des warat heit GANZ anders! <img loading=\"lazy\" decoding=\"async\" src=\"https:\/\/vg02.met.vgwort.de\/na\/5128160374f34f7f8c73ff3a5125d6fd\" width=\"1\" height=\"1\" alt=\"\"\/><\/p>\n","protected":false},"excerpt":{"rendered":"<p>Aufgewacht mit liebevollen Gedanken an einen Geburtstag. Das Drau\u00dfen tr\u00fcbselig grau und regnerisch, aber das Wohnzimmer gut geheizt, in dem ich bloggte, Milchkaffee, Wasser, Ingwertee trank. Morgens das j\u00e4hrliche Christkindlbrief-Telefonat mit meinem Bruder, bei dieser Gelegenheit Austausch von Aktuellem. Raus auf eine Laufrunde im Tr\u00fcben, ich startete an der Haust\u00fcr, lief bis hinter den Hinterbr\u00fchler [&hellip;]<\/p>\n","protected":false},"author":2,"featured_media":0,"comment_status":"open","ping_status":"closed","sticky":false,"template":"","format":"standard","meta":{"footnotes":""},"categories":[6,4,2,1],"tags":[],"class_list":["post-114846","post","type-post","status-publish","format-standard","hentry","category-essen","category-filme","category-fotos","category-general"],"_links":{"self":[{"href":"https:\/\/www.vorspeisenplatte.de\/speisen\/wp-json\/wp\/v2\/posts\/114846","targetHints":{"allow":["GET"]}}],"collection":[{"href":"https:\/\/www.vorspeisenplatte.de\/speisen\/wp-json\/wp\/v2\/posts"}],"about":[{"href":"https:\/\/www.vorspeisenplatte.de\/speisen\/wp-json\/wp\/v2\/types\/post"}],"author":[{"embeddable":true,"href":"https:\/\/www.vorspeisenplatte.de\/speisen\/wp-json\/wp\/v2\/users\/2"}],"replies":[{"embeddable":true,"href":"https:\/\/www.vorspeisenplatte.de\/speisen\/wp-json\/wp\/v2\/comments?post=114846"}],"version-history":[{"count":3,"href":"https:\/\/www.vorspeisenplatte.de\/speisen\/wp-json\/wp\/v2\/posts\/114846\/revisions"}],"predecessor-version":[{"id":114884,"href":"https:\/\/www.vorspeisenplatte.de\/speisen\/wp-json\/wp\/v2\/posts\/114846\/revisions\/114884"}],"wp:attachment":[{"href":"https:\/\/www.vorspeisenplatte.de\/speisen\/wp-json\/wp\/v2\/media?parent=114846"}],"wp:term":[{"taxonomy":"category","embeddable":true,"href":"https:\/\/www.vorspeisenplatte.de\/speisen\/wp-json\/wp\/v2\/categories?post=114846"},{"taxonomy":"post_tag","embeddable":true,"href":"https:\/\/www.vorspeisenplatte.de\/speisen\/wp-json\/wp\/v2\/tags?post=114846"}],"curies":[{"name":"wp","href":"https:\/\/api.w.org\/{rel}","templated":true}]}}