{"id":114881,"date":"2025-12-09T06:19:13","date_gmt":"2025-12-09T05:19:13","guid":{"rendered":"https:\/\/www.vorspeisenplatte.de\/speisen\/?p=114881"},"modified":"2025-12-09T06:21:06","modified_gmt":"2025-12-09T05:21:06","slug":"journal-montag-8-dezember-2025-langer-tag","status":"publish","type":"post","link":"https:\/\/www.vorspeisenplatte.de\/speisen\/2025\/12\/journal-montag-8-dezember-2025-langer-tag.htm","title":{"rendered":"Journal Montag, 8. Dezember 2025 &#8211; Langer Tag"},"content":{"rendered":"<p>Mittlerweile habe ich einen Verdacht zur Ursache meines mehrfachen Aufwachens in der Nacht wegen scheinbarem Harndrang (wie in der Nacht zu gestern). Im Januar k\u00f6nnte ich ihn bei einem medzinischen Termin verifizieren &#8211; oder widerlegen, was mir deutlich lieber w\u00e4re.<\/p>\n<p><a href=\"https:\/\/www.vorspeisenplatte.de\/speisen\/archiv\/251208_02_Bavariapark.jpg\"><img loading=\"lazy\" decoding=\"async\" src=\"https:\/\/www.vorspeisenplatte.de\/speisen\/archiv\/251208_02_Bavariapark.jpg\" alt=\"\" width=\"600\" height=\"369\" class=\"alignnone size-full \" \/><\/a><\/p>\n<p>Regnerischer, schwarzer Morgen, doch auf dem Weg in die Arbeit wurde ich nur kurz etwas angetr\u00f6pfelt. Die geradezu eklig warme Luft \u00fcber 10 Grad war angek\u00fcndigt, ich marschierte in leichterem Mantel und barh\u00e4uptig ins B\u00fcro. Dort st\u00fcrzte ich mich gleichmal auf eine Aufgabe, die ich am Freitagnachmittag nicht erledigen konnte, weil die daf\u00fcr n\u00f6tigen Schnittstellen <i>nicht<\/i> 24\/7 arbeiteten, nicht mal deckungsgleich mit meinen weit davon entfernten Arbeitszeiten.<\/p>\n<p>Zum Gl\u00fcck sah ich im E-Mail-Postfach nur Erwartetes und arbeitete geordnet los. Dennoch konnte ich einen Querschuss am Vormittag nicht auffangen: Manche meiner Aufgaben sind nicht gleichtzeitig zu erledigen, und gestern belegte mich in erster Linie Veranstaltungsorganisation.<\/p>\n<p>Einen Dienstgang konnte ich mit Mittagscappuccino verbinden &#8211; auch wenn sie f\u00fcr Dezember komplett unangebracht war, genoss ich die milde Luft sehr und atmete sie in tiefen Z\u00fcgen.<\/p>\n<p>Wegen Geplantem gab es eher sp\u00e4t Mittagessen: Orange, au\u00dferdem Mango (aus dem Supermarkt, ich wollte mal wieder eine gute) mit Sojajoghurt.<\/p>\n<p>Am Nachmittag wurde es kurz vor Abendd\u00e4mmerung sogar nochmal hell, inklusive Ahnung von blauem Himmel.<\/p>\n<p>Sp\u00e4terer Feierabend als geplant, das Ende der aufzur\u00e4umenden Veranstaltung verschob sich.<\/p>\n<p>Dennoch nahm ich wie geplant danach die U-Bahn zum Odeonsplatz: Eine pers\u00f6nliche Tischreservierung zum Feiern der Weihnachtsferien mit Herrn Kaltmamsell im Blauen Haus, anschlie\u00dfend Weihnachtsgeschenkekauf &#8211; und wieder ein sehr sch\u00f6nes Offline-Erlebnis, bestimmte Gesch\u00e4fte in M\u00fcnchen mag ich wirklich sehr. In diesem Fall freute ich mich ganz besonders, denn online hatte ich das Gew\u00fcnschte nicht bekommen.<\/p>\n<p>Zu Hause war ich entsprechend sp\u00e4t, vor dem Abendessen hatte ich nur noch Zeit f\u00fcr H\u00e4uslichkeiten und Brotzeitvorbereitung. Als Nachtmahl servierte Herr Kaltmamsell den Ernteanteil-Riesenkohlrabi <a href=\"https:\/\/salzkorn.blogspot.com\/2025\/11\/ofen-karamellisierter-kohlrabi.html\" target=\"_blank\">ofenkaramellisiert<\/a> und mit cremiger Polenta. Joah, nicht meine liebste Kohlrabi-Zubereitung. Nachtisch Kuchen und Schokolade. Dabei erz\u00e4hlte Herr Kaltmamsell aus der Arbeit &#8211; und wies mich darauf hin, dass der Beginn Abendd\u00e4mmerung bereits stagniert, noch vor der Wintersonnwend nach sp\u00e4ter r\u00fcckt (er leidet auch sehr unter der winterlichen Lichtarmut).<\/p>\n<p>Im Fernsehen stolperten wir \u00fcber <i>Fargo<\/i> von 1996 &#8211; ein Kinoerlebnis, das ich nie vergessen habe (diese wei\u00dfe, neblige Winter-Unendlichkeit!) und meine erste Begegnung mit der wundervollen Frances McDormand. Auf die Filmmusik von Carter Burwell war ich vorher schon in <i>Hudsucker Proxy<\/i> aufmerksam geworden.<\/p>\n<p>Sp\u00e4ter ins Bett als geplant: Der beim Heimkommen gestartete Waschmaschinendurchgang brauchte drei statt der angek\u00fcndigten zwei Stunden.<\/p>\n<p>\u00a7<\/p>\n<p>Einfach mal im Detail durcherz\u00e4hlt: Eine Frau in Deutschland wird ungewollt schwanger und l\u00e4sst abtreiben. Spoiler: Nichts daran ist einfach.<br \/>\n<a href=\"https:\/\/taz.de\/Ungewollt-schwanger\/!6127320\/\" target=\"_blank\">&#8220;Im Aufwachraum&#8221;.<\/a> <img loading=\"lazy\" decoding=\"async\" src=\"https:\/\/vg02.met.vgwort.de\/na\/db690a33d9dd48be8e201b8b3f8be458\" width=\"1\" height=\"1\" alt=\"\"\/><\/p>\n","protected":false},"excerpt":{"rendered":"<p>Mittlerweile habe ich einen Verdacht zur Ursache meines mehrfachen Aufwachens in der Nacht wegen scheinbarem Harndrang (wie in der Nacht zu gestern). Im Januar k\u00f6nnte ich ihn bei einem medzinischen Termin verifizieren &#8211; oder widerlegen, was mir deutlich lieber w\u00e4re. Regnerischer, schwarzer Morgen, doch auf dem Weg in die Arbeit wurde ich nur kurz etwas [&hellip;]<\/p>\n","protected":false},"author":2,"featured_media":0,"comment_status":"open","ping_status":"closed","sticky":false,"template":"","format":"standard","meta":{"footnotes":""},"categories":[6,2,1],"tags":[],"class_list":["post-114881","post","type-post","status-publish","format-standard","hentry","category-essen","category-fotos","category-general"],"_links":{"self":[{"href":"https:\/\/www.vorspeisenplatte.de\/speisen\/wp-json\/wp\/v2\/posts\/114881","targetHints":{"allow":["GET"]}}],"collection":[{"href":"https:\/\/www.vorspeisenplatte.de\/speisen\/wp-json\/wp\/v2\/posts"}],"about":[{"href":"https:\/\/www.vorspeisenplatte.de\/speisen\/wp-json\/wp\/v2\/types\/post"}],"author":[{"embeddable":true,"href":"https:\/\/www.vorspeisenplatte.de\/speisen\/wp-json\/wp\/v2\/users\/2"}],"replies":[{"embeddable":true,"href":"https:\/\/www.vorspeisenplatte.de\/speisen\/wp-json\/wp\/v2\/comments?post=114881"}],"version-history":[{"count":3,"href":"https:\/\/www.vorspeisenplatte.de\/speisen\/wp-json\/wp\/v2\/posts\/114881\/revisions"}],"predecessor-version":[{"id":114902,"href":"https:\/\/www.vorspeisenplatte.de\/speisen\/wp-json\/wp\/v2\/posts\/114881\/revisions\/114902"}],"wp:attachment":[{"href":"https:\/\/www.vorspeisenplatte.de\/speisen\/wp-json\/wp\/v2\/media?parent=114881"}],"wp:term":[{"taxonomy":"category","embeddable":true,"href":"https:\/\/www.vorspeisenplatte.de\/speisen\/wp-json\/wp\/v2\/categories?post=114881"},{"taxonomy":"post_tag","embeddable":true,"href":"https:\/\/www.vorspeisenplatte.de\/speisen\/wp-json\/wp\/v2\/tags?post=114881"}],"curies":[{"name":"wp","href":"https:\/\/api.w.org\/{rel}","templated":true}]}}