{"id":114953,"date":"2025-12-12T06:15:55","date_gmt":"2025-12-12T05:15:55","guid":{"rendered":"https:\/\/www.vorspeisenplatte.de\/speisen\/?p=114953"},"modified":"2025-12-12T06:15:55","modified_gmt":"2025-12-12T05:15:55","slug":"journal-donnerstag-11-dezember-2025-sturznebel","status":"publish","type":"post","link":"https:\/\/www.vorspeisenplatte.de\/speisen\/2025\/12\/journal-donnerstag-11-dezember-2025-sturznebel.htm","title":{"rendered":"Journal Donnerstag, 11. Dezember 2025 &#8211; Sturznebel"},"content":{"rendered":"<p>Diesmal marschierte ich wieder in fast v\u00f6lliger Nachtdunkelheit in die Arbeit: Der Himmel mit geschlossener Wolkendecke d\u00fcster, es fielen ein paar Regentropfen. Aber es war weiterhin mild.<\/p>\n<p>Auf der Theresienwiese flogen drei G\u00e4nse \u00fcber mich weg, nur m\u00e4\u00dfig gespr\u00e4chig.<\/p>\n<p>Emsiger Arbeitsvormittag, statt auf Mittagscappuccino hatte ich vor allem Lust auf Bewegung im Drau\u00dfen, auch wenn das d\u00fcster geblieben war. Also marschierte ich eine Runde an zwei gewohnten Quellen von Mittagscappuccino wenigstens vorbei, atmete tief den Geruch von kalter, nasser Erde ein. Erst kurz vor meinem Mittagessen (Orangen, H\u00fcttenk\u00e4se) war mir nach Koffein, ich holte es mir in der Haus-Cafeteria.<\/p>\n<p>Hell wurde es gestern eh nicht mehr, statt dass er aufriss, schickte der Himmel aus Wolken Schwaden &#8211; die in b\u00fchnenreifer Geschwindigkeit die Sicht vernebelten.<\/p>\n<p><a href=\"https:\/\/www.vorspeisenplatte.de\/speisen\/archiv\/251211_05_Bueroblick.jpg\"><img loading=\"lazy\" decoding=\"async\" src=\"https:\/\/www.vorspeisenplatte.de\/speisen\/archiv\/251211_05_Bueroblick.jpg\" alt=\"\" width=\"363\" height=\"484\" class=\"alignnone size-full wp-image-114967\" \/><\/a><\/p>\n<p>Arbeitsreicher Nachmittag, ich kam zu einigem nicht.<\/p>\n<p>Feierabend mit Gesch\u00e4ftigkeit schon auf dem Heimweg: Herr Kaltmamsell hatte berufliche Termine bis sehr sp\u00e4t, ich sprang f\u00fcr ihn ein und holte Ernteanteil ab.<\/p>\n<p>Zu Hause buk ich erstmal Schneeflocken.<\/p>\n<p><a href=\"https:\/\/www.vorspeisenplatte.de\/rezepte\/archiv\/251211_13_Schneeflocken.jpg\"><img loading=\"lazy\" decoding=\"async\" src=\"https:\/\/www.vorspeisenplatte.de\/rezepte\/archiv\/251211_13_Schneeflocken.jpg\" alt=\"\" width=\"363\" height=\"484\" class=\"alignnone size-full wp-image-1271\" \/><\/a><\/p>\n<p>Da ich jedesmal erst l\u00e4nglich durch meine Online-Listen suche, bis ich Frau Muttis Rezept daf\u00fcr finde, <a href=\"https:\/\/www.vorspeisenplatte.de\/rezepte\/schneeflocken.htm\" target=\"_blank\">schrieb ich es gestern ins Rezept-Eck meines Blogs<\/a>.<\/p>\n<p>Als Abendessen gab es den eben abgeholten Feldsalat.<\/p>\n<p><a href=\"https:\/\/www.vorspeisenplatte.de\/speisen\/archiv\/251211_09_Feldsalatbad.jpg\"><img loading=\"lazy\" decoding=\"async\" src=\"https:\/\/www.vorspeisenplatte.de\/speisen\/archiv\/251211_09_Feldsalatbad.jpg\" alt=\"\" width=\"484\" height=\"363\" class=\"alignnone size-full wp-image-114968\" \/><\/a><\/p>\n<p>Nach dem ersten von zwei Vollb\u00e4dern. Dressing aus Zitronensaft und K\u00fcrbiskern\u00f6l, Feldsalat ist wirklich eine edle K\u00f6stlichkeit. Dazu ein wachsweiches Ei, danach gereifter Crowdfarming-Manchego mit Quittengelee. Nachtisch Schokolade.<\/p>\n<p>Mein K\u00f6rper spielt sich die ganze Woche schon mit Zipperlein auf, aber bislang reichen die Schmerzen lediglich in den Nerv-Bereich: Ein paar (!) Z\u00e4hne, die Lendenwirbels\u00e4ule eh, die operierte H\u00fcfte rundum inklusive Leiste, mal das eine Knie, mal das andere bei Bewegungen wie Treppensteigen, die Halswirbels\u00e4ule bis zu Blitzen in die Schulter, das linke Gro\u00dfzehengelenk gestern den ganzen Tag bis zum Hinken, Unterleib wie zu Menstruationszeiten &#8211; was ist denn los? Beziehungsweise: Ist da endlich mal Ruhe?!<\/p>\n<p>\u00a7<\/p>\n<p>Der Link war auf Mastodon mit dem Kommentar versehen: &#8220;This website is exactly what the internet exists for.&#8221; Stimmt.<br \/>\nSchauen Sie sich hier an, wie gro\u00df was ist:<br \/>\n<a href=\"https:\/\/neal.fun\/size-of-life\/\" target=\"_blank\">&#8220;Size of life.&#8221;<\/a><br \/>\n(Ich mochte die Beschreibung des Menschen.) <img loading=\"lazy\" decoding=\"async\" src=\"https:\/\/vg02.met.vgwort.de\/na\/e30f1df8308e476fb2031f5976ac92e4\" width=\"1\" height=\"1\" alt=\"\"\/><\/p>\n","protected":false},"excerpt":{"rendered":"<p>Diesmal marschierte ich wieder in fast v\u00f6lliger Nachtdunkelheit in die Arbeit: Der Himmel mit geschlossener Wolkendecke d\u00fcster, es fielen ein paar Regentropfen. Aber es war weiterhin mild. Auf der Theresienwiese flogen drei G\u00e4nse \u00fcber mich weg, nur m\u00e4\u00dfig gespr\u00e4chig. Emsiger Arbeitsvormittag, statt auf Mittagscappuccino hatte ich vor allem Lust auf Bewegung im Drau\u00dfen, auch wenn [&hellip;]<\/p>\n","protected":false},"author":2,"featured_media":0,"comment_status":"open","ping_status":"closed","sticky":false,"template":"","format":"standard","meta":{"footnotes":""},"categories":[6,1],"tags":[],"class_list":["post-114953","post","type-post","status-publish","format-standard","hentry","category-essen","category-general"],"_links":{"self":[{"href":"https:\/\/www.vorspeisenplatte.de\/speisen\/wp-json\/wp\/v2\/posts\/114953","targetHints":{"allow":["GET"]}}],"collection":[{"href":"https:\/\/www.vorspeisenplatte.de\/speisen\/wp-json\/wp\/v2\/posts"}],"about":[{"href":"https:\/\/www.vorspeisenplatte.de\/speisen\/wp-json\/wp\/v2\/types\/post"}],"author":[{"embeddable":true,"href":"https:\/\/www.vorspeisenplatte.de\/speisen\/wp-json\/wp\/v2\/users\/2"}],"replies":[{"embeddable":true,"href":"https:\/\/www.vorspeisenplatte.de\/speisen\/wp-json\/wp\/v2\/comments?post=114953"}],"version-history":[{"count":3,"href":"https:\/\/www.vorspeisenplatte.de\/speisen\/wp-json\/wp\/v2\/posts\/114953\/revisions"}],"predecessor-version":[{"id":114974,"href":"https:\/\/www.vorspeisenplatte.de\/speisen\/wp-json\/wp\/v2\/posts\/114953\/revisions\/114974"}],"wp:attachment":[{"href":"https:\/\/www.vorspeisenplatte.de\/speisen\/wp-json\/wp\/v2\/media?parent=114953"}],"wp:term":[{"taxonomy":"category","embeddable":true,"href":"https:\/\/www.vorspeisenplatte.de\/speisen\/wp-json\/wp\/v2\/categories?post=114953"},{"taxonomy":"post_tag","embeddable":true,"href":"https:\/\/www.vorspeisenplatte.de\/speisen\/wp-json\/wp\/v2\/tags?post=114953"}],"curies":[{"name":"wp","href":"https:\/\/api.w.org\/{rel}","templated":true}]}}