{"id":11591,"date":"2011-05-14T09:41:28","date_gmt":"2011-05-14T07:41:28","guid":{"rendered":"https:\/\/www.vorspeisenplatte.de\/speisen\/?p=11591"},"modified":"2011-05-14T09:41:28","modified_gmt":"2011-05-14T07:41:28","slug":"fremdlesen","status":"publish","type":"post","link":"https:\/\/www.vorspeisenplatte.de\/speisen\/2011\/05\/fremdlesen.htm","title":{"rendered":"Fremdlesen"},"content":{"rendered":"<p>Zur gem\u00fctlichen Samstagsmorgenlekt\u00fcre seien Ihnen empfohlen:<\/p>\n<p><i>Salon<\/i> macht seinen Tabletalk dicht, eine der ersten von einem etablierten Medium gegr\u00fcndeten <i>online communities<\/i>. Eine sehr informative und recht traurige Geschichte dar\u00fcber, auf wie vielf\u00e4ltige Weise etablierte Medien und <i>user generated content<\/i> immer noch nicht kompatibel sind. So traurig hat mich vergangenen Donnerstag auch der <a href=\"http:\/\/www.mediacoffee.de\/node\/6296\" target=_\"new\">Media Coffee von News aktuell<\/a> gemacht: F\u00fcr die Dame und Herren auf dem Podium existierte <i>user generated content<\/i> gar nicht, und die PR-Fachfrau sprach immer noch von \u201edie Bloggerszene\u201c (\u201eDie Bloggerszene muss sich entscheiden&#8230;\u201c &#8211; Frau Sammer, ein weiteres Mal zum Mitschreiben: Es gibt keine Bloggerszene. Es handelt sich fast ausnahmslos um sehr individuelle Einzelpublizisten und -publizistinnen mit h\u00f6chst diversen Zielen und Motiven, die sich meist nicht mal mit ihrer Blogroll als Gruppe identifizieren. Und als Individuen m\u00fcssten sie angesprochen werden. Nur weil die bisher n\u00fctzlichen PR-Instrumente und -Erfolgsmessungen nicht darauf ausgerichtet sind, werden Sie diesen Umstand nicht verbiegen k\u00f6nnen.)<\/p>\n<p><a href=\"http:\/\/www.wordyard.com\/2011\/05\/12\/salons-tabletalk-shutdown-what-we-can-learn-from-the-story-of-a-pioneering-online-community\/\" target=_\"new\">Salon\u2019s TableTalk shutdown: What we can learn from the story of a pioneering online community<\/a><\/p>\n<p>\u00a7<\/p>\n<p>Jede, die regelm\u00e4\u00dfig Schwimmen geht, beginnt fr\u00fcher oder sp\u00e4ter, die Beckengenossinnen und -genossen zu klassifizieren, meist mit Metaphern. (<a href=\"https:\/\/www.vorspeisenplatte.de\/speisen\/2004\/02\/schwimmen.htm\">Hier zum Beispiel meine von vor vielen Jahren.<\/a>)<\/p>\n<p>Dass auch echte Schwimmer das tun, \u00fcberraschte mich &#8211; und dann auch noch richtig gut!<br \/>\n<a href=\"http:\/\/swim.de\/magazin\/open-water\/bruno-baumgartner-von-seerosen-und-sportschwimmern\" target=_\"new\">Bruno Baumgartner: Von Seerosen und Sportschwimmern<\/a><\/p>\n<p>\u00a7<\/p>\n<p>Eines von f\u00fcnf Themen des gestrigen G8- Deutschabiturs an bayerischen Gymnasien war:<\/p>\n<blockquote><p>\u201eFreundschaft im Zeitalter digitaler Kommunikation\u201c<br \/>\nSetzen Sie sich mit diesem Thema auseinander, indem Sie eine der beiden Varianten bearbeiten!\n<\/p><\/blockquote>\n<p>Variante 1 war eine Abw\u00e4gung von Risiken und Chancen, Variante 2 ein Kommentar f\u00fcr die Jugendseite einer \u00fcberregionalen Tageszeitung. Dazu gab es Material in Form von einer Werbeanzeige sowie drei Zeitungsartikeln und einer Statistik.<\/p>\n<p>Blogpostings geh\u00f6rten nicht zum Material. Ich h\u00e4tte da eine Empfehlung. Wie das ist mit dem Web als Verl\u00e4ngerung pers\u00f6nlicher Kontakte schildert n\u00e4mlich Herrn Paulsen: <a href=\"http:\/\/nutriculinary.com\/2011\/05\/11\/freundschaft\/\" target=_\"new\">Freundschaft<\/a>.<\/p>\n","protected":false},"excerpt":{"rendered":"<p>Zur gem\u00fctlichen Samstagsmorgenlekt\u00fcre seien Ihnen empfohlen: Salon macht seinen Tabletalk dicht, eine der ersten von einem etablierten Medium gegr\u00fcndeten online communities. Eine sehr informative und recht traurige Geschichte dar\u00fcber, auf wie vielf\u00e4ltige Weise etablierte Medien und user generated content immer noch nicht kompatibel sind. So traurig hat mich vergangenen Donnerstag auch der Media Coffee von [&hellip;]<\/p>\n","protected":false},"author":2,"featured_media":0,"comment_status":"open","ping_status":"closed","sticky":false,"template":"","format":"standard","meta":{"footnotes":""},"categories":[1],"tags":[],"class_list":["post-11591","post","type-post","status-publish","format-standard","hentry","category-general"],"_links":{"self":[{"href":"https:\/\/www.vorspeisenplatte.de\/speisen\/wp-json\/wp\/v2\/posts\/11591","targetHints":{"allow":["GET"]}}],"collection":[{"href":"https:\/\/www.vorspeisenplatte.de\/speisen\/wp-json\/wp\/v2\/posts"}],"about":[{"href":"https:\/\/www.vorspeisenplatte.de\/speisen\/wp-json\/wp\/v2\/types\/post"}],"author":[{"embeddable":true,"href":"https:\/\/www.vorspeisenplatte.de\/speisen\/wp-json\/wp\/v2\/users\/2"}],"replies":[{"embeddable":true,"href":"https:\/\/www.vorspeisenplatte.de\/speisen\/wp-json\/wp\/v2\/comments?post=11591"}],"version-history":[{"count":0,"href":"https:\/\/www.vorspeisenplatte.de\/speisen\/wp-json\/wp\/v2\/posts\/11591\/revisions"}],"wp:attachment":[{"href":"https:\/\/www.vorspeisenplatte.de\/speisen\/wp-json\/wp\/v2\/media?parent=11591"}],"wp:term":[{"taxonomy":"category","embeddable":true,"href":"https:\/\/www.vorspeisenplatte.de\/speisen\/wp-json\/wp\/v2\/categories?post=11591"},{"taxonomy":"post_tag","embeddable":true,"href":"https:\/\/www.vorspeisenplatte.de\/speisen\/wp-json\/wp\/v2\/tags?post=11591"}],"curies":[{"name":"wp","href":"https:\/\/api.w.org\/{rel}","templated":true}]}}