{"id":116170,"date":"2026-01-23T06:34:57","date_gmt":"2026-01-23T05:34:57","guid":{"rendered":"https:\/\/www.vorspeisenplatte.de\/speisen\/?p=116170"},"modified":"2026-01-23T06:34:57","modified_gmt":"2026-01-23T05:34:57","slug":"journal-donnerstag-22-januar-2026-fortgesetzte-saukaelte","status":"publish","type":"post","link":"https:\/\/www.vorspeisenplatte.de\/speisen\/2026\/01\/journal-donnerstag-22-januar-2026-fortgesetzte-saukaelte.htm","title":{"rendered":"Journal Donnerstag, 22. Januar 2026 &#8211; Fortgesetzte Sauk\u00e4lte"},"content":{"rendered":"<p>Aufgestanden zu tiefer K\u00e4lte, gestern brachte sie eisigen Nebel mit. Der Marsch in die Arbeit darin wenig froh, zumal die K\u00e4lte bis auf Weiteres so bleiben soll.<\/p>\n<p><a href=\"https:\/\/www.vorspeisenplatte.de\/speisen\/archiv\/260122_01_Buerohausblick.jpg\"><img loading=\"lazy\" decoding=\"async\" src=\"https:\/\/www.vorspeisenplatte.de\/speisen\/archiv\/260122_01_Buerohausblick.jpg\" alt=\"\" width=\"666\" height=\"456\" class=\"alignnone size-full \" \/><\/a><\/p>\n<p>Emsiger Vormittag, in dessen Verlauf sich der Nebel lichtete, fast sonniger Marsch zum Mittagscappuccino im Westend.<\/p>\n<p>Geplantes und Quergeschossenes, zu Mittag gab es eine Birne, au\u00dferdem Mango mit Joghurt und Leinsamenschrot &#8211; ich freue mich sehr, dass ich kein Bauchweh mehr vom Schrot bekomme, ich bei\u00dfe doch so gern K\u00f6rndln, und das Untermischen bremst mein Esstempo angenehm.<\/p>\n<p>Eine l\u00e4ngere Besprechung, weiteres Abarbeiten, weitere Quersch\u00fcsse.<\/p>\n<p>Auf dem Heimweg war es wieder schei\u00dfekalt, ich ging mit h\u00e4ngenden Fl\u00fcgeln (bei hochgezogenen Schultern sicher nicht gesund). Unterwegs Eink\u00e4ufe f\u00fcrs Abendbrot &#8211; das ich ein wenig umplanen musste: Herr Kaltmamsell wollte eigentlich aush\u00e4usig sein, sagte diese Verabredung aber wegen Mega-Erk\u00e4ltung ab (ich werde ihn doch nicht angsteckt haben). Ich hatte Linsen (vorgekocht aus der Dose), rote Spitzpaprika und Ruccola besorgt, daraus machte ich einen Salat &#8211; f\u00fcr zwei halt dann mehr. Davor aber eine Runde Yoga.<\/p>\n<p>Zum Linsensalat gab es Crowdfarming-Manchego. Nachtisch S\u00fc\u00dfigkeiten.<\/p>\n<p>Fr\u00fch ins Bett zum Lesen, Nora Gomringer erinnert sich an das sehr unkonventionelle und nicht gerade gl\u00fcckliche  Familienleben ihrer Kindheit.<\/p>\n<p>\u00a7<\/p>\n<p>In Davos gab es nicht nur das irrlichternde M\u00e4andern der Trump-Rede. (Mir f\u00e4llt auf, dass zumindest die 20-Uhr-<i>Tagesschau<\/i> am Mittwoch das Irrlichtern mit 90 Prozent Falschbehauptungen gar nicht erst thematisierte. Mir tun ja die Simultan\u00fcbersetzer*innen besonders leid.) Sondern auch kluge, klare Worte. Kanadas Premierminister Mark Carney hielt eine Rede im wirklich klassischen Sinn, ordnete die Lage ein, fasste die Reaktion Kanadas darauf zusammen und appellierte, diesem Beispiel zu folgen. Bei der <i>FAZ<\/i> gibt&#8217;s die deutsche \u00dcbersetzung:<br \/>\n<a href=\"https:\/\/www.faz.net\/aktuell\/wirtschaft\/wef-2026-in-davos-rede-von-kanadas-premierminister-mark-carney-im-wortlaut-200460807.html\" target=\"_blank\">&#8220;&#8216;Wir befinden uns in einem Bruch, nicht im \u00dcbergang'&#8221;.<\/a><\/p>\n<p>tagesschau.de machte sich aber die M\u00fche, gewichtigere Behauptungen aus Trumps Irrlichtern zu extrahieren und einem Faktencheck zu unterziehen:<br \/>\n<a href=\"https:\/\/www.tagesschau.de\/faktenfinder\/faktencheck-trump-rede-davos-100.html\" target=\"_blank\">&#8220;Die Trump-Rede im Faktencheck&#8221;.<\/a><br \/>\n(Das wird niemanden von seinen Fans umstimmen, aber ich finde es beruhigend, mein &#8220;Watt? Nein!&#8221; in konkreten Angaben umgesetzt zu sehen.) <img loading=\"lazy\" decoding=\"async\" src=\"https:\/\/vg04.met.vgwort.de\/na\/67166702757d48a5984ad6b958928420\" width=\"1\" height=\"1\" alt=\"\"\/><\/p>\n","protected":false},"excerpt":{"rendered":"<p>Aufgestanden zu tiefer K\u00e4lte, gestern brachte sie eisigen Nebel mit. Der Marsch in die Arbeit darin wenig froh, zumal die K\u00e4lte bis auf Weiteres so bleiben soll. Emsiger Vormittag, in dessen Verlauf sich der Nebel lichtete, fast sonniger Marsch zum Mittagscappuccino im Westend. Geplantes und Quergeschossenes, zu Mittag gab es eine Birne, au\u00dferdem Mango mit [&hellip;]<\/p>\n","protected":false},"author":2,"featured_media":0,"comment_status":"open","ping_status":"closed","sticky":false,"template":"","format":"standard","meta":{"footnotes":""},"categories":[3,1],"tags":[],"class_list":["post-116170","post","type-post","status-publish","format-standard","hentry","category-bucher","category-general"],"_links":{"self":[{"href":"https:\/\/www.vorspeisenplatte.de\/speisen\/wp-json\/wp\/v2\/posts\/116170","targetHints":{"allow":["GET"]}}],"collection":[{"href":"https:\/\/www.vorspeisenplatte.de\/speisen\/wp-json\/wp\/v2\/posts"}],"about":[{"href":"https:\/\/www.vorspeisenplatte.de\/speisen\/wp-json\/wp\/v2\/types\/post"}],"author":[{"embeddable":true,"href":"https:\/\/www.vorspeisenplatte.de\/speisen\/wp-json\/wp\/v2\/users\/2"}],"replies":[{"embeddable":true,"href":"https:\/\/www.vorspeisenplatte.de\/speisen\/wp-json\/wp\/v2\/comments?post=116170"}],"version-history":[{"count":3,"href":"https:\/\/www.vorspeisenplatte.de\/speisen\/wp-json\/wp\/v2\/posts\/116170\/revisions"}],"predecessor-version":[{"id":116186,"href":"https:\/\/www.vorspeisenplatte.de\/speisen\/wp-json\/wp\/v2\/posts\/116170\/revisions\/116186"}],"wp:attachment":[{"href":"https:\/\/www.vorspeisenplatte.de\/speisen\/wp-json\/wp\/v2\/media?parent=116170"}],"wp:term":[{"taxonomy":"category","embeddable":true,"href":"https:\/\/www.vorspeisenplatte.de\/speisen\/wp-json\/wp\/v2\/categories?post=116170"},{"taxonomy":"post_tag","embeddable":true,"href":"https:\/\/www.vorspeisenplatte.de\/speisen\/wp-json\/wp\/v2\/tags?post=116170"}],"curies":[{"name":"wp","href":"https:\/\/api.w.org\/{rel}","templated":true}]}}