{"id":116187,"date":"2026-01-24T08:21:58","date_gmt":"2026-01-24T07:21:58","guid":{"rendered":"https:\/\/www.vorspeisenplatte.de\/speisen\/?p=116187"},"modified":"2026-01-24T10:26:45","modified_gmt":"2026-01-24T09:26:45","slug":"journal-freitag-23-januar-2026-kartoffelsackiges","status":"publish","type":"post","link":"https:\/\/www.vorspeisenplatte.de\/speisen\/2026\/01\/journal-freitag-23-januar-2026-kartoffelsackiges.htm","title":{"rendered":"Journal Freitag, 23. Januar 2026 &#8211; Kartoffelsackiges"},"content":{"rendered":"<p>Morgens hatte ich um 8 Uhr einen Arzttermin in der N\u00e4he, ich g\u00f6nnte mir 15 Minuten Weckervorstellen &#8211; und wurde nach einer guten Nacht dennoch vom Klingeln aus tiefem Schlaf geholt.<\/p>\n<p>Vorsorge-Untersuchung bei meiner Gyn\u00e4kologin, der erste Termin nach <a href=\"https:\/\/www.vorspeisenplatte.de\/speisen\/2024\/10\/journal-montag-28-oktober-2024-ausflug-nach-neuperlach.htm\" target=\"_blank\">der Myom-Untersuchung im Klinikum Neuperlach<\/a>. Mittlerweile ist die Praxis in der \u00dcbergabephase Richung Rente, zwei weitere Gyn\u00e4kologinnen stehen auf dem Schild, aber ich wurde von der mir seit 2022 vertrauten untersucht. W\u00e4hrenddessen besprachen wir die Myom-Situation und meine Optionen, es lief wieder darauf hinaus: Ist der Leidensdruck hoch genug, um einen massiven operativen Eingriff in meinen K\u00f6rper zu rechtfertigen? Diese Bewertung und Entscheidung liegen bei mir &#8211; <i>Nachtrag, weil wichtig: Das betonte die \u00c4rztin mehrfach.<\/i> (Meine Hauptbedenken zugegebenerma\u00dfen: Dieser Eingriff w\u00fcrde mich sehr wahrscheinlich je nach Methode zu monatelanger Sportpause zwingen.)<\/p>\n<p>Auf Rat der Gyn\u00e4kologin hole ich mir jetzt eine zweite OP-Einsch\u00e4tzung bei einem ihrer Gyn-Kollegen, der auf laparoskopische Methoden spezialisiert sei, ich vereinbarte mit der \u00dcberweisung gleich einen Termin n\u00e4chste Woche. Gro\u00dfst\u00e4dterinnen-Privileg, nehme ich an: Ich hatte mit monatelanger Wartezeit gerechnet.<\/p>\n<p>Laut meiner Dr. Gyn in der N\u00e4he von Rentenalter nannten &#8220;fr\u00fcher&#8221; alte Professoren eine Geb\u00e4rmutter wie meine &#8220;Kartoffelsack&#8221;. Jetzt muss nicht nur ich mit diesem Wissen leben, danke Blog.<br \/>\nUnd ich wurde wieder mal &#8220;kritische Patientin&#8221; genannt. Empfinden \u00c4rzt*innen mein Bed\u00fcrfnis nach detaillierter Information bis zum laienhaften Kapieren wirklich als &#8220;kritisch&#8221;? Ich widerspreche doch gar nicht oder \u00e4u\u00dfere gar Kritik?<\/p>\n<p>Eine U-Bahn brachte mich m\u00f6glichst schnell an meinen Schreibtisch im B\u00fcro &#8211; wo ich erstmal nicht checken konnte, ob w\u00e4hrend meiner Versp\u00e4tung was war, sondern ich meinem Computer 30 Minuten bei Updates sowie H\u00e4ngenbleiben derselben zusehen musste. Dann legte ich endlich los.<\/p>\n<p>Keine Lust auf Mittagscappuccino, ich nutzte die immer deutlichere Sonne durch eisigen Hochnebel f\u00fcr eine Einkaufsrunde um den Block. Zu Mittag gab es eine Birne, ein paar N\u00fcsse, au\u00dferdem Linsensalat vom Vorabend.<\/p>\n<p>Auf dem Heimweg, um f\u00fcnf war noch eindeutlig Tageslicht am Himmel zu sehen, die restlichen Lebensmitteleink\u00e4ufe f\u00fcrs Wochenende &#8211; Herr Kaltmamsell war krank daheim geblieben, ich \u00fcbernahm.<\/p>\n<p>Wie schon am Donnerstag litt ich unter meinen vielen Aussetzern physischer (Stolpern, Dagegendotzen, Versch\u00fctten, Fallenlassen -> blaue Flecken coming up) und geistiger Art &#8211; wieder eine Phase, in der ich die Absicht kleiner T\u00e4tigkeiten laut vor mich hin murmeln muss, &#8220;Eier checken, Eier checken, Eier checken&#8221;, um sie nicht bei geringster Ablenkung (&#8220;ah, Rucksack noch nicht von K\u00fcche in Diele gestellt&#8221;) zu vergessen. Bei der derzeitigen Grundgereiztheit rege ich mich auch noch \u00fcber mein eigenes Trampeltum (mit dem ich ja 24\/7 leben muss) ungeheuer auf.<\/p>\n<p>Nach Auspacken der Eink\u00e4ufe eine sehr ruhige Einheit Yoga, in der Adriene durchgehend derart eindringlich betonte, wie wichtig solche \u00dcbungen in <i>stillness<\/i> zwischen den aktiveren sind, dass mir fast die <i>stillness<\/i> abhanden kam. Dann sorgte ich f\u00fcr Abendessen: Ich garte den ganzen Hokaido-K\u00fcrbis aus Ernteanteil in gew\u00fcrzten Spalten, die eine H\u00e4lfte wird am Samstag zu Quiche, die andere H\u00e4lfte gab es als Freitagabendmahl. Au\u00dferdem mit ein wenig Gorgonzola Radicchio aus Ernteanteil &#8211; der so viel mehr Geschmack und Frische mitbrachte als der gekaufte Radicchio eine Woche zuvor.<\/p>\n<p><a href=\"https:\/\/www.vorspeisenplatte.de\/speisen\/archiv\/260123_03_Nachtmahl.jpg\"><img loading=\"lazy\" decoding=\"async\" src=\"https:\/\/www.vorspeisenplatte.de\/speisen\/archiv\/260123_03_Nachtmahl.jpg\" alt=\"\" width=\"358\" height=\"474\" class=\"alignnone size-full wp-image-116202\" \/><\/a><\/p>\n<p>Dazu hatte ich eine Flasche roten Kalk und Kiesel von Claus Preisinger aus dem Burgenland aufgemacht: War mir, weil spontanvergoren, als deutlich gew\u00f6hnungsbed\u00fcrftiger in Erinnerung, diesmal fand ich ihn einfach nur pflaumig und hell gut, der ist gar nicht so unkonventionell. Meine Gereiztheit bekam er aber nicht ganz weg, fast h\u00e4tte ich Dinge nach mir geworfen.<\/p>\n<p>Nachtisch reichlich Schokolade, fr\u00fch ins Bett zum Lesen.<\/p>\n<p>\u00a7<\/p>\n<blockquote><p>The news has been so overwhelming for so long that I\u2019ve forgotten what it feels like to be simply whelmed.<\/p><\/blockquote>\n<p>Same here, Laurie Penny.<\/p>\n<p>Ich empfehle <a href=\"https:\/\/lauriepenny.substack.com\/p\/write-like-a-person-prompt-post-3\" target=\"_blank\">die Lekt\u00fcre der Einleitung zu ihrem aktuellen Newsletter<\/a> mit klugen Beobachtungen wie:<\/p>\n<blockquote><p>Attention can feel like action when one is otherwise helpless; it can feel dangerous to taking your eye off these gangsters of the attention economy.<\/p><\/blockquote>\n<p>\u00a7<\/p>\n<p>Produkte des italienischen Gutshofs La Vialla lernte ich schon vor Jahren als Geschenke kennen. Seit ich dort selbst mal bestellte, werde ich von Marketing-Material geflutet &#8211; das mich mit seinem Idyll- und Heile-Welt-Branding in erster Linie misstrauisch machte: Genau so stellt sich seit Jahrzehnten die gesamte Landliebe-Seite der Lebensmittel-Industrie dar, Heuchelei Hilfsausdruck. Doch dann berichtete ein Freund vergangenes Jahr von einem Besuch auf der Fattoria La Vialla, dort wurde eine Hochzeit gefeiert, auf der er Gast war. Und er versicherte: Das geht dort genau so zu, wie in den Katalogen geschildert (inklusive vergrabender Rinderh\u00f6rner).<\/p>\n<p>Solches beschreibt auch ein Reporter der <i>Financial Times<\/i>, Adam Weymouth, der von London mit dem Zug in die Toskana reiste und einige Tage auf dem ausgedehnten Anwesen verbrachte. Hier das PDF des Artikels:<br \/>\n<a href=\"https:\/\/www.lavialla.com\/public\/vialla\/de\/riviste\/2025\/FT-La-Vialla-D.pdf\" target=\"_blank\">&#8220;A taste of the good life on the Tuscan farm where guests can stay&#8221;.<\/a> <img loading=\"lazy\" decoding=\"async\" src=\"https:\/\/vg04.met.vgwort.de\/na\/ecc64cb699fe40f58a4350d426a2d8f6\" width=\"1\" height=\"1\" alt=\"\"\/><\/p>\n","protected":false},"excerpt":{"rendered":"<p>Morgens hatte ich um 8 Uhr einen Arzttermin in der N\u00e4he, ich g\u00f6nnte mir 15 Minuten Weckervorstellen &#8211; und wurde nach einer guten Nacht dennoch vom Klingeln aus tiefem Schlaf geholt. Vorsorge-Untersuchung bei meiner Gyn\u00e4kologin, der erste Termin nach der Myom-Untersuchung im Klinikum Neuperlach. Mittlerweile ist die Praxis in der \u00dcbergabephase Richung Rente, zwei weitere [&hellip;]<\/p>\n","protected":false},"author":2,"featured_media":0,"comment_status":"open","ping_status":"closed","sticky":false,"template":"","format":"standard","meta":{"footnotes":""},"categories":[6,1],"tags":[],"class_list":["post-116187","post","type-post","status-publish","format-standard","hentry","category-essen","category-general"],"_links":{"self":[{"href":"https:\/\/www.vorspeisenplatte.de\/speisen\/wp-json\/wp\/v2\/posts\/116187","targetHints":{"allow":["GET"]}}],"collection":[{"href":"https:\/\/www.vorspeisenplatte.de\/speisen\/wp-json\/wp\/v2\/posts"}],"about":[{"href":"https:\/\/www.vorspeisenplatte.de\/speisen\/wp-json\/wp\/v2\/types\/post"}],"author":[{"embeddable":true,"href":"https:\/\/www.vorspeisenplatte.de\/speisen\/wp-json\/wp\/v2\/users\/2"}],"replies":[{"embeddable":true,"href":"https:\/\/www.vorspeisenplatte.de\/speisen\/wp-json\/wp\/v2\/comments?post=116187"}],"version-history":[{"count":3,"href":"https:\/\/www.vorspeisenplatte.de\/speisen\/wp-json\/wp\/v2\/posts\/116187\/revisions"}],"predecessor-version":[{"id":116216,"href":"https:\/\/www.vorspeisenplatte.de\/speisen\/wp-json\/wp\/v2\/posts\/116187\/revisions\/116216"}],"wp:attachment":[{"href":"https:\/\/www.vorspeisenplatte.de\/speisen\/wp-json\/wp\/v2\/media?parent=116187"}],"wp:term":[{"taxonomy":"category","embeddable":true,"href":"https:\/\/www.vorspeisenplatte.de\/speisen\/wp-json\/wp\/v2\/categories?post=116187"},{"taxonomy":"post_tag","embeddable":true,"href":"https:\/\/www.vorspeisenplatte.de\/speisen\/wp-json\/wp\/v2\/tags?post=116187"}],"curies":[{"name":"wp","href":"https:\/\/api.w.org\/{rel}","templated":true}]}}