{"id":1162,"date":"2006-01-26T13:10:54","date_gmt":"2006-01-26T12:10:54","guid":{"rendered":"https:\/\/www.vorspeisenplatte.de\/speisen\/?p=1162"},"modified":"2006-01-26T13:13:35","modified_gmt":"2006-01-26T12:13:35","slug":"wieder-bloss-tagebuchiges","status":"publish","type":"post","link":"https:\/\/www.vorspeisenplatte.de\/speisen\/2006\/01\/wieder-bloss-tagebuchiges.htm","title":{"rendered":"Wieder blo\u00df Tagebuchiges"},"content":{"rendered":"<p>Vorgestern Abend dann doch nicht mehr in die Muckibude gegangen, weil \u00fcber eine Stunde auf dem Bahnhof der Arbeitsstadt festgesteckt: Streckensperrung wegen \u201ePersonen auf den Schienen\u201c. Zynische R\u00e4nke geschmiedet, ob die Bahn nicht einen Suizid-Service anbieten sollte: \u201eBevor Sie sich selbstm\u00f6rderisch auf unsere Schienen legen, melden Sie sich bei uns unter Tel. 030\/XXXXX. Wir erschie\u00dfen Sie diskret, schnell und zuverl\u00e4ssig.\u201c Damit w\u00e4re doch allen Beteiligten geholfen.<\/p>\n<p>Gestern morgen zwischen den auditiven Bel\u00e4stigungen einer Musikh\u00f6rerin zwei Sitzreihen weiter und des Teegeschl\u00fcrfes der Businesslady mir gegen\u00fcber jeglicher Konzentration auf mein Buch verlustig gegangen. Mich in Gedanken von der Gegen\u00fcberfrau mit \u201eWiedersehen, Frau Schl\u00fcrf\u201c verabschiedet, schlie\u00dflich doch nur gel\u00e4chelt.<\/p>\n<p>Untertags ein Sie verloren. Doch wer will es sich schon mit dem Kantinenchef verscherzen, der mir unvermutet \u00fcber seine Kantinenkasse hinweg die riesige Hand entgegenstreckte: \u201eI bin dr Hans.\u201c<\/p>\n<p>In der Muckibude zum wiederholten Mal ein Probetraining beobachtet, bei dem der Probekunde die gebuchte Aufmerksamkeit des Trainers nutzte, alle Details seiner k\u00f6rperlichen Funktionen im Alltag zu er\u00f6rtern, auch aus historischer Perspektive: \u201eFr\u00fcher habe ich morgens beim Aufstehen eher so den Sehnenansatz am linken \u00e4u\u00dferen Fu\u00dfgelenk gesp\u00fcrt, jetzt merke ich das eher innen am Gelenk.\u201c<\/p>\n<p>Gestern Abend aufgrund <a href=\"http:\/\/xrays.antville.org\/stories\/1312767\/\">dieser Erinnerung<\/a> den Mitbewohner zum \u00d6ffnen eines Konserven-Haggis gezwungen. Er hatte nach meiner Anregung zu einem Miniatur-Burns-Supper zudem eigens Petersilienwurzeln und Chivas Regal (kann ich bis heute nicht aussprechen) besorgt. Doch zu meiner Besch\u00e4mung fand ich den Dosen-Haggis greulich. A\u00df statt dessen Gurkensalat zu Abend.<\/p>\n","protected":false},"excerpt":{"rendered":"<p>Vorgestern Abend dann doch nicht mehr in die Muckibude gegangen, weil \u00fcber eine Stunde auf dem Bahnhof der Arbeitsstadt festgesteckt: Streckensperrung wegen \u201ePersonen auf den Schienen\u201c. Zynische R\u00e4nke geschmiedet, ob die Bahn nicht einen Suizid-Service anbieten sollte: \u201eBevor Sie sich selbstm\u00f6rderisch auf unsere Schienen legen, melden Sie sich bei uns unter Tel. 030\/XXXXX. Wir erschie\u00dfen [&hellip;]<\/p>\n","protected":false},"author":2,"featured_media":0,"comment_status":"open","ping_status":"closed","sticky":false,"template":"","format":"standard","meta":{"footnotes":""},"categories":[1],"tags":[],"class_list":["post-1162","post","type-post","status-publish","format-standard","hentry","category-general"],"_links":{"self":[{"href":"https:\/\/www.vorspeisenplatte.de\/speisen\/wp-json\/wp\/v2\/posts\/1162","targetHints":{"allow":["GET"]}}],"collection":[{"href":"https:\/\/www.vorspeisenplatte.de\/speisen\/wp-json\/wp\/v2\/posts"}],"about":[{"href":"https:\/\/www.vorspeisenplatte.de\/speisen\/wp-json\/wp\/v2\/types\/post"}],"author":[{"embeddable":true,"href":"https:\/\/www.vorspeisenplatte.de\/speisen\/wp-json\/wp\/v2\/users\/2"}],"replies":[{"embeddable":true,"href":"https:\/\/www.vorspeisenplatte.de\/speisen\/wp-json\/wp\/v2\/comments?post=1162"}],"version-history":[{"count":0,"href":"https:\/\/www.vorspeisenplatte.de\/speisen\/wp-json\/wp\/v2\/posts\/1162\/revisions"}],"wp:attachment":[{"href":"https:\/\/www.vorspeisenplatte.de\/speisen\/wp-json\/wp\/v2\/media?parent=1162"}],"wp:term":[{"taxonomy":"category","embeddable":true,"href":"https:\/\/www.vorspeisenplatte.de\/speisen\/wp-json\/wp\/v2\/categories?post=1162"},{"taxonomy":"post_tag","embeddable":true,"href":"https:\/\/www.vorspeisenplatte.de\/speisen\/wp-json\/wp\/v2\/tags?post=1162"}],"curies":[{"name":"wp","href":"https:\/\/api.w.org\/{rel}","templated":true}]}}