{"id":116238,"date":"2026-01-26T06:23:46","date_gmt":"2026-01-26T05:23:46","guid":{"rendered":"https:\/\/www.vorspeisenplatte.de\/speisen\/?p=116238"},"modified":"2026-01-26T12:42:58","modified_gmt":"2026-01-26T11:42:58","slug":"journal-sonntag-25-januar-2026-erneute-winterrunde-beifang-aus-dem-internetz","status":"publish","type":"post","link":"https:\/\/www.vorspeisenplatte.de\/speisen\/2026\/01\/journal-sonntag-25-januar-2026-erneute-winterrunde-beifang-aus-dem-internetz.htm","title":{"rendered":"Journal Sonntag, 25. Januar 2026 &#8211; Erneute Winterrunde, Beifang aus dem Internetz"},"content":{"rendered":"<p>An diesem Wochenende bekam ich kein Ausschlafen geschenkt: Auch gestern wachte ich viel zu fr\u00fch auf, noch vor f\u00fcnf, und konnte dann nicht mehr recht einschlafen. Kurz nach sechs gab ich auf.<\/p>\n<p>Sowas wie Tag wurde es zu eisigem Nebel, und es war schon wieder schwer, das Wohnzimmer warm zu bekommen, beide gro\u00dfen Heizk\u00f6rper auf volle Pulle und sorgf\u00e4ltig geschlossene Zimmert\u00fcren halfen nicht.<\/p>\n<p><a href=\"https:\/\/www.br.de\/nachrichten\/bayern\/wetter-in-bayern-bibbert-weiter-bei-neuschnee-und-glatteisgefahr,V9IGNP2\" target=\"_blank\">&#8220;In Bayern bleibt es weiterhin frostig kalt.&#8221;<\/a> Ach meia.<\/p>\n<p>Lust auf einen Isarlauf hatte ich dennoch. Diesmal fuhr die Tramlinie 16, die mich Richtung Tivoli brachte, ich stieg an der Paradiesstra\u00dfe aus.<\/p>\n<p>K\u00f6rperlich passte alles w\u00e4hrend der folgenden eindreiviertel Stunden, die Bewegung tat gut, auf den Wegen nur vereinzelt eisige Stellen. Aber zu sehen gab es bei diesem eisigen Nebel halt wenig.<\/p>\n<p><a href=\"https:\/\/www.vorspeisenplatte.de\/speisen\/archiv\/260125_05_FoehringerWehr.jpg\"><img loading=\"lazy\" decoding=\"async\" src=\"https:\/\/www.vorspeisenplatte.de\/speisen\/archiv\/260125_05_FoehringerWehr.jpg\" alt=\"\" width=\"376\" height=\"514\" class=\"alignnone size-full wp-image-116261\" \/><\/a><\/p>\n<p><a href=\"https:\/\/www.vorspeisenplatte.de\/speisen\/archiv\/260125_06_Unterfoehring.jpg\"><img loading=\"lazy\" decoding=\"async\" src=\"https:\/\/www.vorspeisenplatte.de\/speisen\/archiv\/260125_06_Unterfoehring.jpg\" alt=\"\" width=\"396\" height=\"568\" class=\"alignnone size-full wp-image-116262\" \/><\/a><\/p>\n<p><a href=\"https:\/\/www.vorspeisenplatte.de\/speisen\/archiv\/260125_09_Unterfoehring.jpg\"><img loading=\"lazy\" decoding=\"async\" src=\"https:\/\/www.vorspeisenplatte.de\/speisen\/archiv\/260125_09_Unterfoehring.jpg\" alt=\"\" width=\"590\" height=\"416\" class=\"alignnone size-full \" \/><\/a><\/p>\n<p><a href=\"https:\/\/www.vorspeisenplatte.de\/speisen\/archiv\/260125_13_Isarkanal.jpg\"><img loading=\"lazy\" decoding=\"async\" src=\"https:\/\/www.vorspeisenplatte.de\/speisen\/archiv\/260125_13_Isarkanal.jpg\" alt=\"\" width=\"471\" height=\"498\" class=\"alignnone size-full wp-image-116264\" \/><\/a><\/p>\n<p>Hier hatte eben noch ein Kormoran das Motiv interessanter gemacht. Aber bis ich das Handy hob, war er abgetaucht.<\/p>\n<p>Zur\u00fcck daheim w\u00e4rmte ich mich mit hei\u00dfer Dusche auf. Doch zum Fr\u00fchst\u00fccken kurz nach eins musste ich wieder im lauwarmen Wohnzimmer fr\u00f6steln. Es gab zwei dicke Scheiben Brot vom Samstag, eine mit restlicher Guacamole, eine mit Butter und Orangenmarmelade.<\/p>\n<p>F\u00fcr den Nachmittag hatte ich vage Kino-Pl\u00e4ne, nach einer Runde B\u00fcgeln am Fenster im fahlen Winterlicht aber doch keine Lust. Statt dessen las ich herum und \u00e4rgerte mich \u00fcber die nicht wirklich warm zu kriegende Wohnzimmer-Temperatur &#8211; die wohl wieder auf unbeheizte, weil unbewohnte Wohnungen \u00fcber und unter uns zur\u00fcckzuf\u00fchren war.<\/p>\n<p><a href=\"https:\/\/www.vorspeisenplatte.de\/speisen\/archiv\/260125_17_Lilien.jpg\"><img loading=\"lazy\" decoding=\"async\" src=\"https:\/\/www.vorspeisenplatte.de\/speisen\/archiv\/260125_17_Lilien.jpg\" alt=\"\" width=\"321\" height=\"449\" class=\"alignnone size-full wp-image-116265\" \/><\/a><\/p>\n<p>Daf\u00fcr freute ich mich an den Lilien, die ich mir geg\u00f6nnt hatte.<\/p>\n<p>Freunde brachten zwei Bergamotten aus Direktimport vorbei, ich freue mich schon sehr auf die Verarbeitung. Drau\u00dfen begann es zu schneien.<\/p>\n<p><a href=\"https:\/\/www.vorspeisenplatte.de\/speisen\/archiv\/260125_18_Wohnzimmerblick.jpg\"><img loading=\"lazy\" decoding=\"async\" src=\"https:\/\/www.vorspeisenplatte.de\/speisen\/archiv\/260125_18_Wohnzimmerblick.jpg\" alt=\"\" width=\"363\" height=\"484\" class=\"alignnone size-full wp-image-116266\" \/><\/a><\/p>\n<p>Es f\u00e4llt mir schwer, bis nach Fasching mit dem Winter-Maulen zu warten.<\/p>\n<p>F\u00fcrs Sonntagsessen hatte ich zwei dicke Scheiben Schweinenacken besorgt, Herr Kaltmamsell \u00fcbernahm die Zubereitung <a href=\"https:\/\/www.vorspeisenplatte.de\/rezepte\/omas-schweinehals-aus-dem-backofen.htm\" target=\"_blank\">nach Art meiner polnischen Oma<\/a>. Sogar f\u00fcr Kopytka aus Ernteanteil-Kartoffeln sorgte er, w\u00e4hrend ich eine Runde Yoga turnte.<\/p>\n<p><a href=\"https:\/\/www.vorspeisenplatte.de\/speisen\/archiv\/260125_20_Nachtmahl.jpg\"><img loading=\"lazy\" decoding=\"async\" src=\"https:\/\/www.vorspeisenplatte.de\/speisen\/archiv\/260125_20_Nachtmahl.jpg\" alt=\"\" width=\"352\" height=\"455\" class=\"alignnone size-full wp-image-116267\" \/><\/a><\/p>\n<p>Ich steuerte Salat aus den Ernteanteil-Ringelbete bei. Richtiges Sonntagsessen. Nachtisch Schokolade. Drau\u00dfen schneite es weiter.<\/p>\n<p>Im Bett begann ich neue Lekt\u00fcre: Sigrid Nunez, <i>For Rouenna<\/i>.<\/p>\n<p>\u00a7<\/p>\n<blockquote><p>Die protestantische Arbeitsethik erreicht Stellen im Hirn, da kommt blo\u00dfe Motivation gar nicht hin.<\/p><\/blockquote>\n<p><a href=\"https:\/\/www.buddenbohm-und-soehne.de\/2026\/01\/25\/goa-gaia-godot\/\" target=\"_blank\">Schreibt Maximilian Buddenbohm.<\/a> Und es ist ganz erstaunlich, was sie sich unterwegs alles unter den Nagel rei\u00dft, was irgendwann mal eigentlich als Vergn\u00fcgen begonnen hat.<\/p>\n<p>\u00a7<\/p>\n<p>Solidarisches Preppen &#8211; ich versuche mich in j\u00fcngster Zeit zu zwingen, \u00fcber Katastrophenvorsorge nachzudenken. Nicht weil ich mich um mich f\u00fcrchte (obwohl ich wirklich sehr, sehr ungern in Winterfrost tagelang ohne Strom auskommen m\u00fcsste wie die Berliner Verwandtschaft von Herrn Kaltmamsell), sondern um hilfsbereit sein zu k\u00f6nnen. F\u00fcr <i>Krautreporter<\/i> hat Nicole Kauer recherchiert:<br \/>\n<a href=\"https:\/\/krautreporter.de\/politik-und-macht\/6225-in-der-katastrophe-retten-dich-nachbarn-nicht-die-dosensuppe?shared=3075a3c0-e228-4ed8-a280-3097cc1fc5ab&#038;utm_campaign=share-url&#038;utm_medium=member-url\" target=\"_blank\">&#8220;In der Katastrophe retten dich Nachbarn, nicht die Dosensuppe&#8221;.<\/a><\/p>\n<blockquote><p>Solidarisch wird das Preppen f\u00fcr Gerriet auch durch eine einfache Tatsache: Wer Wasser oder Lebensmittel hat, ben\u00f6tigt keine Hilfe und bindet keine Rettungskr\u00e4fte. \u201eDie eigene Vorbereitung bedeutet sogar, im Fall der F\u00e4lle selbst helfen zu k\u00f6nnen.\u201c<\/p><\/blockquote>\n<p>Meine ersten Schritte: <a href=\"https:\/\/techniktagebuch.tumblr.com\/post\/805106412561874944\/7-januar-2026\" target=\"_blank\">Aus diesen Tipps von Thomas Wiegold im <i>Techniktagebuch<\/i><\/a> habe ich eine Einkaufsliste erstellt. Mal sehen, wann ich mich dazu bringe, sie auch abzuarbeiten.<\/p>\n<p>\u00a7<\/p>\n<p>Eine Liebeserkl\u00e4rung ans Zugreisen:<br \/>\n<a href=\"https:\/\/zugpost.org\/warum-zugreisen\/\" target=\"_blank\">&#8220;Warum wir mit dem Zug reisen&#8221;.<\/a><\/p>\n<p>Bei mir f\u00e4ngt es mit zwei Zielen beim Verreisen an: 1. m\u00f6glichst nicht fliegen, 2. nicht autofahren. Und bei der resultierenden Wahl zwischen Fernbussen und Bahn ist mir Zugfahren erheblich lieber. Allerdings profitiere ich davon, dass mich europ\u00e4ische L\u00e4nder mehr interessieren als weit entfernte. Tagesaktuelle Wunschliste (zuf\u00e4llig gereiht):<br \/>\n&#8211; Sizilien<br \/>\n&#8211; Bulgarien (eng abgestimmt mit meiner bulgarischen Kollegin)<br \/>\n&#8211; Georgien<br \/>\n&#8211; Stra\u00dfburg<br \/>\n&#8211; Marseille<br \/>\n&#8211; Paris<br \/>\n&#8211; Neapel<br \/>\n&#8211; Rom<br \/>\n&#8211; Kopenhagen<br \/>\n&#8211; Belgien (vielleicht angefangen mit Br\u00fcgge)<br \/>\n&#8211; Slowenien<br \/>\n&#8211; Steiermark<\/p>\n<p>\u00a7<\/p>\n<p>Vanessa Giese schreibt \u00fcber &#8220;die Jugend von heute&#8221; (Anf\u00fchrungszeichen im Original):<br \/>\n<a href=\"https:\/\/blog.vanessagiese.de\/2026\/01\/25\/wie-erlebst-du-die-jugend-von-heute\/\" target=\"_blank\">&#8220;&#8216;Wie erlebst du die Jugend von heute?'&#8221;<\/a><\/p>\n<p>Ich schlie\u00dfe mich ihren Beobachtungen komplett an und freue mich \u00fcber ihre schl\u00fcssige Erkl\u00e4rung daf\u00fcr. Und auch das erlebe ich und lasse mich manchmal davon verunsichern.<\/p>\n<blockquote><p>Die Jugendlichen, die heute 16 und 17 sind, haben gesellschaftlich bereits Einiges vollbracht: Sie haben Tausende minderj\u00e4hrige Gefl\u00fcchtete in ihre Schulklassen und Sportvereine integriert, haben eine Pandemie mit zwei Jahren Unterrichtseinschr\u00e4nkungen, Sorgen und Unsicherheiten kompensiert, waren mit einem Kriegsausbruch in Europa konfrontiert, haben erneut Tausende Gefl\u00fcchtete integriert \u2013 und nebenbei mit einiger Wahrscheinlichkeit die Scheidung ihrer Eltern erlebt und eine neue Form von Familie aufgebaut. \u00dcber diese Leistungen spricht niemand.<\/p><\/blockquote>\n<p>Zumindest widerspreche ich bei manchem Bashing von \u00c4lteren: &#8220;Die Jugend&#8221; ist mit der Lekt\u00fcre von Lessing \u00fcberfordert? Das halte ich f\u00fcr keinen Grund zu l\u00e4stern, denn ich bin sicher, dass &#8220;die Jugend&#8221; sehr vieles kann und wei\u00df, von dem die bashenden \u00c4lteren mindestens so \u00fcberfordert sind, <i>show some respect<\/i>!<\/p>\n<p>\u00a7<\/p>\n<p>Ziviler Widerstand in Minneapolis:<a href=\"https:\/\/mastodon.social\/@sheislaurence\/115952243061961558\" target=\"_blank\"> Drummers against ICE.<\/a> Meine tiefe Bewunderung. <img loading=\"lazy\" decoding=\"async\" src=\"https:\/\/vg04.met.vgwort.de\/na\/23ef52f3cc41467fa927ac8d282978cf\" width=\"1\" height=\"1\" alt=\"\"\/><\/p>\n","protected":false},"excerpt":{"rendered":"<p>An diesem Wochenende bekam ich kein Ausschlafen geschenkt: Auch gestern wachte ich viel zu fr\u00fch auf, noch vor f\u00fcnf, und konnte dann nicht mehr recht einschlafen. Kurz nach sechs gab ich auf. Sowas wie Tag wurde es zu eisigem Nebel, und es war schon wieder schwer, das Wohnzimmer warm zu bekommen, beide gro\u00dfen Heizk\u00f6rper auf [&hellip;]<\/p>\n","protected":false},"author":2,"featured_media":0,"comment_status":"open","ping_status":"closed","sticky":false,"template":"","format":"standard","meta":{"footnotes":""},"categories":[6,2,1],"tags":[],"class_list":["post-116238","post","type-post","status-publish","format-standard","hentry","category-essen","category-fotos","category-general"],"_links":{"self":[{"href":"https:\/\/www.vorspeisenplatte.de\/speisen\/wp-json\/wp\/v2\/posts\/116238","targetHints":{"allow":["GET"]}}],"collection":[{"href":"https:\/\/www.vorspeisenplatte.de\/speisen\/wp-json\/wp\/v2\/posts"}],"about":[{"href":"https:\/\/www.vorspeisenplatte.de\/speisen\/wp-json\/wp\/v2\/types\/post"}],"author":[{"embeddable":true,"href":"https:\/\/www.vorspeisenplatte.de\/speisen\/wp-json\/wp\/v2\/users\/2"}],"replies":[{"embeddable":true,"href":"https:\/\/www.vorspeisenplatte.de\/speisen\/wp-json\/wp\/v2\/comments?post=116238"}],"version-history":[{"count":3,"href":"https:\/\/www.vorspeisenplatte.de\/speisen\/wp-json\/wp\/v2\/posts\/116238\/revisions"}],"predecessor-version":[{"id":116287,"href":"https:\/\/www.vorspeisenplatte.de\/speisen\/wp-json\/wp\/v2\/posts\/116238\/revisions\/116287"}],"wp:attachment":[{"href":"https:\/\/www.vorspeisenplatte.de\/speisen\/wp-json\/wp\/v2\/media?parent=116238"}],"wp:term":[{"taxonomy":"category","embeddable":true,"href":"https:\/\/www.vorspeisenplatte.de\/speisen\/wp-json\/wp\/v2\/categories?post=116238"},{"taxonomy":"post_tag","embeddable":true,"href":"https:\/\/www.vorspeisenplatte.de\/speisen\/wp-json\/wp\/v2\/tags?post=116238"}],"curies":[{"name":"wp","href":"https:\/\/api.w.org\/{rel}","templated":true}]}}