{"id":116280,"date":"2026-01-27T06:24:48","date_gmt":"2026-01-27T05:24:48","guid":{"rendered":"https:\/\/www.vorspeisenplatte.de\/speisen\/?p=116280"},"modified":"2026-01-27T16:20:34","modified_gmt":"2026-01-27T15:20:34","slug":"journal-montag-26-januar-2026-wintermatsch","status":"publish","type":"post","link":"https:\/\/www.vorspeisenplatte.de\/speisen\/2026\/01\/journal-montag-26-januar-2026-wintermatsch.htm","title":{"rendered":"Journal Montag, 26. Januar 2026 &#8211; Wintermatsch"},"content":{"rendered":"<p>Steigende Temperaturen hatten \u00fcber Nacht aus der Schneedecke Matsch gemacht. Ich marschierte unwillig in leichtem Regen in die Arbeit, die pampige Scheu\u00dflichkeit des Wetters konnte nicht durch den Umstand ausgeglichen werden, dass es um diese Zeit nicht mehr finster war.<\/p>\n<p>Auch dieses Jahr f\u00fchlt sich der Januar endlos an, einen ganzen Winter lang. Interessanterweise bleibt das auch dann so, wenn ich mir das bereits am Anfang des Monats vor Augen halte und mich nicht mehr davon \u00fcberraschen lasse.<\/p>\n<p>Im B\u00fcro stellte ich fest, dass die Schneestiefel, mit denen ich noch nie richtig gl\u00fccklich war, auch noch Wasser reinlassen: Meine Strumpfhosenspitzen waren nass. Obwohl sie noch tiptop aussehen, nehme ich das vier Jahre nach Kauf als Erlaubnis f\u00fcr Wegwerfen und Ersetzen.<\/p>\n<p>Geordneter Arbeitsbeginn, nichts Schlimmes unter den E-Mails im Postfach.<\/p>\n<p>Mittagscappuccino aus der Cafeteria, in dieses greisliche, dunkelgraue Gematsche wollte ich nicht raus.<\/p>\n<p>Zu Mittag gab es Rote-Bete-Salat und eine doppelt dicke Scheibe selbstgebackenes Brot (f\u00fcr Weizenmischbrot auch am dritten Tag \u00fcberraschend saftig).<\/p>\n<p>M\u00fchsamer Nachmittag, meine Laune wollte sich einfach nicht aufhellen.<\/p>\n<p>Nach Feierabend nahm ich eine U-Bahn zum Odeonsplatz, die w\u00e4rmeren Temperaturen hatten den Schneematsch weitgehend weggeschmolzen. Erster Programmpunkt: Mehlkauf im Hofbr\u00e4uhausm\u00fchlenladen, Weizenmehl 00 und 405, Roggenmehl 1370. Zweiter Programmpunkt: <a href=\"https:\/\/www.vorspeisenplatte.de\/speisen\/2025\/12\/journal-montag-29-dezember-2025-ferientag-mit-schwimmen-und-nebelspaziergang.htm\" target=\"_blank\">Eine durch Erstw\u00e4sche untragbar gewordene Jeans<\/a> zu COS zur\u00fcckbringen. Ich erwartete nicht etwa Entsch\u00e4digung (Kauf am 14.1.2025 und eh keinen Kassenzettel aufgehoben), sondern wollte in erster Linie den Hersteller informieren sowie die Hose entsorgen. Mir wurde aber gleich Erstattung angeboten &#8211; allerdings gab das System nur den Sonderangebotspreis her, zu dem die Jeans im Moment verkauft wird. Betrug immer noch mehr als die H\u00e4lfte des Kaufpreises, ich war sehr einverstanden und sehe den nicht erstatteten Teil als Miete f\u00fcrs Tragen bis zur ersten, verheerenden W\u00e4sche.<\/p>\n<p>Auf dem Heimweg kaufte ich im Kaufhaus noch Strumpfhose und bunte Sonderangebotssocken.<\/p>\n<p>Daheim eine l\u00e4ngere Yoga-Folge, anstrengend und in gro\u00dfen Teilen f\u00fcr mich nicht mal ansatzweise machbar: Zum Beispiel werden beim Z-Sitz meine Sitzbeinh\u00f6cker in diesem Leben nie beide den Boden ber\u00fchren. Oder werde ich dabei aufrecht sitzen k\u00f6nnen. Vielleicht kamen diese Haltungen absichtlich gerade in der Folge &#8220;self love&#8221; vor &#8211; weil Leute wie ich dabei so sch\u00f6n mit dem Kampf gegen <i>self hate<\/i> besch\u00e4ftigt sind.<\/p>\n<p>Als Nachtmahl gab&#8217;s gesammelte Reste: Kopytka mit Sauce vom Sonntag, Quiche vom Samstag, au\u00dferdem K\u00e4se, Oliven, Essiggurken. Nachtisch Schokolade.<\/p>\n<p>Fr\u00fch ins Bett zum Lesen.<\/p>\n<p>\u00a7<\/p>\n<p>Warum es wichtig bleibt, Nachrichten aus unterschiedlichen Medien zu holen: Dass ein Zyklon Harry vor einer Woche an der italienischen Mittelmeerk\u00fcste gew\u00fctet und zerst\u00f6rt hat, &#8220;schlimmster Wintersturm seit Beginn dieses Jahrhunderts&#8221;, war mir \u00fcber all dem Davos-Geschrei komplett durchgerutscht. Erst in der <i>taz<\/i> las ich:<br \/>\n<a href=\"https:\/\/taz.de\/Nach-Zyklon-Harry-in-Italien\/!6148412\/\" target=\"_blank\">&#8220;Ein zweitrangiges Klimadesaster&#8221;.<\/a><\/p>\n<blockquote><p>Der Zyklon zog eine 100 Kilometer lange Spur der Verw\u00fcstung an der Ostk\u00fcste Siziliens von Messina \u00fcber Catania bis nach Syrakus, und er schlug auch an der K\u00fcste des Ionischen Meers in Kalabrien ebenso wie in Sardinien zu.<\/p>\n<p>Die am Meer entlanglaufenden Eisenbahnlinien sowohl Kalabriens als auch Siziliens sind unterbrochen, an diversen Orten schweben die Gleise in der Luft, da das Meer den tragenden Damm unter ihnen weggerissen hatte. Weggerissen fanden sich auch Stra\u00dfen ebenso wie jene H\u00e4user, die zum Meer hin in der ersten Reihe standen.<\/p><\/blockquote>\n<p>\u00a7<\/p>\n<p>Die Verfilmung von Helen Macdonalds besonders wundervollem Buch <i>H is for Hawk<\/i> kommt gerade in die Kinos. Im <i>New Statesman<\/i> schreibt sie \u00fcber:<br \/>\n<a href=\"https:\/\/www.newstatesman.com\/culture\/film\/2026\/01\/what-its-like-to-be-played-by-claire-foy\" target=\"_blank\">&#8220;What it\u2019s like to be played by Claire Foy&#8221;.<\/a><\/p>\n<p>Ich habe keinerlei Interesse den Film zu sehen, dazu lebt Helen Macdonalds Buch f\u00fcr mich zu sehr von Buchstaben, und ich m\u00f6chte meine Version in Kopf und Herz behalten. Aber mich interessiert sehr der Prozess, ein Buch in einen Film zu transformieren.<\/p>\n<p>\u00a7<\/p>\n<p>Bislang kalkulierte ich die M\u00f6glichkeit ein, dass das Lustigmachen in der englischsprachigen Welt \u00fcber unser<sup><a href=\"#footnote_1_116280\" id=\"identifier_1_116280\" class=\"footnote-link footnote-identifier-link\" title=\"Ich bin nicht sicher, wen das alles einschlie&szlig;t &ndash; hat jemand eine sch&ouml;ne geografische Darstellung der L&uuml;ft-Regionen weltweit?\">1<\/a><\/sup> Durchl\u00fcften im Grunde ein Scherz ist, weil: Hin und wieder frische Luft in Zimmer zu lassen, ist ja wohl ein <i>no brainer<\/i>? Stellt sich heraus: Die meinen das Lustigmachen ernst.<br \/>\n<a href=\"https:\/\/www.theguardian.com\/news\/2026\/jan\/21\/house-burping-german-habit-luften-trend-explained-airing-home\" target=\"_blank\">&#8220;House burping: should we all adopt this German habit?&#8221;<\/a> <img loading=\"lazy\" decoding=\"async\" src=\"https:\/\/vg04.met.vgwort.de\/na\/1da807b36e6e470fab01bbf2fc3957df\" width=\"1\" height=\"1\" alt=\"\"\/><\/p>\n<ol class=\"footnotes\"><li id=\"footnote_1_116280\" class=\"footnote\">Ich bin nicht sicher, wen das alles einschlie\u00dft &#8211; hat jemand eine sch\u00f6ne geografische Darstellung der L\u00fcft-Regionen weltweit?<span class=\"footnote-back-link-wrapper\"> [<a href=\"#identifier_1_116280\" class=\"footnote-link footnote-back-link\">&#8617;<\/a>]<\/span><\/li><\/ol>","protected":false},"excerpt":{"rendered":"<p>Steigende Temperaturen hatten \u00fcber Nacht aus der Schneedecke Matsch gemacht. Ich marschierte unwillig in leichtem Regen in die Arbeit, die pampige Scheu\u00dflichkeit des Wetters konnte nicht durch den Umstand ausgeglichen werden, dass es um diese Zeit nicht mehr finster war. Auch dieses Jahr f\u00fchlt sich der Januar endlos an, einen ganzen Winter lang. Interessanterweise bleibt [&hellip;]<\/p>\n","protected":false},"author":2,"featured_media":0,"comment_status":"open","ping_status":"closed","sticky":false,"template":"","format":"standard","meta":{"footnotes":""},"categories":[1],"tags":[],"class_list":["post-116280","post","type-post","status-publish","format-standard","hentry","category-general"],"_links":{"self":[{"href":"https:\/\/www.vorspeisenplatte.de\/speisen\/wp-json\/wp\/v2\/posts\/116280","targetHints":{"allow":["GET"]}}],"collection":[{"href":"https:\/\/www.vorspeisenplatte.de\/speisen\/wp-json\/wp\/v2\/posts"}],"about":[{"href":"https:\/\/www.vorspeisenplatte.de\/speisen\/wp-json\/wp\/v2\/types\/post"}],"author":[{"embeddable":true,"href":"https:\/\/www.vorspeisenplatte.de\/speisen\/wp-json\/wp\/v2\/users\/2"}],"replies":[{"embeddable":true,"href":"https:\/\/www.vorspeisenplatte.de\/speisen\/wp-json\/wp\/v2\/comments?post=116280"}],"version-history":[{"count":3,"href":"https:\/\/www.vorspeisenplatte.de\/speisen\/wp-json\/wp\/v2\/posts\/116280\/revisions"}],"predecessor-version":[{"id":116310,"href":"https:\/\/www.vorspeisenplatte.de\/speisen\/wp-json\/wp\/v2\/posts\/116280\/revisions\/116310"}],"wp:attachment":[{"href":"https:\/\/www.vorspeisenplatte.de\/speisen\/wp-json\/wp\/v2\/media?parent=116280"}],"wp:term":[{"taxonomy":"category","embeddable":true,"href":"https:\/\/www.vorspeisenplatte.de\/speisen\/wp-json\/wp\/v2\/categories?post=116280"},{"taxonomy":"post_tag","embeddable":true,"href":"https:\/\/www.vorspeisenplatte.de\/speisen\/wp-json\/wp\/v2\/tags?post=116280"}],"curies":[{"name":"wp","href":"https:\/\/api.w.org\/{rel}","templated":true}]}}