{"id":116300,"date":"2026-01-28T06:26:35","date_gmt":"2026-01-28T05:26:35","guid":{"rendered":"https:\/\/www.vorspeisenplatte.de\/speisen\/?p=116300"},"modified":"2026-01-28T06:26:35","modified_gmt":"2026-01-28T05:26:35","slug":"journal-dienstag-27-januar-2026-sonne-arbeit-ziviler-widerstand","status":"publish","type":"post","link":"https:\/\/www.vorspeisenplatte.de\/speisen\/2026\/01\/journal-dienstag-27-januar-2026-sonne-arbeit-ziviler-widerstand.htm","title":{"rendered":"Journal Dienstag, 27. Januar 2026 &#8211; Sonne, Arbeit, ziviler Widerstand"},"content":{"rendered":"<p>Unwillig vom Wecker geweckt worden: Ich tr\u00e4umte gerade etwas eher Irrelevantes, aber es spielte in mediterraner Stadtumgebung mit Sonne, Sommerkleidung und gr\u00fcner Vegetation &#8211; dort war ich viel lieber als im anbrechenden M\u00fcnchner Januar-Morgen. Nachts hatte ich wieder einen Sto\u00df Nasenspray in ein Nasenloch ben\u00f6tigt, die Nase hatte komplett zugezogen.<br \/>\n(Weil Frau Br\u00fcllen <a href=\"https:\/\/bruellen.blogspot.com\/2026\/01\/260126.html\" target=\"_blank\">am Montag en passant erw\u00e4hnte, wie lang sie an einem Arbeitstag zwischen Weckerklingeln und Aufbruch in die Arbeit einplant, n\u00e4mlich 45 Minuten<\/a>: Bei mir sind es ca. 90 Minuten.)<\/p>\n<p><a href=\"https:\/\/www.vorspeisenplatte.de\/speisen\/archiv\/260127_01_Theresienwiese.jpg\"><img loading=\"lazy\" decoding=\"async\" src=\"https:\/\/www.vorspeisenplatte.de\/speisen\/archiv\/260127_01_Theresienwiese.jpg\" alt=\"\" width=\"610\" height=\"522\" class=\"alignnone size-full \" \/><\/a><\/p>\n<p>Der klare Himmel verh\u00fcbschte die Theresienwiese. <\/p>\n<p>Am Schreibtisch geordnetes Losarbeiten, bis sich ein als gel\u00f6st abgespeichertes Problem als gar nicht gel\u00f6st und noch viel komplizierter erwies. Alle Kontaktkarten gezogen, doch das half nur bedingt, schon um halb elf Stress-Kopfweh.<sup><a href=\"#footnote_1_116300\" id=\"identifier_1_116300\" class=\"footnote-link footnote-identifier-link\" title=\"Nur zur Sicherheit: &ldquo;Problem&rdquo; im Sinne von v&ouml;llige Lappalie in gr&ouml;&szlig;erem Zusammenhang. Weder h&auml;ngt ein Menschenleben davon ab, noch ist es naturgesetzlich unl&ouml;sbar (was ich auch schon hatte), aber ich konnte es nicht bis Haken-dran wegbekommen.\">1<\/a><\/sup><\/p>\n<p>Nach einer kleinen Geselligkeit ging ich hinaus in die Sonne auf einen Mittagscappuccino im Westend. Mir sa\u00df ein Termin im Nacken, deshalb konnte ich die Wege nicht genie\u00dfen wie auch schon mal.<\/p>\n<p>Zu Mittag gab es Apfel sowie eingeweichtes Muesli mit Joghurt.<\/p>\n<p>Kleinteilig anstrengender Arbeitsnachmittag, aber abgeschlossen mit einer L\u00f6sung des Vormittagsproblems, HURRA!<\/p>\n<p>Auf dem Heimweg ein wenig Lebensmitteleink\u00e4ufe beim Vollcorner. Zu Hause Yoga von der sportlicheren Sorte &#8211; meine schief miteinander verwachsenen Lendenwirbel nahmen mir \u00fcbel, dass ich sie am Montagabend in kontra-anatomische Haltungen gezwungen hatten, der gesamte H\u00fcftg\u00fcrtel war noch steifer als eh schon.<\/p>\n<p>F\u00fcrs Nachtmahl hatte ich vor der Arbeit bereits Pizzateig angesetzt und zum kalten Gehen in den K\u00fchlschrank gestellt, Herr Kaltmamsell \u00fcbernahm die Fertigstellung.<\/p>\n<p><a href=\"https:\/\/www.vorspeisenplatte.de\/speisen\/archiv\/260127_08_Nachtmahl.jpg\"><img loading=\"lazy\" decoding=\"async\" src=\"https:\/\/www.vorspeisenplatte.de\/speisen\/archiv\/260127_08_Nachtmahl.jpg\" alt=\"\" width=\"387\" height=\"369\" class=\"alignnone size-full wp-image-116313\" \/><\/a><\/p>\n<p>Auf die Idee hatten mich die Gl\u00e4ser eingemachter Artischocken gebracht, die ich vor Monaten bei La Vialla gekauft hatte und die ich mir gut auf Pizza vorstellen konnte &#8211; die sich allerdings als unangenehm sauer erwiesen. Doch insgesamt eine gute Pizza.<\/p>\n<p>Fr\u00fch ins Bett zum Lesen.<\/p>\n<p>\u00a7<\/p>\n<p>Wie der zivile Widerstand in Minneapolis sich organisiert und trainiert &#8211; eine erhellende und gleichzeitig gruslige Reportage von Robert F. Worth (der sich mehrfach auf den arabischen Fr\u00fchling bezieht) im <i>Atlantic<\/i>:<br \/>\n<a href=\"https:\/\/www.theatlantic.com\/politics\/2026\/01\/minneapolis-uprising\/685755\/?gift=Jg7ddjx7A0W61ZKMzpTDaNvmbWFJgJ3IN2QV6lwLpj4&#038;utm_source=copy-link&#038;utm_medium=social&#038;utm_campaign=share\" target=\"_blank\">&#8220;Welcome to the American Winter&#8221;.<\/a><\/p>\n<blockquote><p>You do not have to get tear-gassed to observe all of this self-organization; it is visible to anyone walking through Minneapolis. One bitterly cold morning, I approached a man standing across the street from an elementary school, a blue whistle around his neck. He told me his name was Daniel (he asked not to be identified further, because his wife is an immigrant) and that he stood watch every morning for an hour to make sure the kids got into school safely. Other local volunteers come by regularly to bring him coffee and baked goods, or to exchange news. These community watches take place outside schools throughout the Twin Cities, outside restaurants and day-care centers, outside any place where there are immigrants or people who might be mistaken for them.<\/p><\/blockquote>\n<p>(&#8230;)<\/p>\n<blockquote><p>Inside the schools, many administrators have been making their own preparations over the past year. Amanda Bauer, a teacher at a Minneapolis elementary school that has a large portion of immigrant students, told me that administrators informed parents last fall about their emergency plans for ICE raids by phone or in person, because they were already concerned about leaving email chains that could be mined by a hostile government.<\/p><\/blockquote>\n<p>\u00a7<\/p>\n<p>Apropos. Hier die Ratgeber-Kolumne von Sigal Samuel im US-amerikanischen Online-Magazin <i>Vox<\/i>: Eine Leserzuschrift thematisiert, dass viele Menschen in den USA unpolitisch bleiben und so tun, als w\u00e4re alles normal &#8211; aber was k\u00f6nne man tun in dem Bewusstsein, dass die Entwicklungen Grund zu Besorgnis geben?<br \/>\n<a href=\"https:\/\/www.vox.com\/future-perfect\/476702\/minnesota-minneapolis-ice-ethics-how-to-help\" target=\"_blank\">&#8220;Your friends are still acting like everything is normal in America. What do you do?&#8221;<\/a><\/p>\n<p>Stichwort &#8220;the grandkid test&#8221;.<\/p>\n<blockquote><p>Tell them that one day their grandkids may ask them what they did in the wake of Minnesota, or under this administration more broadly. Will they be able to answer in a way that makes that young, upturned face beam?<\/p><\/blockquote>\n<p>\u00a7<\/p>\n<p>Daf\u00fcr braucht es dringend aufmunternde Gegenmittel. Einfach entz\u00fcckend: Dean Martin und Caterina Valente &#8211; One Note Samba von 1966.<\/p>\n<div class=\"video-wrapped\" style=\"width: 500px; height: 375px; background-image: url('https:\/\/www.vorspeisenplatte.de\/speisen\/wp-content\/plugins\/video-embed-privacy\/preview\/AuEv942wOZs.jpg')\" data-embed-frame=\"&lt;iframe title=&quot;Dean Martin &amp;amp; Caterina Valente - One Note Samba&quot; width=&quot;500&quot; height=&quot;375&quot; src=&quot;https:\/\/www.youtube.com\/embed\/AuEv942wOZs?feature=oembed&quot; frameborder=&quot;0&quot; allow=&quot;accelerometer; autoplay; clipboard-write; encrypted-media; gyroscope; picture-in-picture; web-share&quot; referrerpolicy=&quot;strict-origin-when-cross-origin&quot; allowfullscreen&gt;&lt;\/iframe&gt;\" data-embed-play=\"Abspielen&lt;div class=&quot;small&quot;&gt;Das Video wird von Youtube eingebettet abespielt. Es gilt die &lt;a href=&quot;https:\/\/www.google.com\/intl\/de\/policies\/privacy\/&quot; target=&quot;_blank&quot;&gt;Datenschutzerkl\u00e4rung von Google&lt;\/a&gt;&lt;\/div&gt;\">\n<div class=\"video-wrapped-nojs\">Aktivieren Sie JavaScript um das Video zu sehen.<br \/><a href=\"https:\/\/youtu.be\/AuEv942wOZs?si=Dic6_JceOApnEQ1g\">https:\/\/youtu.be\/AuEv942wOZs?si=Dic6_JceOApnEQ1g<\/a><\/div>\n<\/div>\n<p><img loading=\"lazy\" decoding=\"async\" src=\"https:\/\/vg04.met.vgwort.de\/na\/b5935daec41b4593ab2d1f2e5e8d116c\" width=\"1\" height=\"1\" alt=\"\"\/> <img loading=\"lazy\" decoding=\"async\" src=\"https:\/\/vg04.met.vgwort.de\/na\/b5935daec41b4593ab2d1f2e5e8d116c\" width=\"1\" height=\"1\" alt=\"\"\/><\/p>\n<ol class=\"footnotes\"><li id=\"footnote_1_116300\" class=\"footnote\">Nur zur Sicherheit: &#8220;Problem&#8221; im Sinne von v\u00f6llige Lappalie in gr\u00f6\u00dferem Zusammenhang. Weder h\u00e4ngt ein Menschenleben davon ab, noch ist es naturgesetzlich unl\u00f6sbar (was ich auch schon hatte), aber ich konnte es nicht bis Haken-dran wegbekommen.<span class=\"footnote-back-link-wrapper\"> [<a href=\"#identifier_1_116300\" class=\"footnote-link footnote-back-link\">&#8617;<\/a>]<\/span><\/li><\/ol>","protected":false},"excerpt":{"rendered":"<p>Unwillig vom Wecker geweckt worden: Ich tr\u00e4umte gerade etwas eher Irrelevantes, aber es spielte in mediterraner Stadtumgebung mit Sonne, Sommerkleidung und gr\u00fcner Vegetation &#8211; dort war ich viel lieber als im anbrechenden M\u00fcnchner Januar-Morgen. Nachts hatte ich wieder einen Sto\u00df Nasenspray in ein Nasenloch ben\u00f6tigt, die Nase hatte komplett zugezogen. (Weil Frau Br\u00fcllen am Montag [&hellip;]<\/p>\n","protected":false},"author":2,"featured_media":0,"comment_status":"open","ping_status":"closed","sticky":false,"template":"","format":"standard","meta":{"footnotes":""},"categories":[6,1],"tags":[],"class_list":["post-116300","post","type-post","status-publish","format-standard","hentry","category-essen","category-general"],"_links":{"self":[{"href":"https:\/\/www.vorspeisenplatte.de\/speisen\/wp-json\/wp\/v2\/posts\/116300","targetHints":{"allow":["GET"]}}],"collection":[{"href":"https:\/\/www.vorspeisenplatte.de\/speisen\/wp-json\/wp\/v2\/posts"}],"about":[{"href":"https:\/\/www.vorspeisenplatte.de\/speisen\/wp-json\/wp\/v2\/types\/post"}],"author":[{"embeddable":true,"href":"https:\/\/www.vorspeisenplatte.de\/speisen\/wp-json\/wp\/v2\/users\/2"}],"replies":[{"embeddable":true,"href":"https:\/\/www.vorspeisenplatte.de\/speisen\/wp-json\/wp\/v2\/comments?post=116300"}],"version-history":[{"count":3,"href":"https:\/\/www.vorspeisenplatte.de\/speisen\/wp-json\/wp\/v2\/posts\/116300\/revisions"}],"predecessor-version":[{"id":116326,"href":"https:\/\/www.vorspeisenplatte.de\/speisen\/wp-json\/wp\/v2\/posts\/116300\/revisions\/116326"}],"wp:attachment":[{"href":"https:\/\/www.vorspeisenplatte.de\/speisen\/wp-json\/wp\/v2\/media?parent=116300"}],"wp:term":[{"taxonomy":"category","embeddable":true,"href":"https:\/\/www.vorspeisenplatte.de\/speisen\/wp-json\/wp\/v2\/categories?post=116300"},{"taxonomy":"post_tag","embeddable":true,"href":"https:\/\/www.vorspeisenplatte.de\/speisen\/wp-json\/wp\/v2\/tags?post=116300"}],"curies":[{"name":"wp","href":"https:\/\/api.w.org\/{rel}","templated":true}]}}