{"id":11631,"date":"2011-05-16T09:17:01","date_gmt":"2011-05-16T07:17:01","guid":{"rendered":"https:\/\/www.vorspeisenplatte.de\/speisen\/?p=11631"},"modified":"2011-05-16T09:17:01","modified_gmt":"2011-05-16T07:17:01","slug":"von-hand","status":"publish","type":"post","link":"https:\/\/www.vorspeisenplatte.de\/speisen\/2011\/05\/von-hand.htm","title":{"rendered":"Von Hand"},"content":{"rendered":"<p><a href=\"http:\/\/blog.addict.de\/index.php?url=archives\/1927-Schoenschreiben!.html\" target=_\"new\">Se\u00f1ora Dyfa sinniert \u00fcber ihre Schreibger\u00e4te<\/a> und fragt nach unseren. Bittesch\u00f6n:<\/p>\n<p><a href=\"https:\/\/www.vorspeisenplatte.de\/speisen\/archiv\/Fueller.jpg\"><img loading=\"lazy\" decoding=\"async\" src=\"https:\/\/www.vorspeisenplatte.de\/speisen\/archiv\/Fueller.jpg\" alt=\"\" title=\"Fueller\" width=\"415\" height=\"290\" class=\"alignnone size-full wp-image-11632\" \/><\/a><\/p>\n<p>Auch ich habe mich vor etwa zwei Jahren auf meinen F\u00fcller besonnen. Ein einziger Test hatte ergeben, dass ich die Mitschrift einer Besprechung um ein Vielfaches besser lesen konnte, weil sie mit F\u00fcller geschrieben war. Also kramte ich das Olivenholzk\u00e4stchen aus, das ich vor etwa 15 Jahren w\u00e4hrend eines Mallorca-Urlaubs gekauft hatte und erkl\u00e4rte es zum F\u00fclleretui. Seither schreibe ich mit F\u00fcller, wenn es beruflich ist (das Default-Schreibzeug in meinen Handtaschen besteht weiterhin aus Billigkuli und Notizblock, F\u00fcller stecke ich eigens ein). Die schwarze Tinte ist dem Umstand geschuldet, dass blaue wasserl\u00f6slich ist (nur deshalb funktioniert Tintenkiller) und mit der Zeit verblasst \u2013 das wei\u00df ich von meinen 30 Jahre alten Tageb\u00fcchern. Bislang klappte es ganz gut, dass ich den F\u00fcller immer rechtzeitig nachgef\u00fcllt hatte; nur zwei, drei Mal musste ich unterwegs zu Kuli wechseln.<\/p>\n<p>Ein sch\u00f6ner Nebeneffekt ist die Eleganz des Schreibvorgangs \u2013 ich bilde mir ein, dass dies in meiner arbeitgebenden Firma sogar Schule gemacht hat und gerade aus der F\u00fchrungsriege immer mehr Kollegen und Kolleginnen mit F\u00fcller zu Besprechungen erscheinen. (Dass ich bereits mehrfach das sch\u00f6ne Holzk\u00e4stchen aus Versehen leer eingesteckt habe, braucht ja keiner zu wissen.)<\/p>\n<p>Und Sie?<\/p>\n","protected":false},"excerpt":{"rendered":"<p>Se\u00f1ora Dyfa sinniert \u00fcber ihre Schreibger\u00e4te und fragt nach unseren. Bittesch\u00f6n: Auch ich habe mich vor etwa zwei Jahren auf meinen F\u00fcller besonnen. Ein einziger Test hatte ergeben, dass ich die Mitschrift einer Besprechung um ein Vielfaches besser lesen konnte, weil sie mit F\u00fcller geschrieben war. Also kramte ich das Olivenholzk\u00e4stchen aus, das ich vor [&hellip;]<\/p>\n","protected":false},"author":2,"featured_media":0,"comment_status":"open","ping_status":"closed","sticky":false,"template":"","format":"standard","meta":{"footnotes":""},"categories":[2],"tags":[],"class_list":["post-11631","post","type-post","status-publish","format-standard","hentry","category-fotos"],"_links":{"self":[{"href":"https:\/\/www.vorspeisenplatte.de\/speisen\/wp-json\/wp\/v2\/posts\/11631","targetHints":{"allow":["GET"]}}],"collection":[{"href":"https:\/\/www.vorspeisenplatte.de\/speisen\/wp-json\/wp\/v2\/posts"}],"about":[{"href":"https:\/\/www.vorspeisenplatte.de\/speisen\/wp-json\/wp\/v2\/types\/post"}],"author":[{"embeddable":true,"href":"https:\/\/www.vorspeisenplatte.de\/speisen\/wp-json\/wp\/v2\/users\/2"}],"replies":[{"embeddable":true,"href":"https:\/\/www.vorspeisenplatte.de\/speisen\/wp-json\/wp\/v2\/comments?post=11631"}],"version-history":[{"count":0,"href":"https:\/\/www.vorspeisenplatte.de\/speisen\/wp-json\/wp\/v2\/posts\/11631\/revisions"}],"wp:attachment":[{"href":"https:\/\/www.vorspeisenplatte.de\/speisen\/wp-json\/wp\/v2\/media?parent=11631"}],"wp:term":[{"taxonomy":"category","embeddable":true,"href":"https:\/\/www.vorspeisenplatte.de\/speisen\/wp-json\/wp\/v2\/categories?post=11631"},{"taxonomy":"post_tag","embeddable":true,"href":"https:\/\/www.vorspeisenplatte.de\/speisen\/wp-json\/wp\/v2\/tags?post=11631"}],"curies":[{"name":"wp","href":"https:\/\/api.w.org\/{rel}","templated":true}]}}