{"id":11688,"date":"2011-05-24T09:43:28","date_gmt":"2011-05-24T07:43:28","guid":{"rendered":"https:\/\/www.vorspeisenplatte.de\/speisen\/?p=11688"},"modified":"2011-05-24T09:43:28","modified_gmt":"2011-05-24T07:43:28","slug":"sommerfarben","status":"publish","type":"post","link":"https:\/\/www.vorspeisenplatte.de\/speisen\/2011\/05\/sommerfarben.htm","title":{"rendered":"Sommerfarben"},"content":{"rendered":"<p><a href=\"https:\/\/www.vorspeisenplatte.de\/speisen\/archiv\/110523_Sommerfarben.jpg\"><img loading=\"lazy\" decoding=\"async\" src=\"https:\/\/www.vorspeisenplatte.de\/speisen\/archiv\/110523_Sommerfarben.jpg\" alt=\"\" title=\"110523_Sommerfarben\" width=\"432\" height=\"324\" class=\"alignnone size-full wp-image-11689\" \/><\/a><\/p>\n<p>Gestern zum ersten Mal in der Saison: Wassermelone mit Minze, K\u00e4se und Balsamicobalsam. Der K\u00e4se war diesmal nicht der Feta, den ich sonst verwende, sondern Ziegenricotta, den meine Eltern von ihrem Urlaub am Gardasee mitgebracht hatten. Dadurch fehlte das Rass-Salzige, war aber trotzdem k\u00f6stlich. Bald wieder. (Ja, das da oben ist eine Portion f\u00fcr zwei. Verstehen Sie jetzt, dass ich mit den Portionsangaben der meisten Kochb\u00fccher nicht zurecht komme?)<\/p>\n","protected":false},"excerpt":{"rendered":"<p>Gestern zum ersten Mal in der Saison: Wassermelone mit Minze, K\u00e4se und Balsamicobalsam. Der K\u00e4se war diesmal nicht der Feta, den ich sonst verwende, sondern Ziegenricotta, den meine Eltern von ihrem Urlaub am Gardasee mitgebracht hatten. Dadurch fehlte das Rass-Salzige, war aber trotzdem k\u00f6stlich. Bald wieder. (Ja, das da oben ist eine Portion f\u00fcr zwei. [&hellip;]<\/p>\n","protected":false},"author":2,"featured_media":0,"comment_status":"open","ping_status":"closed","sticky":false,"template":"","format":"standard","meta":{"footnotes":""},"categories":[6,2],"tags":[],"class_list":["post-11688","post","type-post","status-publish","format-standard","hentry","category-essen","category-fotos"],"_links":{"self":[{"href":"https:\/\/www.vorspeisenplatte.de\/speisen\/wp-json\/wp\/v2\/posts\/11688","targetHints":{"allow":["GET"]}}],"collection":[{"href":"https:\/\/www.vorspeisenplatte.de\/speisen\/wp-json\/wp\/v2\/posts"}],"about":[{"href":"https:\/\/www.vorspeisenplatte.de\/speisen\/wp-json\/wp\/v2\/types\/post"}],"author":[{"embeddable":true,"href":"https:\/\/www.vorspeisenplatte.de\/speisen\/wp-json\/wp\/v2\/users\/2"}],"replies":[{"embeddable":true,"href":"https:\/\/www.vorspeisenplatte.de\/speisen\/wp-json\/wp\/v2\/comments?post=11688"}],"version-history":[{"count":0,"href":"https:\/\/www.vorspeisenplatte.de\/speisen\/wp-json\/wp\/v2\/posts\/11688\/revisions"}],"wp:attachment":[{"href":"https:\/\/www.vorspeisenplatte.de\/speisen\/wp-json\/wp\/v2\/media?parent=11688"}],"wp:term":[{"taxonomy":"category","embeddable":true,"href":"https:\/\/www.vorspeisenplatte.de\/speisen\/wp-json\/wp\/v2\/categories?post=11688"},{"taxonomy":"post_tag","embeddable":true,"href":"https:\/\/www.vorspeisenplatte.de\/speisen\/wp-json\/wp\/v2\/tags?post=11688"}],"curies":[{"name":"wp","href":"https:\/\/api.w.org\/{rel}","templated":true}]}}