{"id":11725,"date":"2011-06-02T09:05:28","date_gmt":"2011-06-02T07:05:28","guid":{"rendered":"https:\/\/www.vorspeisenplatte.de\/speisen\/?p=11725"},"modified":"2011-06-04T08:04:10","modified_gmt":"2011-06-04T06:04:10","slug":"status-der-bewegtheit","status":"publish","type":"post","link":"https:\/\/www.vorspeisenplatte.de\/speisen\/2011\/06\/status-der-bewegtheit.htm","title":{"rendered":"Status der Bewegtheit"},"content":{"rendered":"<p>Ich empfehle Ihnen als Lekt\u00fcre \u201e<a href=\"http:\/\/www.freitag.de\/community\/blogs\/die-tanzstunde\/partnertausch-in-der-kuschelhoelle\" target=_\"new\">Partnertausch in der Kuschelh\u00f6lle<\/a>\u201c: Maike Hank und Nilz Bokelberg machen zusammen einen Tanzkurs und schreiben dar\u00fcber f\u00fcr <i>Der Freitag<\/i>. Der Text ist wirklich gut, allein schon wegen des Ausdrucks \u201ehinterh\u00e4ltige Parkett-Wallraffs\u201c, aber ich habe ihn sicher auch deshalb so gern gelesen, weil ich ein bisschen in Maike verliebt bin, die ich zur re:publica zum ersten Mal seit dem <a href=\"https:\/\/www.vorspeisenplatte.de\/speisen\/2010\/05\/blognostalgie-blogmich-2005.htm\" target=_new>blogmich vor sechs Jahren<\/a> wiedergesehen habe.<\/p>\n<p>Jetzt h\u00e4tte ich durchaus was zu bloggen, denn die vergangenen Tage waren sehr voll. Vieles davon m\u00f6chte ich aber erst mal durchdenken und erst aufschreiben, wenn ich es mit Daten und Fakten f\u00fcllen kann. Ich musste in meinen beruflichen Projekten Niederlagen verkraften, \u00fcberhaupt passiert dort gerade einiges nicht so Sch\u00f6nes (gl\u00fccklicherweise besteht meine direkte Umgebung weiterhin aus angenehmsten und st\u00fctzenden Kollegen, Kolleginnen und Chefs). Zudem will sich mein allgemeines Unbehagen \u00fcber die gesellschaftlich akzeptierte Marketing- und Verkaufskultur einfach nicht legen, sondern verst\u00e4rkt sich. Erleichtert bin ich, dass sich dieses Unbehagen weiterhin nicht in Zynismus verwandelt &#8211; auch wenn die Alternative \u00c4rger und Wut in pubert\u00e4rem Ausma\u00df sind, die sich nicht gerade angenehm anf\u00fchlen. Doch noch bin ich nicht so weit, dass ich erfolgreiche machivelli&#8217;sche Finten mit \u201eso ist die Welt halt\u201c betrachte, sondern mich aufrege, weil ich nicht will, dass die Welt so ist.<br \/>\nDann hatte ich interessante Gespr\u00e4che \u00fcber Wirtschaftsethik, was ich gerade in meiner derzeitigen Stimmung als Oxymoron empfinde. Darin enthalten war ein f\u00fcr mich \u00fcberraschender Hinweis auf den finanziellen Hintergrund vieler <b>\u00f6kologisch motivierter<\/b> und oft preisgekr\u00f6nter Gesch\u00e4ftsprojekte von Frauen: Sie werfen keinen Gewinn ab, sondern werden von den Ehem\u00e4nnern bezahlt, aus deren konventionellen Arbeitsverh\u00e4ltnissen. Heute wird den schm\u00fcckenden Frauen an seiner Seite halt nicht mehr eine Boutique eingerichtet, sondern ein \u00d6ko-Projekt. Dazu suche ich aber noch Zahlenmaterial. Tats\u00e4chlich hatte ich mich ja schon das eine oder andere Mal gewundert, wovon die Anbieterinnen von Dawanda-Produkten wohl leben &#8211; Preis-Aufwand-Verh\u00e4ltnis k\u00f6nnen bei den meisten unm\u00f6glich einen Lebensunterhalt abwerfen.<\/p>\n<p>Und jetzt weiter mit dem langen Wochenende.<\/p>\n<p><i>Nachtrag am 4. Juni: Laut einer E-Mail von Dawanda an mich \u201ek\u00f6nnen rund 30% der Shopbetreiber bei DaWanda von ihren Eink\u00fcnften durch ihr kreatives Schaffen leben\u201c. Mitgeschickt hat die PR-Abteilung auch einen Text, laut dem \u201eM\u00fctter h\u00e4ufiger selbstst\u00e4ndig als kinderlose Frauen\u201c sind, allerdings wird zwischen beiden Zahlen keine Verbindung hergestellt (also wie viele M\u00fctter und wie viele Nichtm\u00fctter aus dieser Gruppe von ihrem Eink\u00fcnften aus Selbst\u00e4ndigkeit leben k\u00f6nnen).<br \/>\nDiesen Text kann ich online nicht finden, doch er bezieht sich auf <a href=\"http:\/\/www.beruf-und-familie.de\/index.php?c=30&#038;cms_det=789\" target=_\"new\">dieses Arbeitspapier der Hertie-Stiftung<\/a>, das sehr differenziert berichtet. Unter anderem wird die Existenz von V\u00e4tern einkalkuliert (Schritt in die Selbst\u00e4ndigkeit bei Kindern im Haushalt sogar noch wahrscheinlicher als bei M\u00fcttern, S. 20) und die \u201eZuerwerbsselbst\u00e4ndigkeit\u201c erw\u00e4hnt, um die es mir geht: \u201eSo geh\u00f6rten im April 2001 62 Prozent der Gr\u00fcnderpersonen im Zuerwerb dem weiblichen Geschlecht an und nur 38 Prozent dem m\u00e4nnlichen.\u201c (S. 19)<br \/>\nNichts davon jedoch bezieht sich allerdings auf die \u00d6koprojekte als Gesch\u00e4ftsmodell, die meinen Gedankengang ausgel\u00f6st haben.<\/i><\/p>\n","protected":false},"excerpt":{"rendered":"<p>Ich empfehle Ihnen als Lekt\u00fcre \u201ePartnertausch in der Kuschelh\u00f6lle\u201c: Maike Hank und Nilz Bokelberg machen zusammen einen Tanzkurs und schreiben dar\u00fcber f\u00fcr Der Freitag. Der Text ist wirklich gut, allein schon wegen des Ausdrucks \u201ehinterh\u00e4ltige Parkett-Wallraffs\u201c, aber ich habe ihn sicher auch deshalb so gern gelesen, weil ich ein bisschen in Maike verliebt bin, die [&hellip;]<\/p>\n","protected":false},"author":2,"featured_media":0,"comment_status":"open","ping_status":"closed","sticky":false,"template":"","format":"standard","meta":{"footnotes":""},"categories":[1],"tags":[],"class_list":["post-11725","post","type-post","status-publish","format-standard","hentry","category-general"],"_links":{"self":[{"href":"https:\/\/www.vorspeisenplatte.de\/speisen\/wp-json\/wp\/v2\/posts\/11725","targetHints":{"allow":["GET"]}}],"collection":[{"href":"https:\/\/www.vorspeisenplatte.de\/speisen\/wp-json\/wp\/v2\/posts"}],"about":[{"href":"https:\/\/www.vorspeisenplatte.de\/speisen\/wp-json\/wp\/v2\/types\/post"}],"author":[{"embeddable":true,"href":"https:\/\/www.vorspeisenplatte.de\/speisen\/wp-json\/wp\/v2\/users\/2"}],"replies":[{"embeddable":true,"href":"https:\/\/www.vorspeisenplatte.de\/speisen\/wp-json\/wp\/v2\/comments?post=11725"}],"version-history":[{"count":0,"href":"https:\/\/www.vorspeisenplatte.de\/speisen\/wp-json\/wp\/v2\/posts\/11725\/revisions"}],"wp:attachment":[{"href":"https:\/\/www.vorspeisenplatte.de\/speisen\/wp-json\/wp\/v2\/media?parent=11725"}],"wp:term":[{"taxonomy":"category","embeddable":true,"href":"https:\/\/www.vorspeisenplatte.de\/speisen\/wp-json\/wp\/v2\/categories?post=11725"},{"taxonomy":"post_tag","embeddable":true,"href":"https:\/\/www.vorspeisenplatte.de\/speisen\/wp-json\/wp\/v2\/tags?post=11725"}],"curies":[{"name":"wp","href":"https:\/\/api.w.org\/{rel}","templated":true}]}}