{"id":117464,"date":"2026-03-10T06:27:21","date_gmt":"2026-03-10T05:27:21","guid":{"rendered":"https:\/\/www.vorspeisenplatte.de\/speisen\/?p=117464"},"modified":"2026-03-10T16:17:37","modified_gmt":"2026-03-10T15:17:37","slug":"journal-montag-9-maerz-2026-wahlhilfe-als-vorsteherin-bei-der-kommunalwahl-teil-2","status":"publish","type":"post","link":"https:\/\/www.vorspeisenplatte.de\/speisen\/2026\/03\/journal-montag-9-maerz-2026-wahlhilfe-als-vorsteherin-bei-der-kommunalwahl-teil-2.htm","title":{"rendered":"Journal Montag, 9. M\u00e4rz 2026 &#8211; Wahlhilfe als Vorsteherin bei der Kommunalwahl, Teil 2"},"content":{"rendered":"<p>Gut geschlafen, die Panik setzte erst wieder \u00fcberm Morgenmilchkaffee ein, als ich mich mit dem bevorstehenden Ausz\u00e4hlen anhand der Z\u00e4hllisten besch\u00e4ftigte.<\/p>\n<p>Viel wichtiger als der M\u00fcnchner Stadtrat: Baden-W\u00fcrttemberg hat am Sonntag einen Ministerpr\u00e4sidenten Cem \u00d6zdemir gew\u00e4hlt, das freut mich sehr (hatte ich ihnen ehrlich gesagt nicht zugetraut).<\/p>\n<p>Meine Anspannung schlug um in ein Zefix, als ich noch vor Verlassen des Hauses die n\u00e4chste Krankmeldung bekam, diesmal auch noch vom Schriftf\u00fchrer. Auch ihn bat ich, sich damit bei der Bezirksinspektion zu melden, doch ich hatte keine Hoffnung, dass f\u00fcr ihn Ersatz geschickt w\u00fcrde: Der Wahlvorstand war ja mit stellvertretender Schriftf\u00fchrerin vollst\u00e4ndig. (Im urspr\u00fcnglichen zehnk\u00f6pfigen Team vier Ausf\u00e4lle finde ich schon besonders ungl\u00fccklich.)<\/p>\n<p>Es wurde dann ein (f\u00fcr mich) angespanntes Stimmenz\u00e4hlen, durch die Erkrankung waren wir halt ein Zweier-Team weniger beim Einzelstimmen-Ausz\u00e4hlen, denn dazu kamen technische Probleme mit dem Wahlkoffer, die ein Teammitglied voll besch\u00e4ftigten.<\/p>\n<p>Dazwischen kam die Lehrerin, die unseren Raum sonst als Klassenzimmer nutzt, und fragte, ob sie schon zur\u00fcckr\u00e4umen k\u00f6nne &#8211; ich lernte also, dass in dem reichlichen Staub und Sand am Boden (der mich beim Bewegen durch den Raum immer wieder zu Schliddern verf\u00fchrte) und auf den dreckigen Tischen, die wir am Vortag f\u00fcrs W\u00e4hlen alle erstmal s\u00e4ubern mussten, tats\u00e4chlich unterrichtet wird.<\/p>\n<p>Kurz vor zw\u00f6lf radelte ich mit der Wahltasche voller Unterlagen zur Stadtratswahl in die Bezirksinspektion im Tal &#8211; vorsichtig und langsam, den hier im zentralesten Zentrum von M\u00fcnchen war der Verkehr durch Lieferfahrzeuge, Oberklasse-Pkw und Touristen wirklich gef\u00e4hrlich. Die Luft war mild, ich brauchte keine Handschuhe. Aber dieses Radl von Herrn Kaltmamsell fuhr sich wirklich so unbequem wie erinnert: Es hat einen besonders tiefen Einstieg, dadurch ist der Abstand zwischen Lenker und Sattel f\u00fcr mich viel zu kurz, immer wieder dr\u00fcckte ich mich nach hinten, um keinen Buckel zu machen. Und der breite Sattel schmerzte meinen Po bereits auf diesen kurzen Strecken &#8211; der beste Beweis, wie unterschiedlich Radformen f\u00fcr gutes Radeln sein m\u00fcssen.<\/p>\n<p>Als ich meine gr\u00fcnen (= Stadtratswahl) Umschl\u00e4ge im 2. Stock der Bezirksinspektion Mitte abgab, sah ich, dass andere Wahllokale schon mit allem durch waren: Es wurden auch schon wei\u00dfe Bezirksratswahl-Umschl\u00e4ge \u00fcbergeben.<\/p>\n<p>Jetzt sah ich die Nachricht vom Wahlamt mit der Empfehlung, nach Ausfall des Schriftf\u00fchrers jemanden von den Beisitzern dazu zu bef\u00f6rdern &#8211; aber das h\u00e4tte mir ja auch nicht mit einer zus\u00e4tzlichen Person geholfen.<\/p>\n<p>Mein Team war noch am Ausz\u00e4hlen dieser Bezirksausschusswahl, auch das mit einem Z\u00e4hlteam weniger, ich h\u00e4ngte mich mit rein. Aber es wurde halb drei, bis wir nicht nur gez\u00e4hlt und eingegeben hatten, Niederschrift ausgedruckt und unterschrieben, sondern auch aufger\u00e4umt und den Klassenraum r\u00fcckgebaut sowie die Urnen zum Hausmeister geschafft. Herzlicher Abschied des Wahlhilfeteams untereinander, die meisten werde ich in zwei Wochen zur Stichwahl wiedersehen.<\/p>\n<p>Kurz vor drei war auch ich nach einer weiteren Radelfahrt zur Bezirksinspektion fertig. Doch jetzt ein weiterer Tiefschlag: Seit Wochen rettete ich mich \u00fcber meine Wahlvorsitzenden-Panik mit dem Bild, wie ich am Montag danach im Caf\u00e9 Nash am Jakobsplatz sitzen und endlich etwas essen w\u00fcrde. Um vor verschlossenen T\u00fcren zu stehen (die vor Wochen gecheckten \u00d6ffnungszeiten stimmten wohl nicht mehr). Ich kann <i>delayed gratification<\/i> wirklich sehr gut &#8211; aber dann muss ich sie auch bekommen. JETZT war ich nicht nur Hunger-schw\u00e4chlich, sondern richtig sauer. Zumal daheim noch der Putzmann werkelte und ich keine Aussicht auf Ruhe sah. Vor lauter Entt\u00e4uschung fiel mir auch kein anderes Lokal ein, in dem ich sitzen wollte, dann radelte ich halt heim.<\/p>\n<p>Es war dann halb vier, als ich Herrn Putz verabschiedete und endlich etwas a\u00df: Birne und H\u00fcttenk\u00e4se. Das bes\u00e4nftigte mich genug, dass ich wieder Lust auf meine Abendkochpl\u00e4ne hatte: <a href=\"https:\/\/www.vorspeisenplatte.de\/rezepte\/dampfnudeln-nach-fremdarbeiterinnen-art.htm\" target=\"_blank\">Es sollte Dampfnudeln geben.<\/a><\/p>\n<p>Also ging ich daf\u00fcr Einkaufen, bei R\u00fcckkehr und dann zwischen den Koch-Schritten las ich die Mastodon-Timeline der vorhergehenden 24 Stunden nach, unter anderem die Entwicklung der Wahlergebnisse. Ich war allerdings extrem m\u00fcde, wollte aber unbedingt Dampfnudeln, also musste ich halt wach bleiben.<\/p>\n<p><a href=\"https:\/\/www.vorspeisenplatte.de\/speisen\/archiv\/260309_02_Dampfnudeln.jpg\"><img loading=\"lazy\" decoding=\"async\" src=\"https:\/\/www.vorspeisenplatte.de\/speisen\/archiv\/260309_02_Dampfnudeln.jpg\" alt=\"\" width=\"333\" height=\"444\" class=\"alignnone size-full wp-image-117476\" \/><\/a><\/p>\n<p>Es wurden gute Dampfnudeln, nur die Vanillesauce dazu schmeckte schonmal besser, lag vielleicht an dem Bio-Puddingpulver, das ich daf\u00fcr verwendete. Und blo\u00df weil das Abendessen eine s\u00fc\u00dfe Mehlspeis war, muss man noch lange nicht auf Schokolade danach verzichten.<\/p>\n<p>Ich ging absurd fr\u00fch ins Bett, las dort aber noch ein wenig. <img loading=\"lazy\" decoding=\"async\" src=\"https:\/\/vg04.met.vgwort.de\/na\/8049b2dadcae46feac8e6c46408004a0\" width=\"1\" height=\"1\" alt=\"\"\/><\/p>\n","protected":false},"excerpt":{"rendered":"<p>Gut geschlafen, die Panik setzte erst wieder \u00fcberm Morgenmilchkaffee ein, als ich mich mit dem bevorstehenden Ausz\u00e4hlen anhand der Z\u00e4hllisten besch\u00e4ftigte. Viel wichtiger als der M\u00fcnchner Stadtrat: Baden-W\u00fcrttemberg hat am Sonntag einen Ministerpr\u00e4sidenten Cem \u00d6zdemir gew\u00e4hlt, das freut mich sehr (hatte ich ihnen ehrlich gesagt nicht zugetraut). Meine Anspannung schlug um in ein Zefix, als [&hellip;]<\/p>\n","protected":false},"author":2,"featured_media":0,"comment_status":"open","ping_status":"closed","sticky":false,"template":"","format":"standard","meta":{"footnotes":""},"categories":[1],"tags":[],"class_list":["post-117464","post","type-post","status-publish","format-standard","hentry","category-general"],"_links":{"self":[{"href":"https:\/\/www.vorspeisenplatte.de\/speisen\/wp-json\/wp\/v2\/posts\/117464","targetHints":{"allow":["GET"]}}],"collection":[{"href":"https:\/\/www.vorspeisenplatte.de\/speisen\/wp-json\/wp\/v2\/posts"}],"about":[{"href":"https:\/\/www.vorspeisenplatte.de\/speisen\/wp-json\/wp\/v2\/types\/post"}],"author":[{"embeddable":true,"href":"https:\/\/www.vorspeisenplatte.de\/speisen\/wp-json\/wp\/v2\/users\/2"}],"replies":[{"embeddable":true,"href":"https:\/\/www.vorspeisenplatte.de\/speisen\/wp-json\/wp\/v2\/comments?post=117464"}],"version-history":[{"count":3,"href":"https:\/\/www.vorspeisenplatte.de\/speisen\/wp-json\/wp\/v2\/posts\/117464\/revisions"}],"predecessor-version":[{"id":117493,"href":"https:\/\/www.vorspeisenplatte.de\/speisen\/wp-json\/wp\/v2\/posts\/117464\/revisions\/117493"}],"wp:attachment":[{"href":"https:\/\/www.vorspeisenplatte.de\/speisen\/wp-json\/wp\/v2\/media?parent=117464"}],"wp:term":[{"taxonomy":"category","embeddable":true,"href":"https:\/\/www.vorspeisenplatte.de\/speisen\/wp-json\/wp\/v2\/categories?post=117464"},{"taxonomy":"post_tag","embeddable":true,"href":"https:\/\/www.vorspeisenplatte.de\/speisen\/wp-json\/wp\/v2\/tags?post=117464"}],"curies":[{"name":"wp","href":"https:\/\/api.w.org\/{rel}","templated":true}]}}