{"id":117611,"date":"2026-03-16T06:25:12","date_gmt":"2026-03-16T05:25:12","guid":{"rendered":"https:\/\/www.vorspeisenplatte.de\/speisen\/?p=117611"},"modified":"2026-04-09T12:32:49","modified_gmt":"2026-04-09T10:32:49","slug":"journal-sonntag-15-maerz-2026-heimische-und-haeusliche-flora-und-fauna","status":"publish","type":"post","link":"https:\/\/www.vorspeisenplatte.de\/speisen\/2026\/03\/journal-sonntag-15-maerz-2026-heimische-und-haeusliche-flora-und-fauna.htm","title":{"rendered":"Journal Sonntag, 15. M\u00e4rz 2026 &#8211; Heimische und h\u00e4usliche Flora und Fauna"},"content":{"rendered":"<p>Wecker gestellt, weil ich verabredet war und vorher noch Laufen gehen wollte.<\/p>\n<p>Geordnetes Bloggen, W\u00e4scheabh\u00e4ngen, Katzenwaschen&#8230; <\/p>\n<p><a href=\"https:\/\/www.vorspeisenplatte.de\/speisen\/archiv\/260315_01_Schlumpfkleidung.jpg\"><img loading=\"lazy\" decoding=\"async\" src=\"https:\/\/www.vorspeisenplatte.de\/speisen\/archiv\/260315_01_Schlumpfkleidung.jpg\" alt=\"\" width=\"444\" height=\"333\" class=\"alignnone size-full wp-image-117631\" \/><\/a><\/p>\n<p>Wie wunderbar diese Socken aus Freundinnenhand zu meinem aktuellen Lieblings-Schlumpfanzug passen!<br \/>\n&#8230; Sportkleidunganziehen (bei angesagten 3 Grad griff ich doch lieber zu leichter M\u00fctze und Handschuhen &#8211; erwies sich als gute Idee), dann noch Morgengymnastik, und um halb neun war ich auf der Laufpiste ab Haust\u00fcr Richtung Thalkirchen.<\/p>\n<p>Der K\u00f6rper spielte gut mit, ich hoffe, dass mein Formtief nun hinter mir liegt. 1 Stunde 50 Minuten waren nur ca. 15 Minuten zu viel, aber voraussichtlich komme ich erst in zwei Wochen wieder zu einer Runde.<\/p>\n<p><a href=\"https:\/\/www.vorspeisenplatte.de\/speisen\/archiv\/260315_07_Flaucher.jpg\"><img loading=\"lazy\" decoding=\"async\" src=\"https:\/\/www.vorspeisenplatte.de\/speisen\/archiv\/260315_07_Flaucher.jpg\" alt=\"\" width=\"564\" height=\"423\" class=\"alignnone size-full \" \/><\/a><\/p>\n<p>Am Flaucher.<\/p>\n<p><a href=\"https:\/\/www.vorspeisenplatte.de\/speisen\/archiv\/260315_08_Thalkirchen.jpg\"><img loading=\"lazy\" decoding=\"async\" src=\"https:\/\/www.vorspeisenplatte.de\/speisen\/archiv\/260315_08_Thalkirchen.jpg\" alt=\"\" width=\"484\" height=\"363\" class=\"alignnone size-full wp-image-117633\" \/><\/a><\/p>\n<p>Hinter Maria Einsiedel. D\u00fcster war es und kalt, aber ohne Eisschicht auf dem Weg l\u00e4uft es sich hier SO viel beschwingter als mit!<\/p>\n<p><a href=\"https:\/\/www.vorspeisenplatte.de\/speisen\/archiv\/260315_09_Thalkirchen.jpg\"><img loading=\"lazy\" decoding=\"async\" src=\"https:\/\/www.vorspeisenplatte.de\/speisen\/archiv\/260315_09_Thalkirchen.jpg\" alt=\"\" width=\"273\" height=\"403\" class=\"alignnone size-full wp-image-117634\" \/><\/a><\/p>\n<p>Wenn sie einer die Fotomotive schon direkt an die Laufstrecke stellen (Seidelbast).<\/p>\n<p><a href=\"https:\/\/www.vorspeisenplatte.de\/speisen\/archiv\/260315_10_Flaucher.jpg\"><img loading=\"lazy\" decoding=\"async\" src=\"https:\/\/www.vorspeisenplatte.de\/speisen\/archiv\/260315_10_Flaucher.jpg\" alt=\"\" width=\"339\" height=\"526\" class=\"alignnone size-full wp-image-117635\" \/><\/a><\/p>\n<p>Stockente auf &#8211; Stock?<\/p>\n<p><a href=\"https:\/\/www.vorspeisenplatte.de\/speisen\/archiv\/260315_11_AlterSuedfriedhof.jpg\"><img loading=\"lazy\" decoding=\"async\" src=\"https:\/\/www.vorspeisenplatte.de\/speisen\/archiv\/260315_11_AlterSuedfriedhof.jpg\" alt=\"\" width=\"390\" height=\"549\" class=\"alignnone size-full wp-image-117636\" \/><\/a><\/p>\n<p>Auf dem Alten S\u00fcdfriedhof dominierten die Blausterne, aber der B\u00e4rlauch ist schon ganz stark im Kommen.<\/p>\n<p>Kurz vor der Haust\u00fcr sah ich ein Plakat, das Auftritte von Josef Hader in M\u00fcnchen ank\u00fcndigte. Ich notierte sie, checkte daheim Kartenverf\u00fcgbarkeit, fragte Herrn Kaltmamsell nach Begleitlust &#8211; und jetzt haben wir Tickets f\u00fcr sein Programm &#8220;Hader on Ice&#8221; am 8. Mai in den Kammerspielen. Bis dahin flie\u00dft viel Wasser die Isar hinab, und die Wahrscheinlichkeit, dass ich mich kurz vorher frage, warum ich mir bitte einen der kostbaren Freitagabende mit sowas verplane, ist nicht gering. Aber jetzt freute ich mich erstmal darauf.<\/p>\n<p>Eine gro\u00dfe Tasse Zitrone-Ingwer-Pfeffer-Tee gekocht, um damit die kristallinen Reste in einem Honigglas zu l\u00f6sen. War dann mehr Honigrest als erwartet, und sp\u00e4testens jetzt wei\u00df ich, dass ich Tee derzeit wirklich am liebsten unges\u00fc\u00dft mag (Ausnahme Englischer Schwarztee mit Milch).<\/p>\n<p>Die mitt\u00e4gliche Verabredung war ein Kurzbesuch meiner Eltern: Sie brachten das Feigenb\u00e4umchen, das mir das Christkind geschenkt hatte, aber erst jetzt in einer G\u00e4rtnerei zu haben war. Und trafen deutlich sp\u00e4ter als geplant ein, weil sie <a href=\"https:\/\/www.br.de\/nachrichten\/bayern\/muenchen-tausende-bei-demo-fuer-pruefung-rechtsextremer-parteien,VDrb1e8\" target=\"_blank\">wegen der PR\u00dcF-Demo<\/a> gro\u00dfe Umwege fahren mussten.<\/p>\n<p><a href=\"https:\/\/www.vorspeisenplatte.de\/speisen\/archiv\/260315_12_FeigeVioletta.jpg\"><img loading=\"lazy\" decoding=\"async\" src=\"https:\/\/www.vorspeisenplatte.de\/speisen\/archiv\/260315_12_FeigeVioletta.jpg\" alt=\"\" width=\"285\" height=\"429\" class=\"alignnone size-full wp-image-117637\" \/><\/a><\/p>\n<p>Neue Mitbewohnerin unseres K\u00fcchenbalkons nach S\u00fcden: Violetta, die Bayernfeige.<\/p>\n<p>Fr\u00fchst\u00fcck um halb zwei: Apfel, Roggenvollkornbrot mit K\u00e4se.<\/p>\n<p>Internet gelesen. Nachmittags holte ich den Film <i>Perfect Days<\/i> von Wim Wenders nach, <a href=\"https:\/\/www.ardmediathek.de\/video\/perfect-days\/perfect-days\/ard\/Y3JpZDovL2Rhc2Vyc3RlLmRlL3BlcmZlY3QtZGF5cy8yMDI1LTEyLTIxXzIzLTM1LU1FWg\" target=\"_blank\">die ARD-Mediathek machte es m\u00f6glich<\/a> (ein Hoch auf die \u00d6ffentlich-Rechtlichen).<\/p>\n<p>Wirklich sch\u00f6ner Film, ich mochte ihn von Anfang bis Ende. Zun\u00e4chst st\u00f6rte ich mich daran, dass ich keine Originalversion mit Untertiteln ausw\u00e4hlen konnte (keine Untertitel im Angebot), denn je weiter weg vom Deutschen, desto alberner empfinde ich Synchronisierung. Doch der Film enth\u00e4lt so wenig gesprochenen Text, dass das nichts ausmachte.<\/p>\n<p>Typisch Wim Wenders waren f\u00fcr mich der fehlende Spannungsbogen, der Mensch im Mittelpunkt, der deutsche Blick auf Exotik, ohne zu Exotisieren &#8211; all das mochte ich wieder sehr. Wundervoller Hauptdarsteller K\u014dji Yakusho (beim Rumrecherchieren um den Film entdeckt, dass ich ihn aus <a href=\"https:\/\/de.wikipedia.org\/wiki\/Shall_we_dance%3F_(1996)\" target=\"_blank\"><i>Shall we dansu?<\/i><\/a> von 1996 kenne).<\/p>\n<p>Guter Sonntagnachmittag mit Wenigtun, erkennbar an der L\u00e4nge meiner Blicke aus dem Fenster: Die Kastanien vor Herrn Kaltmamsells Fenster fangen JETZT an mit Pf\u00f6tchengeben, aber noch sieht man beleuchtete Fenster jenseits des Parks, weil die B\u00e4ume kahl sind.<\/p>\n<p>Ich startete nochmal das 30-Tage-Programm &#8220;True&#8221; von Adriene, ich freue mich schon darauf.<\/p>\n<p>Als Nachtmahl servierte Herr Kaltmamsell das Ernteanteil-Blaukraut <a href=\"https:\/\/www.herrgruenkocht.de\/im-ofen-karamellisierte-rotkohlscheiben-mit-weissen-bohnen\/\" target=\"_blank\">als Ofen-Steaks nach Herrn Gr\u00fcn<\/a>. Schmeckte gut, aber als Beilagen-Blaukraut oder Salat mag ich es lieber. Nachtisch Schokolade.<\/p>\n<p>Seit fast einer Woche wohnt eine zarte, langbeinige Spinne auf unserer Klot\u00fcre, unteres F\u00fcnftel, Seite zum Gang, nah an der T\u00fcrkante. Wenn man die T\u00fcr nutzt, wackelt sie ein bisschen mit mindestens zwei Beinen, sitzt ansonsten ruhig. Uns f\u00e4llt wirklich nicht ein, warum sie a) so ausdauernd, b) genau da sitzt. Aber wir bemerken sie, \u00f6ffnen und schlie\u00dfen die T\u00fcr etwas sachter als sonst. M\u00f6glicherweise eine Zitterspinne.<\/p>\n<p>Fr\u00fch ins Bett zum Lesen, die Oscarverleihung w\u00fcrde ich verpassen und nachlesen m\u00fcssen &#8211; doch vom vergangenen Filmjahr habe ich eh so gut wie nichts mitbekommen.<\/p>\n<p>\u00a7<\/p>\n<p>Alterserscheinung: Fr\u00fcher trug ich in Gespr\u00e4chen unbefangen eigene Erlebnisse bei, flink herbeiassoziiert. Mittlerweile schlucke ich sie immer \u00f6fter unerz\u00e4hlt: Zweifel an Interessantheit, weil wahrscheinlich zu weit weg \/ Bewusstsein, wie viel Hintergrund ich erkl\u00e4ren m\u00fcsste.<br \/>\n(Zum Gl\u00fcck habe ich ein Blog.)<\/p>\n<p>\u00a7<\/p>\n<p>Wer die Fotos von Lisette Model sehen will, muss gar nicht wie ich in Wien in die Albertina:<br \/>\n<a href=\"https:\/\/www.versicherungskammer-kulturstiftung.de\/kunstfoyer\/ausstellungen\/lisette-model\/\" target=\"_blank\">Ab 18. M\u00e4rz sind sie im M\u00fcnchner Kunstfoyer ausgestellt.<\/a><\/p>\n<p>\u00a7<\/p>\n<p>Ich w\u00fcrde ja gerne LLMs ausprobieren, doch ich finde einfach keine Anwendungen (und meine wenigen, etwas an den Haaren herbeigezogenen Versuche gingen schlecht aus). F\u00fcr Chat-Bots fallen mir noch weniger Eins\u00e4tze ein. Bis gestern, als ich GR\u00dcNESCHULD entdeckte.<\/p>\n<blockquote><p>Gr\u00fcneschuld ist ein satirischer KI-Chatbot, der die beliebte deutsche Politikstrategie parodiert, f\u00fcr jedes erdenkliche Problem die Gr\u00fcnen verantwortlich zu machen.<\/p><\/blockquote>\n<p><a href=\"https:\/\/grueneschuld.de\/\" target=\"_blank\">Er funktioniert wirklich! Nenn ein beliebiges Problem und erfahre die wahre Ursache!<\/a> <img loading=\"lazy\" decoding=\"async\" src=\"https:\/\/vg04.met.vgwort.de\/na\/a7367c91585e4f8f8f01fd56683b125a\" width=\"1\" height=\"1\" alt=\"\"\/><\/p>\n","protected":false},"excerpt":{"rendered":"<p>Wecker gestellt, weil ich verabredet war und vorher noch Laufen gehen wollte. Geordnetes Bloggen, W\u00e4scheabh\u00e4ngen, Katzenwaschen&#8230; Wie wunderbar diese Socken aus Freundinnenhand zu meinem aktuellen Lieblings-Schlumpfanzug passen! &#8230; Sportkleidunganziehen (bei angesagten 3 Grad griff ich doch lieber zu leichter M\u00fctze und Handschuhen &#8211; erwies sich als gute Idee), dann noch Morgengymnastik, und um halb neun [&hellip;]<\/p>\n","protected":false},"author":2,"featured_media":0,"comment_status":"open","ping_status":"closed","sticky":false,"template":"","format":"standard","meta":{"footnotes":""},"categories":[4,2,1],"tags":[],"class_list":["post-117611","post","type-post","status-publish","format-standard","hentry","category-filme","category-fotos","category-general"],"_links":{"self":[{"href":"https:\/\/www.vorspeisenplatte.de\/speisen\/wp-json\/wp\/v2\/posts\/117611","targetHints":{"allow":["GET"]}}],"collection":[{"href":"https:\/\/www.vorspeisenplatte.de\/speisen\/wp-json\/wp\/v2\/posts"}],"about":[{"href":"https:\/\/www.vorspeisenplatte.de\/speisen\/wp-json\/wp\/v2\/types\/post"}],"author":[{"embeddable":true,"href":"https:\/\/www.vorspeisenplatte.de\/speisen\/wp-json\/wp\/v2\/users\/2"}],"replies":[{"embeddable":true,"href":"https:\/\/www.vorspeisenplatte.de\/speisen\/wp-json\/wp\/v2\/comments?post=117611"}],"version-history":[{"count":3,"href":"https:\/\/www.vorspeisenplatte.de\/speisen\/wp-json\/wp\/v2\/posts\/117611\/revisions"}],"predecessor-version":[{"id":118349,"href":"https:\/\/www.vorspeisenplatte.de\/speisen\/wp-json\/wp\/v2\/posts\/117611\/revisions\/118349"}],"wp:attachment":[{"href":"https:\/\/www.vorspeisenplatte.de\/speisen\/wp-json\/wp\/v2\/media?parent=117611"}],"wp:term":[{"taxonomy":"category","embeddable":true,"href":"https:\/\/www.vorspeisenplatte.de\/speisen\/wp-json\/wp\/v2\/categories?post=117611"},{"taxonomy":"post_tag","embeddable":true,"href":"https:\/\/www.vorspeisenplatte.de\/speisen\/wp-json\/wp\/v2\/tags?post=117611"}],"curies":[{"name":"wp","href":"https:\/\/api.w.org\/{rel}","templated":true}]}}