{"id":118883,"date":"2026-04-28T05:37:26","date_gmt":"2026-04-28T03:37:26","guid":{"rendered":"https:\/\/www.vorspeisenplatte.de\/speisen\/?p=118883"},"modified":"2026-04-28T05:37:26","modified_gmt":"2026-04-28T03:37:26","slug":"journal-montag-27-april-2026-beifang-aus-dem-internetz","status":"publish","type":"post","link":"https:\/\/www.vorspeisenplatte.de\/speisen\/2026\/04\/journal-montag-27-april-2026-beifang-aus-dem-internetz.htm","title":{"rendered":"Journal Montag, 27. April 2026 &#8211; Beifang aus dem Internetz"},"content":{"rendered":"<p>Eher unruhiger Schlaf mit vielen Unterbrechungen, unter anderem wegen chlorschnupfig zugezogenen Nasenschleimh\u00e4uten, doch das Wochenende war erholsam genug f\u00fcr Kompensation gewesen.<\/p>\n<p>Sonniger, k\u00fchler Weg in die Arbeit.<\/p>\n<p><a href=\"https:\/\/www.vorspeisenplatte.de\/speisen\/archiv\/260427_04_Anglerstr.jpg\"><img loading=\"lazy\" decoding=\"async\" src=\"https:\/\/www.vorspeisenplatte.de\/speisen\/archiv\/260427_04_Anglerstr.jpg\" alt=\"\" width=\"345\" height=\"505\" class=\"alignnone size-full wp-image-118908\" \/><\/a><\/p>\n<p>Start der Glyzinienbl\u00fcte!<\/p>\n<p>Ereignisreicher Arbeitsvormittag, wirklich geplant war davon eigentlich nur eine Info-Veranstaltung zur hauseigenen Generativen KI: Nichts war mir wirklich neu, mir f\u00e4llt weiterhin keine T\u00e4tigkeit in meinem Arbeitsalltag ein, f\u00fcr die ich sie nutzen k\u00f6nne (ich w\u00fcrde WIRKLICH gerne mal!).<\/p>\n<p>Quersch\u00fcsse von mehreren Seiten, gegen elf kam ich wieder halbwegs zu mir. Und hastete gleich mal raus in die sch\u00f6ne Sonne auf einen Mittagscappuccino.<\/p>\n<p><a href=\"https:\/\/www.vorspeisenplatte.de\/speisen\/archiv\/260427_07_NottingHill.jpg\"><img loading=\"lazy\" decoding=\"async\" src=\"https:\/\/www.vorspeisenplatte.de\/speisen\/archiv\/260427_07_NottingHill.jpg\" alt=\"\" width=\"363\" height=\"484\" class=\"alignnone size-full wp-image-118912\" \/><\/a><\/p>\n<p>Zur\u00fcck im B\u00fcro mehr Hasten, das Mittagessen wurde sp\u00e4t: Apfel, letzte Aprikosen, Skyr mit Joghurt und Leinsamenschrot.<\/p>\n<p>Nachmittag mit Arbeit, die mich viel menschliche \u00dcberwindung kostete. Keinen \u00c4rger eingehandelt, vor Erleichterung im Smalltalk fast ehrlich gewesen.<\/p>\n<p>Heimweg \u00fcber Lebensmitteleink\u00e4ufe. Den Kartoffelsalat f\u00fcrs Abendessen hatte ich ja schon am Sonntag vorbereitet, er sollte mit Fischst\u00e4bchen verpartnert werden (<a href=\"https:\/\/mastodon.social\/@tazgetroete\/116474905581213121\" target=\"_blank\">NICHT hiervon inspiriert!<\/a>). Die besorgte ich noch (legte die 26-St\u00fcck-Packung brav wieder zur\u00fcck und nahm nur 15 St\u00fcck mit).<\/p>\n<p>Daheim die Balkont\u00fcr ge\u00f6ffnet, nach H\u00e4uslichkeiten eine sch\u00f6ne Folge Yoga.<\/p>\n<p><a href=\"https:\/\/www.vorspeisenplatte.de\/speisen\/archiv\/260427_13_Nachtmahl.jpg\"><img loading=\"lazy\" decoding=\"async\" src=\"https:\/\/www.vorspeisenplatte.de\/speisen\/archiv\/260427_13_Nachtmahl.jpg\" alt=\"\" width=\"419\" height=\"327\" class=\"alignnone size-full wp-image-118913\" \/><\/a><\/p>\n<p>Herr Kaltmamsell garte die Fischst\u00e4bchen im Ofen, dort wurden sie zwar nicht knusprig, aber trotzdem gut. Nachtisch Schokolade.<\/p>\n<p>Fr\u00fch ins Bett getorkelt, zu m\u00fcde zum Lesen<\/p>\n<p>\u00a7<\/p>\n<p>Vielleicht erlebe ich gerade an meiner eigenen Reaktion auf Generative KI, wie viele andere auf das Thema &#8220;Social Media&#8221; reagierten und reagieren: Meine Abwehr und mein Widerwillen richtet sich in Wirklichkeit gegen Anwendungen und Ergebnisse &#8211; vor allem die kitschigen Bilder widern mich an, sie tauchen mittlerweile auch in meinem Berufsleben immer h\u00e4ufiger auf.<br \/>\n(Die eigentliche Technik und ihre M\u00f6glichkeiten finde ich ja aufregend und gro\u00dfartig.)<\/p>\n<p>\u00a7<\/p>\n<p>katatonik h\u00e4lt sich gerade in Japan auf und berichtet, <a href=\"https:\/\/campcatatonia.org\/article\/2708\/Die107FluesseTokioszumindesteinerdavon\" target=\"_blank\">hier geht&#8217;s los<\/a>. Unter anderem besonders, weil sie l\u00e4ngere Jahre in Japan gelebt hat.<\/p>\n<p>\u00a7<\/p>\n<p>Roger Rosenblatt schreibt in der <i>New York Times<\/i> eine Hymne auf alte Frauen:<br \/>\n<a href=\"https:\/\/www.nytimes.com\/2026\/04\/18\/opinion\/aging-women-beauty.html\" target=\"_blank\">&#8220;My Wife Is 85. She Takes My Breath Away.&#8221;<\/a><\/p>\n<p>\u00a7<\/p>\n<p><a href=\"https:\/\/www.derstandard.de\/story\/3000000317766\/wissenschaftserklaererin-nguyen-kim-wir-ueberschaetzen-voellig-was-rationalitaet-leisten-kann\" target=\"_blank\">&#8220;Wissenschaftserkl\u00e4rerin Nguyen-Kim: &#8216;Wir \u00fcbersch\u00e4tzen v\u00f6llig, was Rationalit\u00e4t leisten kann'&#8221;.<\/a><\/p>\n<p>Interview mit vielen wichtigen Aspekten, unter anderem \u00fcber die Rolle von Vertrauen.<\/p>\n<p>\u00a7<\/p>\n<p>Seit einigen Fr\u00fchlingen bereitet mir der Anblick der bl\u00fchenden Testosteron-Zierkirschen ein ungutes Gef\u00fchl, und ich freue mich viel mehr \u00fcber die Bl\u00fcte tats\u00e4chlicher Obstb\u00e4ume. <a href=\"https:\/\/www.instagram.com\/reel\/DXhSvqjiCc6\/\" target=\"_blank\">Robinga Schn\u00f6gelr\u00f6gel kann erkl\u00e4ren, warum mein Gef\u00fchl begr\u00fcndet ist.<\/a> <img loading=\"lazy\" decoding=\"async\" src=\"https:\/\/vg09.met.vgwort.de\/na\/e9527af1faf24a5f9c8c0acf172e59ab\" width=\"1\" height=\"1\" alt=\"\"\/><\/p>\n","protected":false},"excerpt":{"rendered":"<p>Eher unruhiger Schlaf mit vielen Unterbrechungen, unter anderem wegen chlorschnupfig zugezogenen Nasenschleimh\u00e4uten, doch das Wochenende war erholsam genug f\u00fcr Kompensation gewesen. Sonniger, k\u00fchler Weg in die Arbeit. Start der Glyzinienbl\u00fcte! Ereignisreicher Arbeitsvormittag, wirklich geplant war davon eigentlich nur eine Info-Veranstaltung zur hauseigenen Generativen KI: Nichts war mir wirklich neu, mir f\u00e4llt weiterhin keine T\u00e4tigkeit in [&hellip;]<\/p>\n","protected":false},"author":2,"featured_media":0,"comment_status":"open","ping_status":"closed","sticky":false,"template":"","format":"standard","meta":{"footnotes":""},"categories":[6,2,1],"tags":[],"class_list":["post-118883","post","type-post","status-publish","format-standard","hentry","category-essen","category-fotos","category-general"],"_links":{"self":[{"href":"https:\/\/www.vorspeisenplatte.de\/speisen\/wp-json\/wp\/v2\/posts\/118883","targetHints":{"allow":["GET"]}}],"collection":[{"href":"https:\/\/www.vorspeisenplatte.de\/speisen\/wp-json\/wp\/v2\/posts"}],"about":[{"href":"https:\/\/www.vorspeisenplatte.de\/speisen\/wp-json\/wp\/v2\/types\/post"}],"author":[{"embeddable":true,"href":"https:\/\/www.vorspeisenplatte.de\/speisen\/wp-json\/wp\/v2\/users\/2"}],"replies":[{"embeddable":true,"href":"https:\/\/www.vorspeisenplatte.de\/speisen\/wp-json\/wp\/v2\/comments?post=118883"}],"version-history":[{"count":3,"href":"https:\/\/www.vorspeisenplatte.de\/speisen\/wp-json\/wp\/v2\/posts\/118883\/revisions"}],"predecessor-version":[{"id":118922,"href":"https:\/\/www.vorspeisenplatte.de\/speisen\/wp-json\/wp\/v2\/posts\/118883\/revisions\/118922"}],"wp:attachment":[{"href":"https:\/\/www.vorspeisenplatte.de\/speisen\/wp-json\/wp\/v2\/media?parent=118883"}],"wp:term":[{"taxonomy":"category","embeddable":true,"href":"https:\/\/www.vorspeisenplatte.de\/speisen\/wp-json\/wp\/v2\/categories?post=118883"},{"taxonomy":"post_tag","embeddable":true,"href":"https:\/\/www.vorspeisenplatte.de\/speisen\/wp-json\/wp\/v2\/tags?post=118883"}],"curies":[{"name":"wp","href":"https:\/\/api.w.org\/{rel}","templated":true}]}}