{"id":118932,"date":"2026-04-30T06:31:29","date_gmt":"2026-04-30T04:31:29","guid":{"rendered":"https:\/\/www.vorspeisenplatte.de\/speisen\/?p=118932"},"modified":"2026-04-30T06:31:29","modified_gmt":"2026-04-30T04:31:29","slug":"journal-mittwoch-28-april-2026-schmerzensueberlegungen","status":"publish","type":"post","link":"https:\/\/www.vorspeisenplatte.de\/speisen\/2026\/04\/journal-mittwoch-28-april-2026-schmerzensueberlegungen.htm","title":{"rendered":"Journal Mittwoch, 28. April 2026 &#8211; Schmerzens\u00fcberlegungen"},"content":{"rendered":"<p>Nachts mit Zahn-\/Gesichtsschmerzen aufgewacht, auf dem Weg in die Arbeit (bedeckter Himmel, k\u00fchle Luft) komplett davon abgelenkt gewesen, am Schreibtisch sofort eine Ibu genommen und als Erstes einen Hausarzttermin f\u00fcr Donnerstagmorgen erklickt.<br \/>\n(Nicht wirklich als Erstes: Ich war noch nicht mal in meinem Rechner eingeloggt, als mich bereits die ersten Quersch\u00fcsse ereilten &#8211; sagen wir als F\u00fcnftes).<br \/>\nIbu wirkte auch diesmal schnell und gr\u00fcndlich, also wohl nix mit Nerven (und angefangen hat der Mist ja zudem vergangenen Dezember mit einem Hauptwehzahn auf der anderen Seite). Netter Nebeneffekt: Die Ibu nahm die aktuellen LWS-Basisschmerzen auch gleich mit, super.<br \/>\nIch merkte, wie wenig Hoffnung ich mir auf Hilfe vom Arzt machte: Wenn das Aua nicht schon einer Laiin klar ist, also z.B. Wunde, Bruch, Infekt, Ausschlag, Auswurf oder Wucherung, und wenn selbst bildgebende Diagnostik wie in meinem Fall R\u00f6ntgen nichts ergibt, k\u00f6nnen auch \u00c4rzt*innen nur rumvermuten. Nach einem Jahrzehnt Medizinstudium hoffentlich wenigstens deutlich fundierter als die Laiin.<\/p>\n<p>Emsiger Vormittag mit einem Schreck-Moment: Pl\u00f6tzlich erschienen zwei wichtige E-Mails in meinem Outlook-Postfach, die morgens noch nicht dagewesen waren (ich arbeite gr\u00fcndlich chronologisch), aber abgeschickt am sp\u00e4ten Vorabend. Bis Mittag vergewisserte ich mich immer wieder, dass nicht weiter unten im E-Mail-Postfach, also noch l\u00e4nger zur\u00fcckliegend, neues Altes eingetroffen war.<\/p>\n<p><a href=\"https:\/\/www.vorspeisenplatte.de\/speisen\/archiv\/260429_02_Buerohausblick.jpg\"><img loading=\"lazy\" decoding=\"async\" src=\"https:\/\/www.vorspeisenplatte.de\/speisen\/archiv\/260429_02_Buerohausblick.jpg\" alt=\"\" width=\"610\" height=\"450\" class=\"alignnone size-full \" \/><\/a><\/p>\n<p>Meinen Mittagscppuccino holte ich mir wieder aus der Cafeteria, mehr Lust hatte ich n\u00e4mlich auf eine mitt\u00e4gliche Runde um die Bl\u00f6cke. Es war windig und k\u00fchl, die immer deutlichere Sonne w\u00e4rmte angenehm, die Fr\u00fchlingsfarben knallten ordentlich.<\/p>\n<p>Zur\u00fcck am Schreibtisch gab&#8217;s zu Mittag Skyr mit Joghurt und Leinsamenschrot, au\u00dferdem eine m\u00e4chtige Banane in perfekter Unreife\/Anreife. Ergebnis Bettschwere, an einem Arbeitstag ung\u00fcnstig.<\/p>\n<p>Dennoch einiges weggeschafft. Nach Feierabend \u00fcber Obst- und Gem\u00fcsek\u00e4ufe nach Hause, die Luft aprilig frisch &#8211; doch die Sonne brachte einige Menschen zu Hochsommerkleidung.<\/p>\n<p>Faszination k\u00fcnstliche Wimpern: Gestern begegneten mir welche auf zwei weiblichen Augenlidern, die lang, weich und dicht aussahen, Farbe ca. brauner Nerzmantel, vor allem aber so schmal gestutzt, dass sie nicht mal \u00fcber zwei Drittel der Lidl\u00e4nge reichten. Vorheriges Leben als Pinsel?<\/p>\n<p>Ich schloss eine leere Wohnung auf, Herr Kaltmamsell verbrachte den Abend aush\u00e4usig. Nach H\u00e4uslichkeiten turnte ich eine halbe Stunde Pilates, ich bin wieder zwischen zwei 30-Tage-Programmen Yoga.<\/p>\n<p>Als Abendessen machte ich mir mit schon am Dienstag gekochten Beluga-Linsen einen Salat: Gurke, rote Paprika, Schnittlauch untergemischt. Nachtisch Schokolade.<\/p>\n<p>Fr\u00fch ins Bett zum Lesen.<\/p>\n<p>\u00a7<\/p>\n<p>Mahnender, wichtiger Text \u00fcber Vorsorge in digitalen Zeiten:<br \/>\n<a href=\"https:\/\/staude.net\/alles-ist-gebackupt-nur-der-zugriff-nicht\/\" target=\"_blank\">&#8220;Alles ist gebackupt. Nur der Zugriff nicht.&#8221;<\/a><\/p>\n<p>Frank Neumann-Staude beschreibt, &#8220;Was meine Frau am Schreibtisch fand, w\u00e4hrend ich im Koma lag&#8221;.<\/p>\n<p>Das hat mich aufgeschreckt: Meine vern\u00fcnftigen Eltern haben eine Vorsorgevollmacht eingerichtet, selbst habe ich zwar eine Patientenverf\u00fcgung (in der roten Mappe im Aktenordner-Regal in der Bibliothek), ein kurzes Testament, offiziellen Zugriff auf meine Bankkonten f\u00fcr Herrn Kaltmamsell eingerichtet &#8211; aber das war&#8217;s.<\/p>\n<p>Fester Vorsatz: Mich mit Herrn Kaltmamsell in den Pfingsferien zusammensetzen und durchgehen, wer welche Dienste\/Versicherungen hat und bezahlt, wie wir einander Online-Zug\u00e4nge sichern k\u00f6nnen, Passwort-Verm\u00e4chtnis &#8211; und das Ergebnis schriftlich festhalten.<\/p>\n<p>\u00a7<\/p>\n<p>M\u00fcnchen in einem Wort:<br \/>\n<a href=\"https:\/\/www.br.de\/nachrichten\/bayern\/muenchen-plant-schampus-duschen-verbot-auf-der-wiesn\" target=\"_blank\">&#8220;Schampus-Duschen-Verbot&#8221;.<\/a><\/p>\n<p>(Etwas wacklig ist meines Erachtens die Begr\u00fcndung, das entspreche nicht &#8220;der Tradition und Strahlkraft des Oktoberfests&#8221;: Oktoberfest-Tradition ist doch belegbar alles, was mindestens zweimal dort stattgefunden hat.)<\/p>\n<p>\u00a7<\/p>\n<p>Wibke Ladwig kenne ich schon sehr lange aus dem Internet, und darin erz\u00e4hlt sie immer wieder von dem Kleingarten, den sie seit drei Jahren bewirtschaftet, mit mitrei\u00dfender Begeisterung.<br \/>\nJetzt bekam sie dort Kamera-Besuch und zeigt eine halbe Stunde in ihrem Garten viele Details &#8211; die sogar mich sehr Gartenferne interessierten.<\/p>\n<div class=\"video-wrapped\" style=\"width: 500px; height: 281px; background-image: url('https:\/\/www.vorspeisenplatte.de\/speisen\/wp-content\/plugins\/video-embed-privacy\/preview\/NZqnQVrxr0k.jpg')\" data-embed-frame=\"&lt;iframe title=&quot;Kleingarten = Spie\u00dfig? Dieser Garten beweist das Gegenteil! Artenvielfalt im naturnahem Kleingarten&quot; width=&quot;500&quot; height=&quot;281&quot; src=&quot;https:\/\/www.youtube.com\/embed\/NZqnQVrxr0k?feature=oembed&quot; frameborder=&quot;0&quot; allow=&quot;accelerometer; autoplay; clipboard-write; encrypted-media; gyroscope; picture-in-picture; web-share&quot; referrerpolicy=&quot;strict-origin-when-cross-origin&quot; allowfullscreen&gt;&lt;\/iframe&gt;\" data-embed-play=\"Abspielen&lt;div class=&quot;small&quot;&gt;Das Video wird von Youtube eingebettet abespielt. Es gilt die &lt;a href=&quot;https:\/\/www.google.com\/intl\/de\/policies\/privacy\/&quot; target=&quot;_blank&quot;&gt;Datenschutzerkl\u00e4rung von Google&lt;\/a&gt;&lt;\/div&gt;\">\n<div class=\"video-wrapped-nojs\">Aktivieren Sie JavaScript um das Video zu sehen.<br \/><a href=\"https:\/\/www.youtube.com\/watch?v=NZqnQVrxr0k\">https:\/\/www.youtube.com\/watch?v=NZqnQVrxr0k<\/a><\/div>\n<\/div>\n<p><img loading=\"lazy\" decoding=\"async\" src=\"https:\/\/vg09.met.vgwort.de\/na\/686c15a288d241a8bcdea1731b9b12bf\" width=\"1\" height=\"1\" alt=\"\"\/><\/p>\n","protected":false},"excerpt":{"rendered":"<p>Nachts mit Zahn-\/Gesichtsschmerzen aufgewacht, auf dem Weg in die Arbeit (bedeckter Himmel, k\u00fchle Luft) komplett davon abgelenkt gewesen, am Schreibtisch sofort eine Ibu genommen und als Erstes einen Hausarzttermin f\u00fcr Donnerstagmorgen erklickt. (Nicht wirklich als Erstes: Ich war noch nicht mal in meinem Rechner eingeloggt, als mich bereits die ersten Quersch\u00fcsse ereilten &#8211; sagen wir [&hellip;]<\/p>\n","protected":false},"author":2,"featured_media":0,"comment_status":"open","ping_status":"closed","sticky":false,"template":"","format":"standard","meta":{"footnotes":""},"categories":[1],"tags":[],"class_list":["post-118932","post","type-post","status-publish","format-standard","hentry","category-general"],"_links":{"self":[{"href":"https:\/\/www.vorspeisenplatte.de\/speisen\/wp-json\/wp\/v2\/posts\/118932","targetHints":{"allow":["GET"]}}],"collection":[{"href":"https:\/\/www.vorspeisenplatte.de\/speisen\/wp-json\/wp\/v2\/posts"}],"about":[{"href":"https:\/\/www.vorspeisenplatte.de\/speisen\/wp-json\/wp\/v2\/types\/post"}],"author":[{"embeddable":true,"href":"https:\/\/www.vorspeisenplatte.de\/speisen\/wp-json\/wp\/v2\/users\/2"}],"replies":[{"embeddable":true,"href":"https:\/\/www.vorspeisenplatte.de\/speisen\/wp-json\/wp\/v2\/comments?post=118932"}],"version-history":[{"count":3,"href":"https:\/\/www.vorspeisenplatte.de\/speisen\/wp-json\/wp\/v2\/posts\/118932\/revisions"}],"predecessor-version":[{"id":118974,"href":"https:\/\/www.vorspeisenplatte.de\/speisen\/wp-json\/wp\/v2\/posts\/118932\/revisions\/118974"}],"wp:attachment":[{"href":"https:\/\/www.vorspeisenplatte.de\/speisen\/wp-json\/wp\/v2\/media?parent=118932"}],"wp:term":[{"taxonomy":"category","embeddable":true,"href":"https:\/\/www.vorspeisenplatte.de\/speisen\/wp-json\/wp\/v2\/categories?post=118932"},{"taxonomy":"post_tag","embeddable":true,"href":"https:\/\/www.vorspeisenplatte.de\/speisen\/wp-json\/wp\/v2\/tags?post=118932"}],"curies":[{"name":"wp","href":"https:\/\/api.w.org\/{rel}","templated":true}]}}